{"id":316,"date":"2010-01-26T21:37:00","date_gmt":"2010-01-26T21:37:00","guid":{"rendered":"\/Blogg\/post\/gasp.aspx"},"modified":"2010-01-26T21:37:00","modified_gmt":"2010-01-26T21:37:00","slug":"gasp","status":"publish","type":"post","link":"https:\/\/blogg.fumei.se\/?p=316","title":{"rendered":"*g\u00e4sp*"},"content":{"rendered":"<p>Jag somnar snart &ouml;ver tangentbordet, men jag ville bara skriva n&aring;gra ord h&auml;r f&ouml;rst. Ig&aring;r jobbade jag dubbla pass och det var verkligen att g&ouml;ra hela tiden. Jag hade inte ens en ordentlig rast f&ouml;rr&auml;n klockan var runt 18, och d&aring; hade jag jobbat sen klockan 7. Jo, jag fick i mig mat, men det tog ungef&auml;r 7 minuter att v&auml;rma och skyffla in lunchen, s&aring; det r&auml;knas knappast som rast. Sektionsledaren ig&aring;r sa att alla skulle skriva upp f&ouml;rlorad rast. Hem kom jag ca 22.40 ig&aring;r kv&auml;ll, och det var v&auml;l meningen att jag skulle sova s&aring; fort som m&ouml;jligt, men jag slog p&aring; datorn och skulle bara kolla mailen lite snabbt medan jag borstade t&auml;nderna, men MSN startade automatiskt och en viss herre var online, s&aring; det blev en stunds chat. Bla n&auml;mnde han att om allt g&aring;r som det ska&nbsp;(l&auml;s: om migrationsverket s&auml;ger ja) s&aring; r&auml;knar han med att vara h&auml;r i slutet av Juni. *h&aring;ller tummarna*<br \/>I s&auml;ng kom jag runt midnatt, och sen fick jag sova hela 6 timmar innan det var dags att masa sig upp och iv&auml;g igen.<\/p>\n<p>Idag var det liiite lugnare p&aring; jobbet, och jag skulle egentligen ha jobbat fr&aring;n 7 till 16, men fick skjutit lite p&aring; det s&aring; att jag skulle jobba fr&aring;n 9 till 18. Runt luchtid b&ouml;rjade jag k&auml;nna av tr&ouml;ttheten igen, och vid 16-tiden sved det i &ouml;gonen, s&aring; d&aring; flexade jag hem.<br \/>Kv&auml;llens n&ouml;jen bestod av att handla, &auml;ta och se p&aring; tv, och nu ska jag strax sussa kudden igen. Imorgon &auml;r det &aring;terigen en h&aring;rd arbetsdag&#8230;<\/p>\n","protected":false},"excerpt":{"rendered":"<p>Jag somnar snart &ouml;ver tangentbordet, men jag ville bara skriva n&aring;gra ord h&auml;r f&ouml;rst. Ig&aring;r jobbade jag dubbla pass och det var verkligen att g&ouml;ra hela tiden. Jag hade inte ens en ordentlig rast f&ouml;rr&auml;n klockan var runt 18, och d&aring; hade jag jobbat sen klockan 7. Jo, jag fick i mig mat, men det&#8230;<\/p>\n","protected":false},"author":1,"featured_media":0,"comment_status":"open","ping_status":"open","sticky":false,"template":"","format":"standard","meta":{"jetpack_post_was_ever_published":false,"_jetpack_newsletter_access":"","_jetpack_dont_email_post_to_subs":false,"_jetpack_newsletter_tier_id":0,"_jetpack_memberships_contains_paywalled_content":false,"_jetpack_memberships_contains_paid_content":false,"footnotes":"","jetpack_publicize_message":"","jetpack_publicize_feature_enabled":true,"jetpack_social_post_already_shared":false,"jetpack_social_options":{"image_generator_settings":{"template":"highway","default_image_id":0,"font":"","enabled":false},"version":2}},"categories":[47],"tags":[],"class_list":["post-316","post","type-post","status-publish","format-standard","hentry","category-vardagsliv"],"jetpack_publicize_connections":[],"jetpack_featured_media_url":"","jetpack_shortlink":"https:\/\/wp.me\/s3qko4-gasp","jetpack_sharing_enabled":true,"jetpack_likes_enabled":true,"jetpack-related-posts":[{"id":274,"url":"https:\/\/blogg.fumei.se\/?p=274","url_meta":{"origin":316,"position":0},"title":"Mitt i veckan","author":"M :)","date":"2010-03-10","format":false,"excerpt":"Fast det \u00e4r det ju inte. Men p\u00e5 tyska heter onsdag Mittwoch, som betyder mittvecka, eller mitt-i-veckan. Jag tycker nog att torsdag \u00e4r mitt i veckan. Nog om det.I morse n\u00e4r jag kom till jobbet fick jag (som vanligt h\u00f6ll jag n\u00e4stan p\u00e5 att skriva) veta att jag skulle jobba\u2026","rel":"","context":"I \u201dVardagsliv\u201d","block_context":{"text":"Vardagsliv","link":"https:\/\/blogg.fumei.se\/?cat=47"},"img":{"alt_text":"","src":"","width":0,"height":0},"classes":[]},{"id":817,"url":"https:\/\/blogg.fumei.se\/?p=817","url_meta":{"origin":316,"position":1},"title":"Lustigt&#8230;","author":"M :)","date":"2009-01-11","format":false,"excerpt":"Idag n\u00e4r jag kom till jobbet blev det lite f\u00f6rvirring. Det visade sig n\u00e4mligen att jag inte stod med p\u00e5 tj\u00e4nstg\u00f6ringslistan! Men enligt mitt schema som jag har skrivit in i min kalender, s\u00e5 skulle jag jobba 14-21. Dessutom hade de satt upp Sylwia som sjuk, och hon stod bredvid\u2026","rel":"","context":"I \u201dVardagsliv\u201d","block_context":{"text":"Vardagsliv","link":"https:\/\/blogg.fumei.se\/?cat=47"},"img":{"alt_text":"","src":"","width":0,"height":0},"classes":[]},{"id":23,"url":"https:\/\/blogg.fumei.se\/?p=23","url_meta":{"origin":316,"position":2},"title":"Veckan som g\u00e5tt&#8230;","author":"M :)","date":"2011-07-24","format":false,"excerpt":"Ja, f\u00f6r det f\u00f6rsta var det sjukt mycket att g\u00f6ra p\u00e5 jobbet! Var kommer alla ungar ifr\u00e5n? Eller jag kanske ska fr\u00e5ga hur i helskotta alla gravida kvinnor kan vara i barnaf\u00f6dande fas samtidigt?? I tisdags hade jag tur och kyckades ta en del av min rast, men i fredags\u2026","rel":"","context":"I \u201dVardagsliv\u201d","block_context":{"text":"Vardagsliv","link":"https:\/\/blogg.fumei.se\/?cat=47"},"img":{"alt_text":"","src":"","width":0,"height":0},"classes":[]},{"id":149,"url":"https:\/\/blogg.fumei.se\/?p=149","url_meta":{"origin":316,"position":3},"title":"And the award goes to&#8230;","author":"M :)","date":"2010-12-02","format":false,"excerpt":"Jag har f\u00e5tt en bloggaward av [Nina] - TACK!!! - och med awarden f\u00f6ljer n\u00e5gra regler: Tacka den du har mottagit prisen ifr\u00e5n. Kopiera prism\u00e4rket till din blogg. Ber\u00e4tta vilka 3 f\u00f6rfattare du r\u00e4knar bland dina favoriter, och n\u00e4mn en favoritbok per f\u00f6rfattare. Skicka awarden vidare till 5 mottagare som\u2026","rel":"","context":"I \u201dVardagsliv\u201d","block_context":{"text":"Vardagsliv","link":"https:\/\/blogg.fumei.se\/?cat=47"},"img":{"alt_text":"","src":"","width":0,"height":0},"classes":[]},{"id":3985,"url":"https:\/\/blogg.fumei.se\/?p=3985","url_meta":{"origin":316,"position":4},"title":"H\u00f6r upp!","author":"M :)","date":"2016-12-06","format":false,"excerpt":"Innan jag flyttade till G\u00f6teborg var jag ju iv\u00e4g och kollade h\u00f6rseln f\u00f6r att eventuellt g\u00f6ra n\u00e5got \u00e5t den. H\u00e4r kan man l\u00e4sa om det. Nu tog jag tag i det d\u00e4r en g\u00e5ng f\u00f6r alla, s\u00e5 i oktober var jag p\u00e5 ny h\u00f6rselkontroll, och audionomen sa att i princip\u2026","rel":"","context":"I \u201dVardagsliv\u201d","block_context":{"text":"Vardagsliv","link":"https:\/\/blogg.fumei.se\/?cat=47"},"img":{"alt_text":"","src":"https:\/\/i0.wp.com\/blogg.fumei.se\/wp-content\/uploads\/2016\/12\/20161205_123507-180x180.jpg?resize=350%2C200","width":350,"height":200},"classes":[]},{"id":294,"url":"https:\/\/blogg.fumei.se\/?p=294","url_meta":{"origin":316,"position":5},"title":"Bleurgh","author":"M :)","date":"2010-02-19","format":false,"excerpt":"Har varit sjuk. Inte s\u00e5 mycket, men tillr\u00e4ckligt f\u00f6r att g\u00e5 hem tidigare och stanna hemma en dag. Det b\u00f6rjade med att jag hade lite huvudv\u00e4rk ig\u00e5r morse, men jag avf\u00e4rdade det med att jag var tr\u00f6tt. Klockan var ju trots allt bara 4.45 p\u00e5 morgonen. Kom till jobbet, tog\u2026","rel":"","context":"I \u201dVardagsliv\u201d","block_context":{"text":"Vardagsliv","link":"https:\/\/blogg.fumei.se\/?cat=47"},"img":{"alt_text":"","src":"","width":0,"height":0},"classes":[]}],"_links":{"self":[{"href":"https:\/\/blogg.fumei.se\/index.php?rest_route=\/wp\/v2\/posts\/316","targetHints":{"allow":["GET"]}}],"collection":[{"href":"https:\/\/blogg.fumei.se\/index.php?rest_route=\/wp\/v2\/posts"}],"about":[{"href":"https:\/\/blogg.fumei.se\/index.php?rest_route=\/wp\/v2\/types\/post"}],"author":[{"embeddable":true,"href":"https:\/\/blogg.fumei.se\/index.php?rest_route=\/wp\/v2\/users\/1"}],"replies":[{"embeddable":true,"href":"https:\/\/blogg.fumei.se\/index.php?rest_route=%2Fwp%2Fv2%2Fcomments&post=316"}],"version-history":[{"count":0,"href":"https:\/\/blogg.fumei.se\/index.php?rest_route=\/wp\/v2\/posts\/316\/revisions"}],"wp:attachment":[{"href":"https:\/\/blogg.fumei.se\/index.php?rest_route=%2Fwp%2Fv2%2Fmedia&parent=316"}],"wp:term":[{"taxonomy":"category","embeddable":true,"href":"https:\/\/blogg.fumei.se\/index.php?rest_route=%2Fwp%2Fv2%2Fcategories&post=316"},{"taxonomy":"post_tag","embeddable":true,"href":"https:\/\/blogg.fumei.se\/index.php?rest_route=%2Fwp%2Fv2%2Ftags&post=316"}],"curies":[{"name":"wp","href":"https:\/\/api.w.org\/{rel}","templated":true}]}}