{"id":3164,"date":"2013-12-23T17:59:04","date_gmt":"2013-12-23T16:59:04","guid":{"rendered":"http:\/\/blogg.fumei.se\/?p=3164"},"modified":"2013-12-24T07:46:33","modified_gmt":"2013-12-24T06:46:33","slug":"vad-har-hant-sen-sist","status":"publish","type":"post","link":"https:\/\/blogg.fumei.se\/?p=3164","title":{"rendered":"Vad har h\u00e4nt sen sist?"},"content":{"rendered":"<p>Tja, jag jobbar och pluggar och pluggar och jobbar. I princip \u00e4r det vad jag g\u00f6r. Men jag har hunnit leka modell f\u00f6r en dag (eller r\u00e4ttare sagt tv\u00e5 timmar), g\u00e5 p\u00e5 lagtr\u00e4ff med arbetskamraterna och \u00e4ta underbar mat p\u00e5 Tara&#8217;s, g\u00e5 p\u00e5 rockklubb och \u00e4ta julbordsmat som gjorde mig snudd p\u00e5 magsjuk, byta ut lite m\u00f6bler och andra attiraljer i hemmet (som nu b\u00f6rjar se lite mer ut som jag vill ha det, och inte som ett loppisgarage) och s\u00e5 har jag blivit underk\u00e4nd p\u00e5 en tenta.<\/p>\n<p>Va?? Johominsann, IG var resultatet p\u00e5 senaste tentan, en \u00f6verraskning f\u00f6r alla oss i gruppen (det var grupptenta). V\u00e5r l\u00e4rares kommentar var att vi ska ange inst\u00e4llningar f\u00f6r respirator och andra apparater (g\u00f6rs s\u00e4llan av uskor, mest av ssk), att vi skulle utveckla v\u00e5ra svar lite mer (hennes instruktioner innan provet var &#8221;svara bara p\u00e5 fr\u00e5gan s\u00e5 f\u00e5r ni r\u00e4tt&#8221;) och att vi skulle f\u00f6lja den r\u00f6da tr\u00e5den i fallet (vi fick fyra patientfall sammanfattade s\u00e5 fint, s\u00e5, och s\u00e5 fick vi ett antal fr\u00e5gor p\u00e5 varje fall &#8211; hur f\u00f6ljer man den r\u00f6da tr\u00e5den p\u00e5 annat s\u00e4tt \u00e4n att svara p\u00e5 fr\u00e5gorna om fallet i r\u00e4tt ordning?).<\/p>\n<p>S\u00e5 nu ska det bli omtenta i Januari. Det \u00e4r nog tamigsjutton f\u00f6rsta g\u00e5ngen i mitt liv som jag m\u00e5ste g\u00f6ra om ett prov! Jaja, n\u00e5gon g\u00e5ng ska vara den f\u00f6rsta&#8230;men j\u00e4kligt surt var det. det inneb\u00e4r ocks\u00e5 att mina lediga dagar inte l\u00e4ngre blir lediga.<\/p>\n<p>Imorgon \u00e4r det julafton. Den blir lite l\u00e4tt hektisk i \u00e5r. F\u00f6rst lunch hos mor och far; det blir jag och Robin, Fia och Linus, mor och far och Roberto.<br \/>\nSen ska jag till jobbet och g\u00f6ra ett kv\u00e4llspass som ska avslutas med en \u00f6l eller tv\u00e5 p\u00e5 n\u00e5gon julaftons\u00f6ppen pub eller krog med v\u00e4nner.<br \/>\nP\u00e5 Juldagen blir det lite mera jobb innan jag \u00e5ker hem igen f\u00f6r julmiddag (en dag f\u00f6rsent) hos mamma och pappa.<\/p>\n<p>Och i vanlig ordning har jag lyckats ordna klappar \u00e5t alla utom pappa. Jag har aldrig n\u00e5n susning om vad jag ska ge honom. Tror det f\u00e5r bli ett digitalt presentkort ink\u00f6pt i sista minuten via internet&#8230;<\/p>\n<p>N\u00e4sta inl\u00e4gg p\u00e5 den h\u00e4r bloggen dr\u00f6jer inte lika l\u00e4nge, det \u00e4r ju snart dags f\u00f6r \u00e5rets toppen- och bottenlista. Men f\u00f6r tillf\u00e4llet f\u00e5r det r\u00e4cka med ov\u00e4sentliga nyheter fr\u00e5n min v\u00e4rld. Tjipp och hej!<\/p>\n<p><a href=\"https:\/\/i0.wp.com\/blogg.fumei.se\/wp-content\/uploads\/2013\/12\/Julkort2010-emeff2010.gif?ssl=1\"><img data-recalc-dims=\"1\" loading=\"lazy\" decoding=\"async\" data-attachment-id=\"3168\" data-permalink=\"https:\/\/blogg.fumei.se\/?attachment_id=3168\" data-orig-file=\"https:\/\/i0.wp.com\/blogg.fumei.se\/wp-content\/uploads\/2013\/12\/Julkort2010-emeff2010.gif?fit=500%2C250&amp;ssl=1\" data-orig-size=\"500,250\" data-comments-opened=\"1\" data-image-meta=\"{&quot;aperture&quot;:&quot;0&quot;,&quot;credit&quot;:&quot;&quot;,&quot;camera&quot;:&quot;&quot;,&quot;caption&quot;:&quot;&quot;,&quot;created_timestamp&quot;:&quot;0&quot;,&quot;copyright&quot;:&quot;&quot;,&quot;focal_length&quot;:&quot;0&quot;,&quot;iso&quot;:&quot;0&quot;,&quot;shutter_speed&quot;:&quot;0&quot;,&quot;title&quot;:&quot;&quot;}\" data-image-title=\"Julkort2010-emeff2010\" data-image-description=\"\" data-image-caption=\"\" data-large-file=\"https:\/\/i0.wp.com\/blogg.fumei.se\/wp-content\/uploads\/2013\/12\/Julkort2010-emeff2010.gif?fit=500%2C250&amp;ssl=1\" class=\"aligncenter size-full wp-image-3168\" alt=\"Julkort2010-emeff2010\" src=\"https:\/\/i0.wp.com\/blogg.fumei.se\/wp-content\/uploads\/2013\/12\/Julkort2010-emeff2010.gif?resize=500%2C250&#038;ssl=1\" width=\"500\" height=\"250\" \/><\/a><\/p>\n","protected":false},"excerpt":{"rendered":"<p>Tja, jag jobbar och pluggar och pluggar och jobbar. I princip \u00e4r det vad jag g\u00f6r. Men jag har hunnit leka modell f\u00f6r en dag (eller r\u00e4ttare sagt tv\u00e5 timmar), g\u00e5 p\u00e5 lagtr\u00e4ff med arbetskamraterna och \u00e4ta underbar mat p\u00e5 Tara&#8217;s, g\u00e5 p\u00e5 rockklubb och \u00e4ta julbordsmat som gjorde mig snudd p\u00e5 magsjuk, byta ut&#8230;<\/p>\n","protected":false},"author":1,"featured_media":0,"comment_status":"open","ping_status":"open","sticky":false,"template":"","format":"standard","meta":{"jetpack_post_was_ever_published":false,"_jetpack_newsletter_access":"","_jetpack_dont_email_post_to_subs":false,"_jetpack_newsletter_tier_id":0,"_jetpack_memberships_contains_paywalled_content":false,"_jetpack_memberships_contains_paid_content":false,"footnotes":"","jetpack_publicize_message":"","jetpack_publicize_feature_enabled":true,"jetpack_social_post_already_shared":true,"jetpack_social_options":{"image_generator_settings":{"template":"highway","default_image_id":0,"font":"","enabled":false},"version":2}},"categories":[47],"tags":[88,293,89,280,292],"class_list":["post-3164","post","type-post","status-publish","format-standard","hentry","category-vardagsliv","tag-jul","tag-julafton","tag-julklappar","tag-skola","tag-tenta"],"jetpack_publicize_connections":[],"jetpack_featured_media_url":"","jetpack_shortlink":"https:\/\/wp.me\/p3qko4-P2","jetpack_sharing_enabled":true,"jetpack_likes_enabled":true,"jetpack-related-posts":[{"id":265,"url":"https:\/\/blogg.fumei.se\/?p=265","url_meta":{"origin":3164,"position":0},"title":"Tjej&#038;Killsnack vecka 12","author":"EmEff","date":"2010-03-23","format":false,"excerpt":"L\u00e4s mer om vad TJEJ&KILLSNACK \u00e4r\/hitta alla fr\u00e5gor h\u00e4r. Rutiner 1. Hur ser dina ink\u00f6psvanor ut?Jag storhandlar en g\u00e5ng i m\u00e5nade. D\u00e5 k\u00f6per jag allt som g\u00e5r att frysa in och alla konserver och torrvaror, allts\u00e5 s\u00e5nt som h\u00e5ller l\u00e4nge. Sen brukar det bli ett par v\u00e4ndor till aff\u00e4ren varje\u2026","rel":"","context":"I \u201dVardagsliv\u201d","block_context":{"text":"Vardagsliv","link":"https:\/\/blogg.fumei.se\/?cat=47"},"img":{"alt_text":"","src":"","width":0,"height":0},"classes":[]},{"id":760,"url":"https:\/\/blogg.fumei.se\/?p=760","url_meta":{"origin":3164,"position":1},"title":"Det \u00e4r bara att konstatera","author":"M :)","date":"2008-12-05","format":false,"excerpt":"Min dotter har f\u00e5tt samma d\u00e5liga sinne f\u00f6r matematik som jag. Idag fick jag hem ett \"avtal\" som jag och Fia ska skriva p\u00e5. Det inneb\u00e4r egentligen bara att Fia g\u00e5r med p\u00e5 att g\u00e5 p\u00e5 l\u00e4xhj\u00e4lp en dag i veckan och att hon offrar sin sovmorgon varje tisdag f\u00f6r\u2026","rel":"","context":"I \u201dVardagsliv\u201d","block_context":{"text":"Vardagsliv","link":"https:\/\/blogg.fumei.se\/?cat=47"},"img":{"alt_text":"","src":"","width":0,"height":0},"classes":[]},{"id":3094,"url":"https:\/\/blogg.fumei.se\/?p=3094","url_meta":{"origin":3164,"position":2},"title":"Pluggh\u00e4st","author":"M :)","date":"2013-07-18","format":false,"excerpt":"Japp, det \u00e4r jag, det! Snart i alla fall. Jag s\u00f6kte n\u00e4mligen en utbildning till specialistundersk\u00f6terska, och f\u00f6r n\u00e5gra veckor sedan fick jag veta att jag kommit in! Men jag ville inte g\u00e5 ut med det till alla f\u00f6rr\u00e4n jag var s\u00e4ker p\u00e5 att det skulle ordna sig med det\u2026","rel":"","context":"I \u201dVardagsliv\u201d","block_context":{"text":"Vardagsliv","link":"https:\/\/blogg.fumei.se\/?cat=47"},"img":{"alt_text":"specusk","src":"https:\/\/i0.wp.com\/blogg.fumei.se\/wp-content\/uploads\/2013\/07\/specusk-300x167.jpg?resize=350%2C200","width":350,"height":200},"classes":[]},{"id":3124,"url":"https:\/\/blogg.fumei.se\/?p=3124","url_meta":{"origin":3164,"position":3},"title":"Ska man skratta eller gr\u00e5ta?","author":"M :)","date":"2013-09-15","format":false,"excerpt":"Numera \u00e4r jag ju student, och fattig s\u00e5dan dessutom. Men kursb\u00f6cker m\u00e5ste man ju \u00e4nd\u00e5 ha f\u00f6r \u00e4nd\u00e5 att kunna plugga, s\u00e5 jag lade ut en annons p\u00e5 Blocket med en lista p\u00e5 de b\u00f6cker jag ville k\u00f6pa. Jag fick ett par snabba svar, och valde ut en som beg\u00e4rde\u2026","rel":"","context":"I \u201dVardagsliv\u201d","block_context":{"text":"Vardagsliv","link":"https:\/\/blogg.fumei.se\/?cat=47"},"img":{"alt_text":"","src":"","width":0,"height":0},"classes":[]},{"id":3130,"url":"https:\/\/blogg.fumei.se\/?p=3130","url_meta":{"origin":3164,"position":4},"title":"Plugg och lite annat. Men mest plugg.","author":"M :)","date":"2013-10-24","format":false,"excerpt":"I skolan g\u00e5r det bra, tackar som fr\u00e5gar. Nu har vi klarat av f\u00f6rsta blocket\/kursen som var anatomi och fysiologi. Ett stort och tungt \u00e4mne, inte minst n\u00e4r man - p\u00e5 proven - \u00f6verrumplas av fr\u00e5gor om saker man inte f\u00e5tt veta att man b\u00f6r kunna. Men jag klarade mig,\u2026","rel":"","context":"I \u201dVardagsliv\u201d","block_context":{"text":"Vardagsliv","link":"https:\/\/blogg.fumei.se\/?cat=47"},"img":{"alt_text":"","src":"","width":0,"height":0},"classes":[]},{"id":110,"url":"https:\/\/blogg.fumei.se\/?p=110","url_meta":{"origin":3164,"position":5},"title":"Avst\u00e4mning","author":"M :)","date":"2011-01-23","format":false,"excerpt":"Fyra veckor med LCHF, och \u00e4nnu ett kilo ner\u00e5t p\u00e5 v\u00e5gen! \u00a0Jag kan bara s\u00e4ga en sak, och det \u00e4r att jag \u00e4lskar den h\u00e4r dieten! Jag \u00e4ter gott, jag m\u00e5r bra, jag k\u00e4nner hur kl\u00e4derna - eller i alla fall mina byxor - sitter lite b\u00e4ttre redan, och jag\u2026","rel":"","context":"I \u201dVardagsliv\u201d","block_context":{"text":"Vardagsliv","link":"https:\/\/blogg.fumei.se\/?cat=47"},"img":{"alt_text":"","src":"","width":0,"height":0},"classes":[]}],"_links":{"self":[{"href":"https:\/\/blogg.fumei.se\/index.php?rest_route=\/wp\/v2\/posts\/3164","targetHints":{"allow":["GET"]}}],"collection":[{"href":"https:\/\/blogg.fumei.se\/index.php?rest_route=\/wp\/v2\/posts"}],"about":[{"href":"https:\/\/blogg.fumei.se\/index.php?rest_route=\/wp\/v2\/types\/post"}],"author":[{"embeddable":true,"href":"https:\/\/blogg.fumei.se\/index.php?rest_route=\/wp\/v2\/users\/1"}],"replies":[{"embeddable":true,"href":"https:\/\/blogg.fumei.se\/index.php?rest_route=%2Fwp%2Fv2%2Fcomments&post=3164"}],"version-history":[{"count":2,"href":"https:\/\/blogg.fumei.se\/index.php?rest_route=\/wp\/v2\/posts\/3164\/revisions"}],"predecessor-version":[{"id":3169,"href":"https:\/\/blogg.fumei.se\/index.php?rest_route=\/wp\/v2\/posts\/3164\/revisions\/3169"}],"wp:attachment":[{"href":"https:\/\/blogg.fumei.se\/index.php?rest_route=%2Fwp%2Fv2%2Fmedia&parent=3164"}],"wp:term":[{"taxonomy":"category","embeddable":true,"href":"https:\/\/blogg.fumei.se\/index.php?rest_route=%2Fwp%2Fv2%2Fcategories&post=3164"},{"taxonomy":"post_tag","embeddable":true,"href":"https:\/\/blogg.fumei.se\/index.php?rest_route=%2Fwp%2Fv2%2Ftags&post=3164"}],"curies":[{"name":"wp","href":"https:\/\/api.w.org\/{rel}","templated":true}]}}