{"id":3170,"date":"2014-01-09T11:58:31","date_gmt":"2014-01-09T10:58:31","guid":{"rendered":"http:\/\/blogg.fumei.se\/?p=3170"},"modified":"2014-01-09T11:58:31","modified_gmt":"2014-01-09T10:58:31","slug":"stora-damen","status":"publish","type":"post","link":"https:\/\/blogg.fumei.se\/?p=3170","title":{"rendered":"Stora damen!"},"content":{"rendered":"<p style=\"text-align: center;\"><span style=\"color: #993366;\">Idag fyller minsta brorsdottern f\u00f6rskoleklass, minsann!<\/span><\/p>\n<h1 style=\"text-align: center;\"><span style=\"color: #993366;\">GRATTIS <\/span><\/h1>\n<p style=\"text-align: center;\"><span style=\"color: #993366;\">\u00f6nskar faster, Fia, Robin, Tassan och Kattja &lt;3<\/span><\/p>\n<p><a href=\"https:\/\/i0.wp.com\/blogg.fumei.se\/wp-content\/uploads\/2014\/01\/Lovisa6-emeff2014.png?ssl=1\"><img data-recalc-dims=\"1\" loading=\"lazy\" decoding=\"async\" data-attachment-id=\"3171\" data-permalink=\"https:\/\/blogg.fumei.se\/?attachment_id=3171\" data-orig-file=\"https:\/\/i0.wp.com\/blogg.fumei.se\/wp-content\/uploads\/2014\/01\/Lovisa6-emeff2014.png?fit=600%2C600&amp;ssl=1\" data-orig-size=\"600,600\" data-comments-opened=\"1\" data-image-meta=\"{&quot;aperture&quot;:&quot;0&quot;,&quot;credit&quot;:&quot;&quot;,&quot;camera&quot;:&quot;&quot;,&quot;caption&quot;:&quot;&quot;,&quot;created_timestamp&quot;:&quot;0&quot;,&quot;copyright&quot;:&quot;&quot;,&quot;focal_length&quot;:&quot;0&quot;,&quot;iso&quot;:&quot;0&quot;,&quot;shutter_speed&quot;:&quot;0&quot;,&quot;title&quot;:&quot;&quot;}\" data-image-title=\"Lovisa6-emeff2014\" data-image-description=\"\" data-image-caption=\"\" data-large-file=\"https:\/\/i0.wp.com\/blogg.fumei.se\/wp-content\/uploads\/2014\/01\/Lovisa6-emeff2014.png?fit=600%2C600&amp;ssl=1\" class=\"aligncenter size-full wp-image-3171\" alt=\"Lovisa6-emeff2014\" src=\"https:\/\/i0.wp.com\/blogg.fumei.se\/wp-content\/uploads\/2014\/01\/Lovisa6-emeff2014.png?resize=600%2C600&#038;ssl=1\" width=\"600\" height=\"600\" srcset=\"https:\/\/i0.wp.com\/blogg.fumei.se\/wp-content\/uploads\/2014\/01\/Lovisa6-emeff2014.png?w=600&amp;ssl=1 600w, https:\/\/i0.wp.com\/blogg.fumei.se\/wp-content\/uploads\/2014\/01\/Lovisa6-emeff2014.png?resize=180%2C180&amp;ssl=1 180w, https:\/\/i0.wp.com\/blogg.fumei.se\/wp-content\/uploads\/2014\/01\/Lovisa6-emeff2014.png?resize=300%2C300&amp;ssl=1 300w\" sizes=\"auto, (max-width: 600px) 100vw, 600px\" \/><\/a><\/p>\n","protected":false},"excerpt":{"rendered":"<p>Idag fyller minsta brorsdottern f\u00f6rskoleklass, minsann! GRATTIS \u00f6nskar faster, Fia, Robin, Tassan och Kattja &lt;3<\/p>\n","protected":false},"author":1,"featured_media":0,"comment_status":"open","ping_status":"open","sticky":false,"template":"","format":"standard","meta":{"jetpack_post_was_ever_published":false,"_jetpack_newsletter_access":"","_jetpack_dont_email_post_to_subs":false,"_jetpack_newsletter_tier_id":0,"_jetpack_memberships_contains_paywalled_content":false,"_jetpack_memberships_contains_paid_content":false,"footnotes":"","jetpack_publicize_message":"","jetpack_publicize_feature_enabled":true,"jetpack_social_post_already_shared":true,"jetpack_social_options":{"image_generator_settings":{"template":"highway","default_image_id":0,"font":"","enabled":false},"version":2}},"categories":[47],"tags":[],"class_list":["post-3170","post","type-post","status-publish","format-standard","hentry","category-vardagsliv"],"jetpack_publicize_connections":[],"jetpack_featured_media_url":"","jetpack_shortlink":"https:\/\/wp.me\/p3qko4-P8","jetpack_sharing_enabled":true,"jetpack_likes_enabled":true,"jetpack-related-posts":[{"id":3173,"url":"https:\/\/blogg.fumei.se\/?p=3173","url_meta":{"origin":3170,"position":0},"title":"F\u00f6&#8217;lsedagsdags! (igen)","author":"M :)","date":"2014-01-17","format":false,"excerpt":"Den h\u00e4r g\u00e5ngen \u00e4r det lillprinsen Victor som fyller hela 5 \u00e5r! GRATTIS \u00f6nskar faster, Fia, Robin, Tassan & Kattja","rel":"","context":"I \u201dVardagsliv\u201d","block_context":{"text":"Vardagsliv","link":"https:\/\/blogg.fumei.se\/?cat=47"},"img":{"alt_text":"Victor5-emeff2014","src":"https:\/\/i0.wp.com\/blogg.fumei.se\/wp-content\/uploads\/2014\/01\/Victor5-emeff2014.png?resize=350%2C200","width":350,"height":200,"srcset":"https:\/\/i0.wp.com\/blogg.fumei.se\/wp-content\/uploads\/2014\/01\/Victor5-emeff2014.png?resize=350%2C200 1x, https:\/\/i0.wp.com\/blogg.fumei.se\/wp-content\/uploads\/2014\/01\/Victor5-emeff2014.png?resize=525%2C300 1.5x"},"classes":[]},{"id":4507,"url":"https:\/\/blogg.fumei.se\/?p=4507","url_meta":{"origin":3170,"position":1},"title":"Grattis Bella!","author":"M :)","date":"2018-03-13","format":false,"excerpt":"Idag fyller \u00e4ldsta brorsdottern myndig. Vi hurrar och gratulerar f\u00f6r dig idag! GRATTIS \u00f6nskar pappa farmor faster Fia, Linus, Juliah Robin Silvio Lovisa & Victor Ilse & Magnus Frida & Tyra","rel":"","context":"I \u201dFamiljen\u201d","block_context":{"text":"Familjen","link":"https:\/\/blogg.fumei.se\/?cat=34"},"img":{"alt_text":"","src":"https:\/\/i0.wp.com\/blogg.fumei.se\/wp-content\/uploads\/2018\/03\/Bella18-emeff2018.png?resize=350%2C200","width":350,"height":200,"srcset":"https:\/\/i0.wp.com\/blogg.fumei.se\/wp-content\/uploads\/2018\/03\/Bella18-emeff2018.png?resize=350%2C200 1x, https:\/\/i0.wp.com\/blogg.fumei.se\/wp-content\/uploads\/2018\/03\/Bella18-emeff2018.png?resize=525%2C300 1.5x"},"classes":[]},{"id":3541,"url":"https:\/\/blogg.fumei.se\/?p=3541","url_meta":{"origin":3170,"position":2},"title":"Moppe!","author":"M :)","date":"2015-03-13","format":false,"excerpt":"Eller?!? I vilket fall som helst s\u00e5 fyller \u00e4ldsta brorsdottern 15 \u00e5r idag! Det hurrar vi f\u00f6r! Hurra, hurra, hurra, hurra!! GRATTIS \u00f6nskar faster, farmor & farfar, Robin, Fia, Linus och Juliah","rel":"","context":"I \u201dFamiljen\u201d","block_context":{"text":"Familjen","link":"https:\/\/blogg.fumei.se\/?cat=34"},"img":{"alt_text":"Bella15-EmEff2015","src":"https:\/\/i0.wp.com\/blogg.fumei.se\/wp-content\/uploads\/2015\/03\/Bella15-EmEff2015.jpg?resize=350%2C200","width":350,"height":200,"srcset":"https:\/\/i0.wp.com\/blogg.fumei.se\/wp-content\/uploads\/2015\/03\/Bella15-EmEff2015.jpg?resize=350%2C200 1x, https:\/\/i0.wp.com\/blogg.fumei.se\/wp-content\/uploads\/2015\/03\/Bella15-EmEff2015.jpg?resize=525%2C300 1.5x"},"classes":[]},{"id":3451,"url":"https:\/\/blogg.fumei.se\/?p=3451","url_meta":{"origin":3170,"position":3},"title":"Stora tjejen!","author":"M :)","date":"2015-01-09","format":false,"excerpt":"Idag hurrar vi f\u00f6r Lovisa som fyller 7 \u00e5r! GRATTIS! \u00f6nskar faster, farmor, farfar,\u00a0Robin, Fia, Linus och Juliah","rel":"","context":"I \u201dVardagsliv\u201d","block_context":{"text":"Vardagsliv","link":"https:\/\/blogg.fumei.se\/?cat=47"},"img":{"alt_text":"lovisa7-emeff2015","src":"https:\/\/i0.wp.com\/blogg.fumei.se\/wp-content\/uploads\/2015\/01\/lovisa7-emeff2015.jpg?resize=350%2C200","width":350,"height":200,"srcset":"https:\/\/i0.wp.com\/blogg.fumei.se\/wp-content\/uploads\/2015\/01\/lovisa7-emeff2015.jpg?resize=350%2C200 1x, https:\/\/i0.wp.com\/blogg.fumei.se\/wp-content\/uploads\/2015\/01\/lovisa7-emeff2015.jpg?resize=525%2C300 1.5x"},"classes":[]},{"id":2051,"url":"https:\/\/blogg.fumei.se\/?p=2051","url_meta":{"origin":3170,"position":4},"title":"Happy f\u00f6delsedag!","author":"M :)","date":"2012-01-17","format":false,"excerpt":"Idag \u00e4r det lillskrutt Victor som st\u00e5r p\u00e5 tur att fylla \u00e5r, hela tre (3) har det hunnit bli!! GRATTIS! \u00f6nskar faster, Fia, Robin och Jorge. Och Stella.","rel":"","context":"I \u201dVardagsliv\u201d","block_context":{"text":"Vardagsliv","link":"https:\/\/blogg.fumei.se\/?cat=47"},"img":{"alt_text":"","src":"https:\/\/i0.wp.com\/blogg.fumei.se\/wp-content\/uploads\/2012\/01\/Victor3-emeff2012-300x200.jpg?resize=350%2C200","width":350,"height":200},"classes":[]},{"id":2893,"url":"https:\/\/blogg.fumei.se\/?p=2893","url_meta":{"origin":3170,"position":5},"title":"Kalasdax","author":"M :)","date":"2013-01-09","format":false,"excerpt":"F\u00f6r idag fyller v\u00e4rldens b\u00e4sta Lovisa \u00e5r!! GRATTIS \u00f6nskar moster faster, Fia, Robin och Jorge!","rel":"","context":"I \u201dVardagsliv\u201d","block_context":{"text":"Vardagsliv","link":"https:\/\/blogg.fumei.se\/?cat=47"},"img":{"alt_text":"Lovisa5-emeff2013","src":"https:\/\/i0.wp.com\/blogg.fumei.se\/wp-content\/uploads\/2013\/01\/Lovisa5-emeff2013.png?resize=350%2C200","width":350,"height":200,"srcset":"https:\/\/i0.wp.com\/blogg.fumei.se\/wp-content\/uploads\/2013\/01\/Lovisa5-emeff2013.png?resize=350%2C200 1x, https:\/\/i0.wp.com\/blogg.fumei.se\/wp-content\/uploads\/2013\/01\/Lovisa5-emeff2013.png?resize=525%2C300 1.5x"},"classes":[]}],"_links":{"self":[{"href":"https:\/\/blogg.fumei.se\/index.php?rest_route=\/wp\/v2\/posts\/3170","targetHints":{"allow":["GET"]}}],"collection":[{"href":"https:\/\/blogg.fumei.se\/index.php?rest_route=\/wp\/v2\/posts"}],"about":[{"href":"https:\/\/blogg.fumei.se\/index.php?rest_route=\/wp\/v2\/types\/post"}],"author":[{"embeddable":true,"href":"https:\/\/blogg.fumei.se\/index.php?rest_route=\/wp\/v2\/users\/1"}],"replies":[{"embeddable":true,"href":"https:\/\/blogg.fumei.se\/index.php?rest_route=%2Fwp%2Fv2%2Fcomments&post=3170"}],"version-history":[{"count":1,"href":"https:\/\/blogg.fumei.se\/index.php?rest_route=\/wp\/v2\/posts\/3170\/revisions"}],"predecessor-version":[{"id":3172,"href":"https:\/\/blogg.fumei.se\/index.php?rest_route=\/wp\/v2\/posts\/3170\/revisions\/3172"}],"wp:attachment":[{"href":"https:\/\/blogg.fumei.se\/index.php?rest_route=%2Fwp%2Fv2%2Fmedia&parent=3170"}],"wp:term":[{"taxonomy":"category","embeddable":true,"href":"https:\/\/blogg.fumei.se\/index.php?rest_route=%2Fwp%2Fv2%2Fcategories&post=3170"},{"taxonomy":"post_tag","embeddable":true,"href":"https:\/\/blogg.fumei.se\/index.php?rest_route=%2Fwp%2Fv2%2Ftags&post=3170"}],"curies":[{"name":"wp","href":"https:\/\/api.w.org\/{rel}","templated":true}]}}