{"id":3176,"date":"2014-01-18T10:50:20","date_gmt":"2014-01-18T09:50:20","guid":{"rendered":"http:\/\/blogg.fumei.se\/?p=3176"},"modified":"2014-01-18T10:50:20","modified_gmt":"2014-01-18T09:50:20","slug":"istallet-for-kalas","status":"publish","type":"post","link":"https:\/\/blogg.fumei.se\/?p=3176","title":{"rendered":"Ist\u00e4llet f\u00f6r kalas"},"content":{"rendered":"<p><a href=\"https:\/\/i0.wp.com\/blogg.fumei.se\/wp-content\/uploads\/2014\/01\/keepcalmmybday.png?ssl=1\"><img data-recalc-dims=\"1\" loading=\"lazy\" decoding=\"async\" data-attachment-id=\"3178\" data-permalink=\"https:\/\/blogg.fumei.se\/?attachment_id=3178\" data-orig-file=\"https:\/\/i0.wp.com\/blogg.fumei.se\/wp-content\/uploads\/2014\/01\/keepcalmmybday.png?fit=612%2C777&amp;ssl=1\" data-orig-size=\"612,777\" data-comments-opened=\"1\" data-image-meta=\"{&quot;aperture&quot;:&quot;0&quot;,&quot;credit&quot;:&quot;&quot;,&quot;camera&quot;:&quot;&quot;,&quot;caption&quot;:&quot;&quot;,&quot;created_timestamp&quot;:&quot;0&quot;,&quot;copyright&quot;:&quot;&quot;,&quot;focal_length&quot;:&quot;0&quot;,&quot;iso&quot;:&quot;0&quot;,&quot;shutter_speed&quot;:&quot;0&quot;,&quot;title&quot;:&quot;&quot;}\" data-image-title=\"keepcalmmybday\" data-image-description=\"\" data-image-caption=\"\" data-large-file=\"https:\/\/i0.wp.com\/blogg.fumei.se\/wp-content\/uploads\/2014\/01\/keepcalmmybday.png?fit=511%2C650&amp;ssl=1\" class=\"aligncenter size-full wp-image-3178\" alt=\"keepcalmmybday\" src=\"https:\/\/i0.wp.com\/blogg.fumei.se\/wp-content\/uploads\/2014\/01\/keepcalmmybday.png?resize=612%2C777&#038;ssl=1\" width=\"612\" height=\"777\" srcset=\"https:\/\/i0.wp.com\/blogg.fumei.se\/wp-content\/uploads\/2014\/01\/keepcalmmybday.png?w=612&amp;ssl=1 612w, https:\/\/i0.wp.com\/blogg.fumei.se\/wp-content\/uploads\/2014\/01\/keepcalmmybday.png?resize=236%2C300&amp;ssl=1 236w, https:\/\/i0.wp.com\/blogg.fumei.se\/wp-content\/uploads\/2014\/01\/keepcalmmybday.png?resize=511%2C650&amp;ssl=1 511w\" sizes=\"auto, (max-width: 612px) 100vw, 612px\" \/><\/a><\/p>\n<p>Ig\u00e5r fyllde jag \u00e5r. Det hade jag t\u00e4nkt fira med att ta en riktigt l\u00e5ng sovmorgon, minst till halv tio. Men n\u00e4h\u00e4d\u00e5, vaknade som vanligt schettidigt och kunde inte somna om, s\u00e5 efter n\u00e5gra varv i s\u00e4ngen gick jag upp och pysslade lite h\u00e4r hemma ist\u00e4llet.<\/p>\n<p>P\u00e5 eftermiddagen traskade jag \u00f6ver till mor och far och blev firad av f\u00f6r\u00e4ldrar och barn + sv\u00e4rson. Kaffe, hembakat och presenter g\u00f6r \u00e4ven en gammal f\u00f6delsedagsflicka glad!<br \/>\nJag fick pengar och margaritaglas (snart sommar, va?), himla fina grejer!<\/p>\n<p>Sen tog jag t\u00e5get till G\u00f6teborg, m\u00f6tte upp J och s\u00e5 gick vi p\u00e5 pub och drack \u00f6l och deltog i musikquiz, det var r\u00e4t skojsigt. Men maten kostade lite f\u00f6r mycket f\u00f6r det vi kunde se att mn fick, s\u00e5 vi tog oss in till centrum och Jensens efter\u00e5t ist\u00e4llet. \u00c4r nog l\u00e4tt det senaste jag varit p\u00e5 resturang hittills&#8230;<\/p>\n<p>Sen var det inte l\u00e5ng stund tills mitt t\u00e5g skulle g\u00e5 hem, s\u00e5 vi promenerade bort till centralen och s\u00e5 \u00f6ppnade jag mitt paket jag fick av J. Det var en Green Day-tshirt som jag blev gladare f\u00f6r \u00e4n han trodde.<\/p>\n<p>Slutsats: en bra f\u00f6delsedag! \ud83d\ude42<\/p>\n<p><a href=\"https:\/\/i0.wp.com\/blogg.fumei.se\/wp-content\/uploads\/2014\/01\/growingup.png?ssl=1\"><img data-recalc-dims=\"1\" loading=\"lazy\" decoding=\"async\" data-attachment-id=\"3177\" data-permalink=\"https:\/\/blogg.fumei.se\/?attachment_id=3177\" data-orig-file=\"https:\/\/i0.wp.com\/blogg.fumei.se\/wp-content\/uploads\/2014\/01\/growingup.png?fit=426%2C326&amp;ssl=1\" data-orig-size=\"426,326\" data-comments-opened=\"1\" data-image-meta=\"{&quot;aperture&quot;:&quot;0&quot;,&quot;credit&quot;:&quot;&quot;,&quot;camera&quot;:&quot;&quot;,&quot;caption&quot;:&quot;&quot;,&quot;created_timestamp&quot;:&quot;0&quot;,&quot;copyright&quot;:&quot;&quot;,&quot;focal_length&quot;:&quot;0&quot;,&quot;iso&quot;:&quot;0&quot;,&quot;shutter_speed&quot;:&quot;0&quot;,&quot;title&quot;:&quot;&quot;}\" data-image-title=\"growingup\" data-image-description=\"\" data-image-caption=\"\" data-large-file=\"https:\/\/i0.wp.com\/blogg.fumei.se\/wp-content\/uploads\/2014\/01\/growingup.png?fit=426%2C326&amp;ssl=1\" class=\"aligncenter size-full wp-image-3177\" alt=\"growingup\" src=\"https:\/\/i0.wp.com\/blogg.fumei.se\/wp-content\/uploads\/2014\/01\/growingup.png?resize=426%2C326&#038;ssl=1\" width=\"426\" height=\"326\" srcset=\"https:\/\/i0.wp.com\/blogg.fumei.se\/wp-content\/uploads\/2014\/01\/growingup.png?w=426&amp;ssl=1 426w, https:\/\/i0.wp.com\/blogg.fumei.se\/wp-content\/uploads\/2014\/01\/growingup.png?resize=300%2C229&amp;ssl=1 300w\" sizes=\"auto, (max-width: 426px) 100vw, 426px\" \/><\/a><\/p>\n","protected":false},"excerpt":{"rendered":"<p>Ig\u00e5r fyllde jag \u00e5r. Det hade jag t\u00e4nkt fira med att ta en riktigt l\u00e5ng sovmorgon, minst till halv tio. Men n\u00e4h\u00e4d\u00e5, vaknade som vanligt schettidigt och kunde inte somna om, s\u00e5 efter n\u00e5gra varv i s\u00e4ngen gick jag upp och pysslade lite h\u00e4r hemma ist\u00e4llet. P\u00e5 eftermiddagen traskade jag \u00f6ver till mor och far&#8230;<\/p>\n","protected":false},"author":1,"featured_media":0,"comment_status":"open","ping_status":"open","sticky":false,"template":"","format":"standard","meta":{"jetpack_post_was_ever_published":false,"_jetpack_newsletter_access":"","_jetpack_dont_email_post_to_subs":false,"_jetpack_newsletter_tier_id":0,"_jetpack_memberships_contains_paywalled_content":false,"_jetpack_memberships_contains_paid_content":false,"footnotes":"","jetpack_publicize_message":"","jetpack_publicize_feature_enabled":true,"jetpack_social_post_already_shared":true,"jetpack_social_options":{"image_generator_settings":{"template":"highway","default_image_id":0,"font":"","enabled":false},"version":2}},"categories":[47],"tags":[220,106,294],"class_list":["post-3176","post","type-post","status-publish","format-standard","hentry","category-vardagsliv","tag-fira","tag-fodelsedag","tag-jag"],"jetpack_publicize_connections":[],"jetpack_featured_media_url":"","jetpack_shortlink":"https:\/\/wp.me\/p3qko4-Pe","jetpack_sharing_enabled":true,"jetpack_likes_enabled":true,"jetpack-related-posts":[{"id":5193,"url":"https:\/\/blogg.fumei.se\/?p=5193","url_meta":{"origin":3176,"position":0},"title":"Barcelona!","author":"M :)","date":"2018-12-01","format":false,"excerpt":"Exakt ett \u00e5r efter att Mikael och jag tr\u00e4ffades f\u00f6r f\u00f6rsta g\u00e5ngen satte vi oss tillsammans med Mikaels barn; Melina och Max, p\u00e5 ett plan till Barcelona. Mikael fyller 50 \u00e5r, och den h\u00e4r resan \u00e4r ist\u00e4llet f\u00f6r stort kalas. Vi bor p\u00e5 ett hotell som heter Grand Havana, och\u2026","rel":"","context":"I \u201dFamiljen\u201d","block_context":{"text":"Familjen","link":"https:\/\/blogg.fumei.se\/?cat=34"},"img":{"alt_text":"","src":"https:\/\/i0.wp.com\/blogg.fumei.se\/wp-content\/uploads\/2023\/09\/72782BFD-B339-4EF0-89CD-3E8B5616D2C7_1_105_c.jpeg?resize=350%2C200","width":350,"height":200,"srcset":"https:\/\/i0.wp.com\/blogg.fumei.se\/wp-content\/uploads\/2023\/09\/72782BFD-B339-4EF0-89CD-3E8B5616D2C7_1_105_c.jpeg?resize=350%2C200 1x, https:\/\/i0.wp.com\/blogg.fumei.se\/wp-content\/uploads\/2023\/09\/72782BFD-B339-4EF0-89CD-3E8B5616D2C7_1_105_c.jpeg?resize=525%2C300 1.5x, https:\/\/i0.wp.com\/blogg.fumei.se\/wp-content\/uploads\/2023\/09\/72782BFD-B339-4EF0-89CD-3E8B5616D2C7_1_105_c.jpeg?resize=700%2C400 2x"},"classes":[]},{"id":1186,"url":"https:\/\/blogg.fumei.se\/?p=1186","url_meta":{"origin":3176,"position":1},"title":"Blah","author":"M :)","date":"2009-11-24","format":false,"excerpt":"Rubriks\u00e4ttaren \u00e4r p\u00e5 semester i Maldiverna s\u00e5 jag f\u00e5r s\u00e4tta egna rubriker och det g\u00e5r s\u00e5d\u00e4r, som ni kan se...Dags f\u00f6r en flera dagars uppdatering igen, ser jag. Tja, helgen var lugn, jag jobbade l\u00f6rdag kv\u00e4ll, och det var inte s\u00e5 mycket att g\u00f6ra, vi var dessutom gott om personal\u2026","rel":"","context":"I \u201dVardagsliv\u201d","block_context":{"text":"Vardagsliv","link":"https:\/\/blogg.fumei.se\/?cat=47"},"img":{"alt_text":"","src":"","width":0,"height":0},"classes":[]},{"id":1842,"url":"https:\/\/blogg.fumei.se\/?p=1842","url_meta":{"origin":3176,"position":2},"title":"Vi k\u00f6r p\u00e5 ett tag till, d\u00e5&#8230;","author":"M :)","date":"2011-12-08","format":false,"excerpt":"I m\u00e5ndags efter jobbet m\u00f6tte jag upp J p\u00e5 centralen i Gbg, och s\u00e5 tog vi t\u00e5get till V\u00e4xj\u00f6. V\u00e4l d\u00e4r inkvarterade vi oss hos Emma, Silvio och knattarna och fikade och tj\u00f4tade en hel l\u00e5ng kv\u00e4ll innan vi kr\u00f6p ner f\u00f6r att f\u00e5 n\u00e5gra timmars s\u00f6mn innan tisdagens stora\u2026","rel":"","context":"I \u201dFamiljen\u201d","block_context":{"text":"Familjen","link":"https:\/\/blogg.fumei.se\/?cat=34"},"img":{"alt_text":"","src":"","width":0,"height":0},"classes":[]},{"id":1183,"url":"https:\/\/blogg.fumei.se\/?p=1183","url_meta":{"origin":3176,"position":3},"title":"Quality time","author":"M :)","date":"2009-11-28","format":false,"excerpt":"Egentid. Bra-att-ha f\u00f6r stressade, heltidsarbetande, ensamst\u00e5ende ton\u00e5rsmorsor. Jag f\u00e5r visserligen lite egentid varje vecka genom lediga dagar n\u00e4r barnen \u00e4r i skolan, men jag utnyttjar dem p\u00e5 fel s\u00e4tt. Jag st\u00e4dar och fixar alla \"m\u00e5sten\" ist\u00e4llet f\u00f6r att bara ta vara p\u00e5 tiden och njuta av att vara ledig och\u2026","rel":"","context":"I \u201dVardagsliv\u201d","block_context":{"text":"Vardagsliv","link":"https:\/\/blogg.fumei.se\/?cat=47"},"img":{"alt_text":"","src":"","width":0,"height":0},"classes":[]},{"id":1951,"url":"https:\/\/blogg.fumei.se\/?p=1951","url_meta":{"origin":3176,"position":4},"title":"\u00c5rets h\u00f6jdpunkter och bottennapp","author":"M :)","date":"2012-01-02","format":false,"excerpt":"\u00c5ret 2011 kom och gick lite grann som alla andra \u00e5r, med vissa undantag. Jag jobbade massor och f\u00f6rs\u00f6kte f\u00e5 tid, lust och ork \u00f6ver till annat mellan arbetspassen. Det ar inte alltid s\u00e5 l\u00e4tt. Av det som avviker fr\u00e5n det vardagliga minns jag: n\u00e4r jag och Kerstin skulle tr\u00e4ffas\u2026","rel":"","context":"I \u201dVardagsliv\u201d","block_context":{"text":"Vardagsliv","link":"https:\/\/blogg.fumei.se\/?cat=47"},"img":{"alt_text":"","src":"","width":0,"height":0},"classes":[]},{"id":3617,"url":"https:\/\/blogg.fumei.se\/?p=3617","url_meta":{"origin":3176,"position":5},"title":"Br\u00f6llopsresa","author":"M :)","date":"2014-08-21","format":false,"excerpt":"P\u00e5 s\u00e4tt och vis, i alla fall. Jag reste till ett br\u00f6llop. Allts\u00e5: br\u00f6llopsresa. Men anyway... Jag fick ju den stora \u00e4ran och gl\u00e4djen att vara t\u00e4rna \u00e5t min fina v\u00e4ninna Sylwia, n\u00e4r hon och hennes Joakim skulle gifta sig \"p\u00e5 riktigt\". De hade ju redan gift sig borgerligt h\u00e4r\u2026","rel":"","context":"I \u201dVardagsliv\u201d","block_context":{"text":"Vardagsliv","link":"https:\/\/blogg.fumei.se\/?cat=47"},"img":{"alt_text":"","src":"https:\/\/i0.wp.com\/blogg.fumei.se\/wp-content\/uploads\/2015\/05\/WedPics_1412109977005.jpg?fit=799%2C1200&ssl=1&resize=350%2C200","width":350,"height":200,"srcset":"https:\/\/i0.wp.com\/blogg.fumei.se\/wp-content\/uploads\/2015\/05\/WedPics_1412109977005.jpg?fit=799%2C1200&ssl=1&resize=350%2C200 1x, https:\/\/i0.wp.com\/blogg.fumei.se\/wp-content\/uploads\/2015\/05\/WedPics_1412109977005.jpg?fit=799%2C1200&ssl=1&resize=525%2C300 1.5x, https:\/\/i0.wp.com\/blogg.fumei.se\/wp-content\/uploads\/2015\/05\/WedPics_1412109977005.jpg?fit=799%2C1200&ssl=1&resize=700%2C400 2x"},"classes":[]}],"_links":{"self":[{"href":"https:\/\/blogg.fumei.se\/index.php?rest_route=\/wp\/v2\/posts\/3176","targetHints":{"allow":["GET"]}}],"collection":[{"href":"https:\/\/blogg.fumei.se\/index.php?rest_route=\/wp\/v2\/posts"}],"about":[{"href":"https:\/\/blogg.fumei.se\/index.php?rest_route=\/wp\/v2\/types\/post"}],"author":[{"embeddable":true,"href":"https:\/\/blogg.fumei.se\/index.php?rest_route=\/wp\/v2\/users\/1"}],"replies":[{"embeddable":true,"href":"https:\/\/blogg.fumei.se\/index.php?rest_route=%2Fwp%2Fv2%2Fcomments&post=3176"}],"version-history":[{"count":1,"href":"https:\/\/blogg.fumei.se\/index.php?rest_route=\/wp\/v2\/posts\/3176\/revisions"}],"predecessor-version":[{"id":3179,"href":"https:\/\/blogg.fumei.se\/index.php?rest_route=\/wp\/v2\/posts\/3176\/revisions\/3179"}],"wp:attachment":[{"href":"https:\/\/blogg.fumei.se\/index.php?rest_route=%2Fwp%2Fv2%2Fmedia&parent=3176"}],"wp:term":[{"taxonomy":"category","embeddable":true,"href":"https:\/\/blogg.fumei.se\/index.php?rest_route=%2Fwp%2Fv2%2Fcategories&post=3176"},{"taxonomy":"post_tag","embeddable":true,"href":"https:\/\/blogg.fumei.se\/index.php?rest_route=%2Fwp%2Fv2%2Ftags&post=3176"}],"curies":[{"name":"wp","href":"https:\/\/api.w.org\/{rel}","templated":true}]}}