{"id":32,"date":"2011-06-12T12:24:00","date_gmt":"2011-06-12T12:24:00","guid":{"rendered":"\/Blogg\/post\/Sommartider-hej-hej.aspx"},"modified":"2011-06-12T12:24:00","modified_gmt":"2011-06-12T12:24:00","slug":"sommartider-hej-hej","status":"publish","type":"post","link":"https:\/\/blogg.fumei.se\/?p=32","title":{"rendered":"Sommartider hej hej"},"content":{"rendered":"<p>Idag &auml;r f&ouml;rsta dagen p&aring; min semester. Det har regnat som attan i flera dagar h&auml;r, men idag skiner solen n&auml;stan hela tiden, och fast&auml;n det bl&aring;ser lite mer &auml;n jag tycker &auml;r sk&ouml;nt, s&aring; &auml;r jag r&auml;tt n&ouml;jd.<br \/>Jag har inget planerat f&ouml;r semestern, f&ouml;rutom en tur till V&auml;ster&aring;s f&ouml;r att h&auml;lsa p&aring; Ilse med familj. resten av tiden tar jag som det kommer. N&aring;gra dagutflykter, n&aring;n picknick ibland, lite grillande, cykelturer och s&aring; f&ouml;rst&aring;s ska jag l&auml;sa. Jag har ju gett mig den p&aring; att jag ska l&auml;sa 100 b&ouml;cker i &aring;r och jag ligger lite efter just nu, men jag t&auml;nkte ta in det under semestern. Jag har en hel lista med b&ouml;cker som jag t&auml;nkt ge mig p&aring; under de h&auml;r fyra veckorna:<\/p>\n<ol>\n<li>Emma &#8211; Jane Austen (p&aring;b&ouml;rjad)<\/li>\n<li>The Last Legion &#8211; Valerio Massimo Manfredi<\/li>\n<li>Barn 44 &#8211; Tom Rob Smith<\/li>\n<li>The Lady In Blue &#8211; Javier Serra<\/li>\n<li>The Hobbit &#8211; JRR Tolkien<\/li>\n<li>Den hemliga Historien &#8211; Donna Tartt<\/li>\n<li>Tysk, Men Inte Nazist &#8211; Robert Stieger<\/li>\n<li>Vi, De Drunknade &#8211; Carsten Jensen (p&aring;b&ouml;rjad)<\/li>\n<li>Flyga Drake &#8211; Khaled Hosseini<\/li>\n<li>Tusen Str&aring;lande Solar &#8211; Khaled Hosseini<\/li>\n<li>Pompeji &#8211; Maja Lundgren<\/li>\n<li>Den F&ouml;rsta Hustrun &#8211; Jean Rhys<\/li>\n<li>Dyngk&aring;t Och Hur Helig Som Helst &#8211; Mia Sk&auml;ringer<\/li>\n<li>Igelkottens Elegans &#8211; Muriel Barbery<\/li>\n<li>En F&ouml;rtjusande Man &#8211; Marian Keyes<\/li>\n<li>Sasjenka &#8211; Simon Montefiore<\/li>\n<li>R&ouml;d Lilja &#8211; Nora Roberts<\/li>\n<li>Sl&auml;ktet &#8211; Guillermo Del Toro\/Chuck Hogan <\/li>\n<li>Vindens Skugga &#8211; Carlos Ruiz Zaf&oacute;n<\/li>\n<li>&Auml;ngelns Lek &#8211; Carlos Ruiz Zaf&oacute;n<\/li>\n<\/ol>\n<div>Jag tror att det f&aring;r r&auml;cka s&aring;. Jag ska ju hinna med lite annat ocks&aring;. Men till att b&ouml;rja med ska jag bara lata mig idag, och sen ska jag st&auml;da hela l&auml;genheten s&aring; det gl&auml;nser om d&ouml;rrkarmarna. Eller inte. Men st&auml;da ordentligt s&aring; d&auml;r som man egentligen varken orkar eller hinner n&auml;r man jobbar j&auml;mt och &auml;r s&aring; j&auml;kla tr&ouml;tt hela tiden. Sen &#8211; SEN &#8211; ska jag bara vara.<\/div>\n<div><\/div>\n","protected":false},"excerpt":{"rendered":"<p>Idag &auml;r f&ouml;rsta dagen p&aring; min semester. Det har regnat som attan i flera dagar h&auml;r, men idag skiner solen n&auml;stan hela tiden, och fast&auml;n det bl&aring;ser lite mer &auml;n jag tycker &auml;r sk&ouml;nt, s&aring; &auml;r jag r&auml;tt n&ouml;jd.Jag har inget planerat f&ouml;r semestern, f&ouml;rutom en tur till V&auml;ster&aring;s f&ouml;r att h&auml;lsa p&aring; Ilse med&#8230;<\/p>\n","protected":false},"author":1,"featured_media":0,"comment_status":"open","ping_status":"open","sticky":false,"template":"","format":"standard","meta":{"jetpack_post_was_ever_published":false,"_jetpack_newsletter_access":"","_jetpack_dont_email_post_to_subs":false,"_jetpack_newsletter_tier_id":0,"_jetpack_memberships_contains_paywalled_content":false,"_jetpack_memberships_contains_paid_content":false,"footnotes":"","jetpack_publicize_message":"","jetpack_publicize_feature_enabled":true,"jetpack_social_post_already_shared":false,"jetpack_social_options":{"image_generator_settings":{"template":"highway","default_image_id":0,"font":"","enabled":false},"version":2}},"categories":[47],"tags":[],"class_list":["post-32","post","type-post","status-publish","format-standard","hentry","category-vardagsliv"],"jetpack_publicize_connections":[],"jetpack_featured_media_url":"","jetpack_shortlink":"https:\/\/wp.me\/p3qko4-w","jetpack_sharing_enabled":true,"jetpack_likes_enabled":true,"jetpack-related-posts":[{"id":24,"url":"https:\/\/blogg.fumei.se\/?p=24","url_meta":{"origin":32,"position":0},"title":"Det g\u00e5r s\u00e5d\u00e4r","author":"M :)","date":"2011-07-17","format":false,"excerpt":"med sommarl\u00e4sningen. Jag \u00e4r ju s\u00e5 himla tr\u00f6tt hela tiden, trots nyligen avslutad semester vilket innebar fyra veckor ledighet, s\u00e5 varje g\u00e5ng jag ska l\u00e4sa somnar jag efter bara n\u00e5gra sidor.N\u00e5gra av b\u00f6ckerna p\u00e5 listan har jag visserligen hunnit med, men jag har ju \"slarvat\" och l\u00e4st andra b\u00f6cker \u00e4n\u2026","rel":"","context":"I \u201dVardagsliv\u201d","block_context":{"text":"Vardagsliv","link":"https:\/\/blogg.fumei.se\/?cat=47"},"img":{"alt_text":"","src":"","width":0,"height":0},"classes":[]},{"id":258,"url":"https:\/\/blogg.fumei.se\/?p=258","url_meta":{"origin":32,"position":1},"title":"Bokrecension: &#8221;The Winter Ghosts&#8221;","author":"EmEff","date":"2010-03-31","format":false,"excerpt":"Oj oj oj, det var nog den l\u00e4ngsta tid jag tagit p\u00e5 mig att l\u00e4sa en novell. F\u00f6r det \u00e4r en novell. N\u00e4r jag f\u00f6rst h\u00e4mtade ut boken p\u00e5 biblioteket\u00a0myste jag \u00f6ver det fina omslaget och att ha en ny Mosse i min hand, men n\u00e4r jag \u00f6ppnade den och\u2026","rel":"","context":"I \u201dB\u00f6cker och l\u00e4sning\u201d","block_context":{"text":"B\u00f6cker och l\u00e4sning","link":"https:\/\/blogg.fumei.se\/?cat=29"},"img":{"alt_text":"","src":"","width":0,"height":0},"classes":[]},{"id":928,"url":"https:\/\/blogg.fumei.se\/?p=928","url_meta":{"origin":32,"position":2},"title":"Jag h\u00f6ll p\u00e5 att s\u00e4ga","author":"M :)","date":"2009-05-26","format":false,"excerpt":"att jag inte gjort ett vettigt dugg idag, men d\u00e5 ljuger jag nog. F\u00f6r jag har ju faktiskt f\u00f6rt \u00f6ver pengar b\u00e5de till mamma och syrran, varit iv\u00e4g och handlat s\u00e5 det ska r\u00e4cka n\u00e5gra dagar *tungt*, diskat och lagat ordentlig middag (och tom f\u00e5tt ihop till en matl\u00e5da till\u2026","rel":"","context":"I \u201dVardagsliv\u201d","block_context":{"text":"Vardagsliv","link":"https:\/\/blogg.fumei.se\/?cat=47"},"img":{"alt_text":"","src":"","width":0,"height":0},"classes":[]},{"id":199,"url":"https:\/\/blogg.fumei.se\/?p=199","url_meta":{"origin":32,"position":3},"title":"Dagen efter","author":"EmEff","date":"2010-07-13","format":false,"excerpt":"Efter nattjobb. Vad trodde ni? Att jag varit ute och slarvat? N\u00e4h...inte jag, inte. Har inte r\u00e5d med s\u00e5nt. Och n\u00e4r jag har det, s\u00e5 har jag inte tid eller lust. Nej, det handlade om nattsudd av det mer arbetsamma slaget den h\u00e4r g\u00e5ngen. Jag har ju \u00e5tagit mig n\u00e5gra\u2026","rel":"","context":"I \u201dVardagsliv\u201d","block_context":{"text":"Vardagsliv","link":"https:\/\/blogg.fumei.se\/?cat=47"},"img":{"alt_text":"","src":"","width":0,"height":0},"classes":[]},{"id":163,"url":"https:\/\/blogg.fumei.se\/?p=163","url_meta":{"origin":32,"position":4},"title":"Nu kan vi det h\u00e4r&#8230;","author":"M :)","date":"2010-11-13","format":false,"excerpt":"Jobba, sova, \u00e4ta, jobba, sova, \u00e4ta...det k\u00e4nns som om det bara \u00e4r det jag g\u00f6r numera. Jag skulle beh\u00f6va en tv\u00e5 m\u00e5nader l\u00e5ng semester, l\u00e5ngt borta fr\u00e5n verkligheten och alla m\u00e5sten, n\u00e5gonstans d\u00e4r det finns v\u00e4rme och sol. Men det kan jag ju bara dr\u00f6mma om. S\u00e5vida jag inte vinner\u2026","rel":"","context":"I \u201dVardagsliv\u201d","block_context":{"text":"Vardagsliv","link":"https:\/\/blogg.fumei.se\/?cat=47"},"img":{"alt_text":"","src":"","width":0,"height":0},"classes":[]},{"id":2988,"url":"https:\/\/blogg.fumei.se\/?p=2988","url_meta":{"origin":32,"position":5},"title":"En lite b\u00e4ttre dag","author":"M :)","date":"2013-07-01","format":false,"excerpt":"Hej. Det \u00e4r jag igen.\u00a0Du vet, hon som skriver i den h\u00e4r bloggen n\u00e4r lust och vilja kommer \u00f6ver mig. P\u00e5 sista tiden har det inte blivit s\u00e5 mycket skrivande av. Det har helt enkelt inte funnits s\u00e5 mycket att skriva om. F\u00f6r sanningen \u00e4r ju att det inte \u00e4r\u2026","rel":"","context":"I \u201dVardagsliv\u201d","block_context":{"text":"Vardagsliv","link":"https:\/\/blogg.fumei.se\/?cat=47"},"img":{"alt_text":"","src":"","width":0,"height":0},"classes":[]}],"_links":{"self":[{"href":"https:\/\/blogg.fumei.se\/index.php?rest_route=\/wp\/v2\/posts\/32","targetHints":{"allow":["GET"]}}],"collection":[{"href":"https:\/\/blogg.fumei.se\/index.php?rest_route=\/wp\/v2\/posts"}],"about":[{"href":"https:\/\/blogg.fumei.se\/index.php?rest_route=\/wp\/v2\/types\/post"}],"author":[{"embeddable":true,"href":"https:\/\/blogg.fumei.se\/index.php?rest_route=\/wp\/v2\/users\/1"}],"replies":[{"embeddable":true,"href":"https:\/\/blogg.fumei.se\/index.php?rest_route=%2Fwp%2Fv2%2Fcomments&post=32"}],"version-history":[{"count":1,"href":"https:\/\/blogg.fumei.se\/index.php?rest_route=\/wp\/v2\/posts\/32\/revisions"}],"predecessor-version":[{"id":1249,"href":"https:\/\/blogg.fumei.se\/index.php?rest_route=\/wp\/v2\/posts\/32\/revisions\/1249"}],"wp:attachment":[{"href":"https:\/\/blogg.fumei.se\/index.php?rest_route=%2Fwp%2Fv2%2Fmedia&parent=32"}],"wp:term":[{"taxonomy":"category","embeddable":true,"href":"https:\/\/blogg.fumei.se\/index.php?rest_route=%2Fwp%2Fv2%2Fcategories&post=32"},{"taxonomy":"post_tag","embeddable":true,"href":"https:\/\/blogg.fumei.se\/index.php?rest_route=%2Fwp%2Fv2%2Ftags&post=32"}],"curies":[{"name":"wp","href":"https:\/\/api.w.org\/{rel}","templated":true}]}}