{"id":3225,"date":"2014-02-14T13:38:30","date_gmt":"2014-02-14T12:38:30","guid":{"rendered":"http:\/\/blogg.fumei.se\/?p=3225"},"modified":"2014-02-14T13:38:30","modified_gmt":"2014-02-14T12:38:30","slug":"stillastaende","status":"publish","type":"post","link":"https:\/\/blogg.fumei.se\/?p=3225","title":{"rendered":"Stillast\u00e5ende"},"content":{"rendered":"<p>Badrumsrenoveringen p\u00e5g\u00e5r fortfarande, fast senaste veckan har det inte h\u00e4nt ett smack. N\u00e4r hantverkarna var h\u00e4r uppt\u00e4ckte de att det bokstavligt talat rann fukt utmed v\u00e4ggarna, s\u00e5 de sa till v\u00e4rden att de inte kunde g\u00f6ra n\u00e5got f\u00f6rr\u00e4n det hade torkat. Han tyckte att de bara skulle k\u00f6ra p\u00e5, men de sa till honom att de inte kan ansvara f\u00f6r att det blir bra gjort d\u00e5, s\u00e5 han ordnade s\u00e5 fastighetssk\u00f6taren kom hit med en avfuktare, som han st\u00e4llde in i badrummet. En avfuktare \u00e4r en apparat som stpr och suger ut fukten i ett rum, och den l\u00e5ter lite som en stor fl\u00e4kt. Denna apparat har jag haft i badrummet sedan onsdag f\u00f6rra veckan. Det \u00e4r d\u00e4rf\u00f6r hantverkarna inte varit h\u00e4r. Men ingen har talat om varken bu eller b\u00e4 f\u00f6r mig, s\u00e5 jag har ju varit ganska irriterad \u00f6ver det.<\/p>\n<p>ig\u00e5r pratade jag med fastighetssk\u00f6taren som f\u00f6rklarade vad det var f\u00f6r manick, och att arbetet avbrutits p\u00e5 order av hyresv\u00e4rden. Jag sa till honom att det var d\u00e5lig stil att inte informera mig, f\u00f6r s himla kul \u00e4r det inte att g\u00e5 upp kvart i sju varje morgon om man \u00e4r ledig. Han sa att jag skulle sk\u00e4lla p\u00e5 v\u00e4rden ist\u00e4llet, men jag menade att han ju faktiskt kunde sagt n\u00e5got ocks\u00e5, eftersom han \u00e4nd\u00e5 var h\u00e4r och satte in avfuktaren.<\/p>\n<p>Idag kom han i vilket fall som helst och m\u00e4tte hur mycket fukt som finns kvar, och det l\u00e5g tydligen en bra bit under den niv\u00e5 man f\u00e5r ha, s\u00e5 han ringde m\u00e5leriet, och sen dr\u00f6jde det bara en halvtimme tills det kom en kille och b\u00f6rjade m\u00e5la p\u00e5 ett lager fuktsp\u00e4rr p\u00e5 v\u00e4ggarna! Nu ska avfuktaren st\u00e5 kvar \u00f6ver helgen, och p\u00e5 m\u00e5ndag b\u00f6rjar de kakla, sen \u00e4r det f\u00f6rhoppningsvis snart klart!<\/p>\n<p>Vi b\u00f6rjar bli lite lagom tr\u00f6tta p\u00e5 att beh\u00f6va springa i trappuppg\u00e5ngen varje g\u00e5ng vi ska p\u00e5 toa. Idag tv\u00e4ttar jag dessutom i tv\u00e4ttstugan f\u00f6r f\u00f6rsta g\u00e5ngen p\u00e5 \u00f6ver ett \u00e5r&#8230;<\/p>\n<p><a href=\"https:\/\/i0.wp.com\/blogg.fumei.se\/wp-content\/uploads\/2014\/02\/2014-02-14-13.17.07.jpg?ssl=1\"><img data-recalc-dims=\"1\" loading=\"lazy\" decoding=\"async\" data-attachment-id=\"3226\" data-permalink=\"https:\/\/blogg.fumei.se\/?attachment_id=3226\" data-orig-file=\"https:\/\/i0.wp.com\/blogg.fumei.se\/wp-content\/uploads\/2014\/02\/2014-02-14-13.17.07.jpg?fit=600%2C800&amp;ssl=1\" data-orig-size=\"600,800\" data-comments-opened=\"1\" data-image-meta=\"{&quot;aperture&quot;:&quot;2.6&quot;,&quot;credit&quot;:&quot;&quot;,&quot;camera&quot;:&quot;GT-I9300&quot;,&quot;caption&quot;:&quot;&quot;,&quot;created_timestamp&quot;:&quot;1392383827&quot;,&quot;copyright&quot;:&quot;&quot;,&quot;focal_length&quot;:&quot;3.7&quot;,&quot;iso&quot;:&quot;80&quot;,&quot;shutter_speed&quot;:&quot;0.0526315789474&quot;,&quot;title&quot;:&quot;&quot;}\" data-image-title=\"2014-02-14 13.17.07\" data-image-description=\"\" data-image-caption=\"\" data-large-file=\"https:\/\/i0.wp.com\/blogg.fumei.se\/wp-content\/uploads\/2014\/02\/2014-02-14-13.17.07.jpg?fit=487%2C650&amp;ssl=1\" class=\"aligncenter size-full wp-image-3226\" alt=\"2014-02-14 13.17.07\" src=\"https:\/\/i0.wp.com\/blogg.fumei.se\/wp-content\/uploads\/2014\/02\/2014-02-14-13.17.07.jpg?resize=600%2C800&#038;ssl=1\" width=\"600\" height=\"800\" srcset=\"https:\/\/i0.wp.com\/blogg.fumei.se\/wp-content\/uploads\/2014\/02\/2014-02-14-13.17.07.jpg?w=600&amp;ssl=1 600w, https:\/\/i0.wp.com\/blogg.fumei.se\/wp-content\/uploads\/2014\/02\/2014-02-14-13.17.07.jpg?resize=225%2C300&amp;ssl=1 225w, https:\/\/i0.wp.com\/blogg.fumei.se\/wp-content\/uploads\/2014\/02\/2014-02-14-13.17.07.jpg?resize=487%2C650&amp;ssl=1 487w\" sizes=\"auto, (max-width: 600px) 100vw, 600px\" \/><\/a><\/p>\n","protected":false},"excerpt":{"rendered":"<p>Badrumsrenoveringen p\u00e5g\u00e5r fortfarande, fast senaste veckan har det inte h\u00e4nt ett smack. N\u00e4r hantverkarna var h\u00e4r uppt\u00e4ckte de att det bokstavligt talat rann fukt utmed v\u00e4ggarna, s\u00e5 de sa till v\u00e4rden att de inte kunde g\u00f6ra n\u00e5got f\u00f6rr\u00e4n det hade torkat. Han tyckte att de bara skulle k\u00f6ra p\u00e5, men de sa till honom att&#8230;<\/p>\n","protected":false},"author":1,"featured_media":0,"comment_status":"open","ping_status":"open","sticky":false,"template":"","format":"standard","meta":{"jetpack_post_was_ever_published":false,"_jetpack_newsletter_access":"","_jetpack_dont_email_post_to_subs":false,"_jetpack_newsletter_tier_id":0,"_jetpack_memberships_contains_paywalled_content":false,"_jetpack_memberships_contains_paid_content":false,"footnotes":"","jetpack_publicize_message":"","jetpack_publicize_feature_enabled":true,"jetpack_social_post_already_shared":true,"jetpack_social_options":{"image_generator_settings":{"template":"highway","default_image_id":0,"font":"","enabled":false},"version":2}},"categories":[31,47],"tags":[295,303],"class_list":["post-3225","post","type-post","status-publish","format-standard","hentry","category-hemmet","category-vardagsliv","tag-badrum","tag-renovering"],"jetpack_publicize_connections":[],"jetpack_featured_media_url":"","jetpack_shortlink":"https:\/\/wp.me\/p3qko4-Q1","jetpack_sharing_enabled":true,"jetpack_likes_enabled":true,"jetpack-related-posts":[{"id":3693,"url":"https:\/\/blogg.fumei.se\/?p=3693","url_meta":{"origin":3225,"position":0},"title":"&#8230;och hur t\u00e4nkte han h\u00e4r?","author":"M :)","date":"2015-06-25","format":false,"excerpt":"Eller \"Problem som uppst\u00e5r n\u00e4r man v\u00e4ljer hantverkare utifr\u00e5n pris\", del 643. Eller n\u00e5t s\u00e5nt. I m\u00e5ndags blev jag ju lite irriterad n\u00e4r jag kom hem, s\u00e5 ig\u00e5r ringde jag \u00e5terigen till fastighetssk\u00f6taren. Fr\u00e5gade vad han egentligen gjorde n\u00e4r han var h\u00e4r p\u00e5 m\u00e5ndagen. Han sa att han tagit med\u2026","rel":"","context":"I \u201dHemmet\u201d","block_context":{"text":"Hemmet","link":"https:\/\/blogg.fumei.se\/?cat=31"},"img":{"alt_text":"","src":"","width":0,"height":0},"classes":[]},{"id":1659,"url":"https:\/\/blogg.fumei.se\/?p=1659","url_meta":{"origin":3225,"position":1},"title":"Ledig vecka. Typ. N\u00e4stan i alla fall.","author":"M :)","date":"2011-10-26","format":false,"excerpt":"F\u00f6rra veckan och den h\u00e4r blir det inte m\u00e5nga arbetsdagar. Jag har bytt ett par pass med en kollega, s\u00e5 f\u00f6rra veckan jobbade jag tisdag, onsdag och torsdag, och den h\u00e4r veckan jobbar jag tisdag, fredag och l\u00f6rdag. Pappas kommentar var \"n\u00e4r jobbar du egentligen?\". Men det \u00e4r sk\u00f6nt att\u2026","rel":"","context":"I \u201dHemmet\u201d","block_context":{"text":"Hemmet","link":"https:\/\/blogg.fumei.se\/?cat=31"},"img":{"alt_text":"","src":"","width":0,"height":0},"classes":[]},{"id":3689,"url":"https:\/\/blogg.fumei.se\/?p=3689","url_meta":{"origin":3225,"position":2},"title":"Det \u00e4r inte l\u00e4tt n\u00e4r det \u00e4r sv\u00e5rt&#8230;","author":"M :)","date":"2015-06-24","format":false,"excerpt":"Urs\u00e4kta om jag verkar lite gn\u00e4llig och grinig, men hur j\u00e4vla sv\u00e5rt kan det vara?? Fick en lapp i brevl\u00e5dan om att f\u00f6nstren skulle m\u00e5las i b\u00f6rjan av juni. Sen kom en lapp fr\u00e5n m\u00e5laren med exakt dag. N\u00e4r dagen kom hade jag gjort allt som de bett om, dvs\u2026","rel":"","context":"I \u201dVardagsliv\u201d","block_context":{"text":"Vardagsliv","link":"https:\/\/blogg.fumei.se\/?cat=47"},"img":{"alt_text":"","src":"","width":0,"height":0},"classes":[]},{"id":848,"url":"https:\/\/blogg.fumei.se\/?p=848","url_meta":{"origin":3225,"position":3},"title":"Titta, kom och titta","author":"M :)","date":"2009-02-16","format":false,"excerpt":"Alldeles f\u00f6r en stund sedan ringde fastighetssk\u00f6taren i huset vi ska flytta till. han sa att om vi vill och hinner innan 16.00 s\u00e5 f\u00e5r vi j\u00e4tteg\u00e4rna komma och titta, f\u00f6r de hade t\u00e4nkt b\u00f6rja med taptsering nu s\u00e5 vi kunde f\u00e5 ha lite synpunkter p\u00e5 det, om vi ville.\u2026","rel":"","context":"I \u201dVardagsliv\u201d","block_context":{"text":"Vardagsliv","link":"https:\/\/blogg.fumei.se\/?cat=47"},"img":{"alt_text":"","src":"","width":0,"height":0},"classes":[]},{"id":846,"url":"https:\/\/blogg.fumei.se\/?p=846","url_meta":{"origin":3225,"position":4},"title":"Jag lovade","author":"M :)","date":"2009-02-16","format":false,"excerpt":"att jag skulle\u00a0komma med mer info om\u00a0nya l\u00e4genheten, s\u00e5 jag f\u00e5r v\u00e4l g\u00f6ra det. Vi var ju d\u00e4r och kikade idag och fick komma med synpunkter p\u00e5 tapeter och annat. Det visade sig att det bara var 3 rum som skulle tapetseras, och till tv\u00e5 hade de redan valt sj\u00e4lva.\u2026","rel":"","context":"I \u201dVardagsliv\u201d","block_context":{"text":"Vardagsliv","link":"https:\/\/blogg.fumei.se\/?cat=47"},"img":{"alt_text":"","src":"","width":0,"height":0},"classes":[]},{"id":3182,"url":"https:\/\/blogg.fumei.se\/?p=3182","url_meta":{"origin":3225,"position":5},"title":"Inte en dag f\u00f6r tidigt&#8230;","author":"M :)","date":"2014-01-20","format":false,"excerpt":"Jag har i flera \u00e5r haft svartm\u00f6gel i taket och runt r\u00f6r, fogar och f\u00f6nsterlisterna i mitt badrum. Kaklet \u00e4r sprucket p\u00e5 flera st\u00e4llen, golvmattan sl\u00e4pper i fogarna och under badkaret har det g\u00e5tt h\u00e5l f\u00f6r att det droppat rostigt vatten p\u00e5 samma st\u00e4lle i flera \u00e5r, och tapeten \u00e4r\u2026","rel":"","context":"I \u201dHemmet\u201d","block_context":{"text":"Hemmet","link":"https:\/\/blogg.fumei.se\/?cat=31"},"img":{"alt_text":"2014-01-20 17.42.02","src":"https:\/\/i0.wp.com\/blogg.fumei.se\/wp-content\/uploads\/2014\/01\/2014-01-20-17.42.02.jpg?resize=350%2C200","width":350,"height":200},"classes":[]}],"_links":{"self":[{"href":"https:\/\/blogg.fumei.se\/index.php?rest_route=\/wp\/v2\/posts\/3225","targetHints":{"allow":["GET"]}}],"collection":[{"href":"https:\/\/blogg.fumei.se\/index.php?rest_route=\/wp\/v2\/posts"}],"about":[{"href":"https:\/\/blogg.fumei.se\/index.php?rest_route=\/wp\/v2\/types\/post"}],"author":[{"embeddable":true,"href":"https:\/\/blogg.fumei.se\/index.php?rest_route=\/wp\/v2\/users\/1"}],"replies":[{"embeddable":true,"href":"https:\/\/blogg.fumei.se\/index.php?rest_route=%2Fwp%2Fv2%2Fcomments&post=3225"}],"version-history":[{"count":1,"href":"https:\/\/blogg.fumei.se\/index.php?rest_route=\/wp\/v2\/posts\/3225\/revisions"}],"predecessor-version":[{"id":3227,"href":"https:\/\/blogg.fumei.se\/index.php?rest_route=\/wp\/v2\/posts\/3225\/revisions\/3227"}],"wp:attachment":[{"href":"https:\/\/blogg.fumei.se\/index.php?rest_route=%2Fwp%2Fv2%2Fmedia&parent=3225"}],"wp:term":[{"taxonomy":"category","embeddable":true,"href":"https:\/\/blogg.fumei.se\/index.php?rest_route=%2Fwp%2Fv2%2Fcategories&post=3225"},{"taxonomy":"post_tag","embeddable":true,"href":"https:\/\/blogg.fumei.se\/index.php?rest_route=%2Fwp%2Fv2%2Ftags&post=3225"}],"curies":[{"name":"wp","href":"https:\/\/api.w.org\/{rel}","templated":true}]}}