{"id":3288,"date":"2014-04-19T10:24:09","date_gmt":"2014-04-19T08:24:09","guid":{"rendered":"http:\/\/blogg.fumei.se\/?p=3288"},"modified":"2014-04-19T10:24:09","modified_gmt":"2014-04-19T08:24:09","slug":"ratta-mig-om-jag-har-fel","status":"publish","type":"post","link":"https:\/\/blogg.fumei.se\/?p=3288","title":{"rendered":"R\u00e4tta mig om jag har fel"},"content":{"rendered":"<p>Redan i grundskolan fick jag\u00a0l\u00e4ra mig att i Sverige har vi <a href=\"http:\/\/www.riksdagen.se\/sv\/Sa-funkar-riksdagen\/Demokrati\/Grundlagarna\/Yttrandefrihetsgrundlag\/\" target=\"_blank\"><strong>yttrandefrihet<\/strong><\/a>, den \u00e4r inskriven i grundlagen. MEN &#8211; det finns ocks\u00e5 en hel h\u00f6g med olika best\u00e4mmelser som kan till\u00e4mpas f\u00f6r att inskr\u00e4nka den lagen om det blir n\u00f6dv\u00e4ndigt.<br \/>\nEn av dessa best\u00e4mmelser \u00e4r den om <a href=\"http:\/\/polisen.se\/Lagar-och-regler\/Om-olika-brott\/Valdsbrott\/Misshandel\/Fakta-om-hatbrott\/\" target=\"_blank\"><strong>hatbrott<\/strong><\/a>, under vilken &#8221;hets mot folkgrupp&#8221; hamnar. D\u00e4r st\u00e5r klart och tydligt att man inte f\u00e5r g\u00f6ra det som nazisterna, och deras kompisar med liknande \u00e5sikter, g\u00f6r.<br \/>\nD\u00e4rf\u00f6r \u00e4r det helt obegripligt f\u00f6r mig hur polisen kan ge tillst\u00e5nd till parader och demonstrationer och andra publika sammankomster som anordnas f\u00f6r att visa omv\u00e4rlden att de inte uppskattar, tycker om eller accepterar att alla m\u00e4nniskor har lika v\u00e4rde, oavsett k\u00f6n, nationalitet, religion, sexuell l\u00e4ggning, partitillh\u00f6righet eller vad det \u00e4n kan vara.<\/p>\n<p><a href=\"https:\/\/i0.wp.com\/blogg.fumei.se\/wp-content\/uploads\/2014\/04\/lgPP32919.jpg?ssl=1\"><img data-recalc-dims=\"1\" loading=\"lazy\" decoding=\"async\" data-attachment-id=\"3289\" data-permalink=\"https:\/\/blogg.fumei.se\/?attachment_id=3289\" data-orig-file=\"https:\/\/i0.wp.com\/blogg.fumei.se\/wp-content\/uploads\/2014\/04\/lgPP32919.jpg?fit=452%2C302&amp;ssl=1\" data-orig-size=\"452,302\" data-comments-opened=\"1\" data-image-meta=\"{&quot;aperture&quot;:&quot;0&quot;,&quot;credit&quot;:&quot;&quot;,&quot;camera&quot;:&quot;&quot;,&quot;caption&quot;:&quot;&quot;,&quot;created_timestamp&quot;:&quot;0&quot;,&quot;copyright&quot;:&quot;&quot;,&quot;focal_length&quot;:&quot;0&quot;,&quot;iso&quot;:&quot;0&quot;,&quot;shutter_speed&quot;:&quot;0&quot;,&quot;title&quot;:&quot;&quot;}\" data-image-title=\"lgPP32919\" data-image-description=\"\" data-image-caption=\"\" data-large-file=\"https:\/\/i0.wp.com\/blogg.fumei.se\/wp-content\/uploads\/2014\/04\/lgPP32919.jpg?fit=452%2C302&amp;ssl=1\" class=\"wp-image-3289 size-full aligncenter\" src=\"https:\/\/i0.wp.com\/blogg.fumei.se\/wp-content\/uploads\/2014\/04\/lgPP32919.jpg?resize=452%2C302&#038;ssl=1\" alt=\"lgPP32919\" width=\"452\" height=\"302\" srcset=\"https:\/\/i0.wp.com\/blogg.fumei.se\/wp-content\/uploads\/2014\/04\/lgPP32919.jpg?w=452&amp;ssl=1 452w, https:\/\/i0.wp.com\/blogg.fumei.se\/wp-content\/uploads\/2014\/04\/lgPP32919.jpg?resize=300%2C200&amp;ssl=1 300w\" sizes=\"auto, (max-width: 452px) 100vw, 452px\" \/><\/a><\/p>\n<p>Jag \u00e4r inte perfekt, jag tycker ocks\u00e5 illa om vissa m\u00e4nniskor. Men inte f\u00f6r att de \u00e4r fr\u00e5n ett annat land, eller f\u00f6r att de \u00e4r HBTQ, eller f\u00f6r att de \u00e4r nazister. Mestadels beror mitt otyckande p\u00e5 att personen beter sig illa mot mig eller andra, \u00e4r en otrevlig person helt enkelt. De flesta m\u00e4nniskor jag tycker om har n\u00e5gon g\u00e5ng sagt eller gjort n\u00e5got som jag tycker v\u00e4ldigt illa om, men jag slutar inte tycka om personen bara f\u00f6r det. Jag kan tycka j\u00e4ttemycket om en person som \u00e4r nazist, men jag avskyr verkligen den personens \u00e5sikter i saken. Tyv\u00e4rr inneb\u00e4r ju det att jag tar avst\u00e5nd fr\u00e5n personen i fr\u00e5ga och inte umg\u00e5s med honom\/henne, f\u00f6r att slippa konfrontationer, br\u00e5k och andra tr\u00e5kigheter.<\/p>\n<p>L\u00e4ste i Metro i tisdags en kolumn av <strong><a href=\"http:\/\/www.metro.se\/kolumner\/lisa-magnusson-lat-dem-inte-paradera\/EVHndo!X9M4wmM8HEV3g\/\" target=\"_blank\">Lisa Magnusson<\/a><\/strong>, och jag kan riktigt k\u00e4nna den obehagliga k\u00e4nslan hon beskriver uppst\u00e5r bland de n\u00e4rvarande. Fr\u00e5gar mig sj\u00e4v om jag hade suttit kvar eller g\u00e5tt d\u00e4rifr\u00e5n? Vet att om jag f\u00e5r h\u00f6ra att n\u00e5got liknande ska ske d\u00e4r jag bor (eller var som helst d\u00e4r det bor m\u00e4nniskor i v\u00e4rlden, f\u00f6r den delen), s\u00e5 skulle jag protestera mot det. Genom att l\u00e4mna in en anm\u00e4lan till polisen, genom att blogga om det, genom att skriva om det p\u00e5 Facebook (det snabbaste s\u00e4ttet att dela information nuf\u00f6rtiden, tydligen). Det \u00e4r dock tveksamt om jag skulle infinna mig p\u00e5 plats f\u00f6r att protestera fysiskt.<\/p>\n<p>Jag \u00e4r n\u00e4mligen en fegis. Jag gillar inte att br\u00e5ka, jag tycker inte om n\u00e4r folk sl\u00e5ss och jag vill absolut inte hamna emellan. Det finns\u00a0n\u00e4mligen s\u00e5 mycket annat jag vill g\u00f6ra \u00e4n riskera att f\u00e5 en sm\u00e4ll, ett skott eller ett knivhugg som g\u00f6r att jag inte kan leva som vanligt igen. Men ni som v\u00e5gar, g\u00e5 ut p\u00e5 gator och torg, ta upp kampen mot de som s\u00e4ger att vissa m\u00e4nniskor inte \u00e4r &#8221;som vi&#8221;, att vissa m\u00e4nniskor inte borde existera av en eller annan anledning! K\u00e4mpa f\u00f6r att deras \u00e5sikter ska tystna, tyna bort och f\u00f6rsvinna, s\u00e5 att alla vi m\u00e4nniskor kan leva tillsammans p\u00e5 jorden! S\u00e5 ska jag k\u00e4mpa vidare p\u00e5 mitt s\u00e4tt &#8211; genom att sprida kunskap och forts\u00e4tta bry mig!<\/p>\n<p><a href=\"https:\/\/i0.wp.com\/blogg.fumei.se\/wp-content\/uploads\/2014\/04\/same_but_different.jpg?ssl=1\"><img data-recalc-dims=\"1\" loading=\"lazy\" decoding=\"async\" data-attachment-id=\"3290\" data-permalink=\"https:\/\/blogg.fumei.se\/?attachment_id=3290\" data-orig-file=\"https:\/\/i0.wp.com\/blogg.fumei.se\/wp-content\/uploads\/2014\/04\/same_but_different.jpg?fit=389%2C432&amp;ssl=1\" data-orig-size=\"389,432\" data-comments-opened=\"1\" data-image-meta=\"{&quot;aperture&quot;:&quot;0&quot;,&quot;credit&quot;:&quot;&quot;,&quot;camera&quot;:&quot;&quot;,&quot;caption&quot;:&quot;&quot;,&quot;created_timestamp&quot;:&quot;0&quot;,&quot;copyright&quot;:&quot;&quot;,&quot;focal_length&quot;:&quot;0&quot;,&quot;iso&quot;:&quot;0&quot;,&quot;shutter_speed&quot;:&quot;0&quot;,&quot;title&quot;:&quot;&quot;}\" data-image-title=\"same_but_different\" data-image-description=\"\" data-image-caption=\"\" data-large-file=\"https:\/\/i0.wp.com\/blogg.fumei.se\/wp-content\/uploads\/2014\/04\/same_but_different.jpg?fit=389%2C432&amp;ssl=1\" class=\"aligncenter size-full wp-image-3290\" src=\"https:\/\/i0.wp.com\/blogg.fumei.se\/wp-content\/uploads\/2014\/04\/same_but_different.jpg?resize=389%2C432&#038;ssl=1\" alt=\"same_but_different\" width=\"389\" height=\"432\" srcset=\"https:\/\/i0.wp.com\/blogg.fumei.se\/wp-content\/uploads\/2014\/04\/same_but_different.jpg?w=389&amp;ssl=1 389w, https:\/\/i0.wp.com\/blogg.fumei.se\/wp-content\/uploads\/2014\/04\/same_but_different.jpg?resize=270%2C300&amp;ssl=1 270w\" sizes=\"auto, (max-width: 389px) 100vw, 389px\" \/><\/a><a href=\"https:\/\/blogg.fumei.se\/wp-content\/uploads\/2014\/04\/lgPP32919.jpg\"><br \/>\n<\/a><\/p>\n","protected":false},"excerpt":{"rendered":"<p>Redan i grundskolan fick jag\u00a0l\u00e4ra mig att i Sverige har vi yttrandefrihet, den \u00e4r inskriven i grundlagen. MEN &#8211; det finns ocks\u00e5 en hel h\u00f6g med olika best\u00e4mmelser som kan till\u00e4mpas f\u00f6r att inskr\u00e4nka den lagen om det blir n\u00f6dv\u00e4ndigt. En av dessa best\u00e4mmelser \u00e4r den om hatbrott, under vilken &#8221;hets mot folkgrupp&#8221; hamnar. D\u00e4r&#8230;<\/p>\n","protected":false},"author":1,"featured_media":0,"comment_status":"open","ping_status":"open","sticky":false,"template":"","format":"standard","meta":{"jetpack_post_was_ever_published":false,"_jetpack_newsletter_access":"","_jetpack_dont_email_post_to_subs":false,"_jetpack_newsletter_tier_id":0,"_jetpack_memberships_contains_paywalled_content":false,"_jetpack_memberships_contains_paid_content":false,"footnotes":"","jetpack_publicize_message":"","jetpack_publicize_feature_enabled":true,"jetpack_social_post_already_shared":true,"jetpack_social_options":{"image_generator_settings":{"template":"highway","default_image_id":0,"font":"","enabled":false},"version":2}},"categories":[47],"tags":[316,315,318,314,313,317],"class_list":["post-3288","post","type-post","status-publish","format-standard","hentry","category-vardagsliv","tag-alla-lika","tag-antirasism","tag-hets-mot-folkgrupp","tag-nazism","tag-rasism","tag-yttrandefrihet"],"jetpack_publicize_connections":[],"jetpack_featured_media_url":"","jetpack_shortlink":"https:\/\/wp.me\/p3qko4-R2","jetpack_sharing_enabled":true,"jetpack_likes_enabled":true,"jetpack-related-posts":[{"id":118,"url":"https:\/\/blogg.fumei.se\/?p=118","url_meta":{"origin":3288,"position":0},"title":"Ombyte f\u00f6rn\u00f6jer","author":"M :)","date":"2011-01-16","format":false,"excerpt":"Jag funderar p\u00e5 att byta namn. P\u00e5 bloggen, allts\u00e5. Fr\u00e4mst f\u00f6r att jag \u00e4r lite tr\u00f6tt p\u00e5 EmEff. Det \u00e4r liksom intets\u00e4gande, och dessutom fattar folk inte varf\u00f6r bloggen heter det. Att det \u00e4r ett ord som uppst\u00e5tt ur bokst\u00e4verna M (emm) och F (eff) - som ju \u00e4r mina\u2026","rel":"","context":"I \u201dVardagsliv\u201d","block_context":{"text":"Vardagsliv","link":"https:\/\/blogg.fumei.se\/?cat=47"},"img":{"alt_text":"","src":"","width":0,"height":0},"classes":[]},{"id":1734,"url":"https:\/\/blogg.fumei.se\/?p=1734","url_meta":{"origin":3288,"position":1},"title":"(G\u00e5r-)dagens lilla rolighet","author":"M :)","date":"2011-11-12","format":false,"excerpt":"Robin hade best\u00e4llt hamburgare till middag, men eftersom det tog en del b\u00e5de ork och tid att ta mig fram och tillbaka till v\u00e5rdcentralen, s\u00e5 hade jag inte handlat, utan det fick han g\u00f6ra n\u00e4r han kom hem fr\u00e5n skolan. Medan han drog p\u00e5 sig jackan sa han att det\u2026","rel":"","context":"I \u201dVardagsliv\u201d","block_context":{"text":"Vardagsliv","link":"https:\/\/blogg.fumei.se\/?cat=47"},"img":{"alt_text":"","src":"","width":0,"height":0},"classes":[]},{"id":919,"url":"https:\/\/blogg.fumei.se\/?p=919","url_meta":{"origin":3288,"position":2},"title":"Morgonstund har guld i mun","author":"M :)","date":"2009-04-05","format":false,"excerpt":"Inte f\u00f6r att jag fattar varf\u00f6r det heter s\u00e5, men s\u00e5 heter det i alla fall i det gamla ordspr\u00e5ket. Och morgonstund var det n\u00e4r jag satte mig h\u00e4r. I morse vaknade jag strax f\u00f6re halv 7 och kunde inte somna om. Lika gott det, f\u00f6r jag m\u00e5ste ju \u00e4nd\u00e5\u2026","rel":"","context":"I \u201dVardagsliv\u201d","block_context":{"text":"Vardagsliv","link":"https:\/\/blogg.fumei.se\/?cat=47"},"img":{"alt_text":"","src":"","width":0,"height":0},"classes":[]},{"id":1731,"url":"https:\/\/blogg.fumei.se\/?p=1731","url_meta":{"origin":3288,"position":3},"title":"Idag var en s\u00e5n d\u00e4r dag","author":"M :)","date":"2011-11-12","format":false,"excerpt":"n\u00e4r man inte f\u00e5r tummen ur. Det b\u00f6rjade bra, jag fick sovmorgon \u00e4nda till 10-sn\u00e5ret, med en mindre avbrott p\u00e5 sis\u00e5d\u00e4r en halvtimme i morse vid sextiden, n\u00e4r jag vaknade av v\u00e4rk fr\u00e5n t\u00e5n upp i hela foten s\u00e5 jag var tvungen att sl\u00e4pa mig upp f\u00f6r att peta i\u2026","rel":"","context":"I \u201dHemmet\u201d","block_context":{"text":"Hemmet","link":"https:\/\/blogg.fumei.se\/?cat=31"},"img":{"alt_text":"","src":"","width":0,"height":0},"classes":[]},{"id":484,"url":"https:\/\/blogg.fumei.se\/?p=484","url_meta":{"origin":3288,"position":4},"title":"100 (on\u00f6diga) fakta om mig","author":"M :)","date":"2008-08-17","format":false,"excerpt":"Jag \u00e4r f\u00f6dd den 17 Januari 1970Jag \u00e4r StenbockJag \u00e4r inte en typisk stenbockJag har en dotter som heter Sophia...och en son som heter RobinJag \u00e4r en(s)a(m)st\u00e5ende mamma.Jag har en (halv-)storasyster som heter Ilse...och 2 br\u00f6der som heter Roberto och SilvioJag \u00e4r moster till tv\u00e5 systerd\u00f6ttrar - Frida och TyraJag\u2026","rel":"","context":"I \u201dListor\u201d","block_context":{"text":"Listor","link":"https:\/\/blogg.fumei.se\/?cat=633"},"img":{"alt_text":"","src":"","width":0,"height":0},"classes":[]},{"id":237,"url":"https:\/\/blogg.fumei.se\/?p=237","url_meta":{"origin":3288,"position":5},"title":"En liten filmrecension: &#8221;30 Days of night&#8221;","author":"M :)","date":"2010-05-09","format":false,"excerpt":"Egentligen gillar jag ju inte skr\u00e4ckfilmer. Men den senaste tiden har det blivit en del s\u00e5dana n\u00e4r mina barn f\u00e5tt v\u00e4lja film h\u00e4r hemma, och s\u00e5 var det ju det d\u00e4r med vampyrer. Jag kan inte l\u00e5ta bli att se en film om vampyrer. S\u00e4rskilt inte som den har f\u00e5tt\u2026","rel":"","context":"I \u201dVardagsliv\u201d","block_context":{"text":"Vardagsliv","link":"https:\/\/blogg.fumei.se\/?cat=47"},"img":{"alt_text":"","src":"","width":0,"height":0},"classes":[]}],"_links":{"self":[{"href":"https:\/\/blogg.fumei.se\/index.php?rest_route=\/wp\/v2\/posts\/3288","targetHints":{"allow":["GET"]}}],"collection":[{"href":"https:\/\/blogg.fumei.se\/index.php?rest_route=\/wp\/v2\/posts"}],"about":[{"href":"https:\/\/blogg.fumei.se\/index.php?rest_route=\/wp\/v2\/types\/post"}],"author":[{"embeddable":true,"href":"https:\/\/blogg.fumei.se\/index.php?rest_route=\/wp\/v2\/users\/1"}],"replies":[{"embeddable":true,"href":"https:\/\/blogg.fumei.se\/index.php?rest_route=%2Fwp%2Fv2%2Fcomments&post=3288"}],"version-history":[{"count":2,"href":"https:\/\/blogg.fumei.se\/index.php?rest_route=\/wp\/v2\/posts\/3288\/revisions"}],"predecessor-version":[{"id":3292,"href":"https:\/\/blogg.fumei.se\/index.php?rest_route=\/wp\/v2\/posts\/3288\/revisions\/3292"}],"wp:attachment":[{"href":"https:\/\/blogg.fumei.se\/index.php?rest_route=%2Fwp%2Fv2%2Fmedia&parent=3288"}],"wp:term":[{"taxonomy":"category","embeddable":true,"href":"https:\/\/blogg.fumei.se\/index.php?rest_route=%2Fwp%2Fv2%2Fcategories&post=3288"},{"taxonomy":"post_tag","embeddable":true,"href":"https:\/\/blogg.fumei.se\/index.php?rest_route=%2Fwp%2Fv2%2Ftags&post=3288"}],"curies":[{"name":"wp","href":"https:\/\/api.w.org\/{rel}","templated":true}]}}