{"id":3293,"date":"2014-04-24T21:31:47","date_gmt":"2014-04-24T19:31:47","guid":{"rendered":"http:\/\/blogg.fumei.se\/?p=3293"},"modified":"2014-04-24T21:31:47","modified_gmt":"2014-04-24T19:31:47","slug":"bakom-molnen-ar-himlen-alltid-bla","status":"publish","type":"post","link":"https:\/\/blogg.fumei.se\/?p=3293","title":{"rendered":"Bakom molnen \u00e4r himlen alltid bl\u00e5"},"content":{"rendered":"<p>V\u00e5r bebishund, v\u00e5r spralltott, v\u00e5r knastratt, v\u00e4rldens finaste och go&#8217;aste hund.<\/p>\n<p><a href=\"https:\/\/i0.wp.com\/blogg.fumei.se\/wp-content\/uploads\/2014\/04\/3.jpg?ssl=1\"><img data-recalc-dims=\"1\" loading=\"lazy\" decoding=\"async\" data-attachment-id=\"3296\" data-permalink=\"https:\/\/blogg.fumei.se\/?attachment_id=3296\" data-orig-file=\"https:\/\/i0.wp.com\/blogg.fumei.se\/wp-content\/uploads\/2014\/04\/3.jpg?fit=600%2C800&amp;ssl=1\" data-orig-size=\"600,800\" data-comments-opened=\"1\" data-image-meta=\"{&quot;aperture&quot;:&quot;0&quot;,&quot;credit&quot;:&quot;&quot;,&quot;camera&quot;:&quot;&quot;,&quot;caption&quot;:&quot;&quot;,&quot;created_timestamp&quot;:&quot;0&quot;,&quot;copyright&quot;:&quot;&quot;,&quot;focal_length&quot;:&quot;0&quot;,&quot;iso&quot;:&quot;0&quot;,&quot;shutter_speed&quot;:&quot;0&quot;,&quot;title&quot;:&quot;&quot;}\" data-image-title=\"3\" data-image-description=\"\" data-image-caption=\"\" data-large-file=\"https:\/\/i0.wp.com\/blogg.fumei.se\/wp-content\/uploads\/2014\/04\/3.jpg?fit=487%2C650&amp;ssl=1\" class=\"aligncenter size-large wp-image-3296\" src=\"https:\/\/i0.wp.com\/blogg.fumei.se\/wp-content\/uploads\/2014\/04\/3.jpg?resize=487%2C650&#038;ssl=1\" alt=\"3\" width=\"487\" height=\"650\" srcset=\"https:\/\/i0.wp.com\/blogg.fumei.se\/wp-content\/uploads\/2014\/04\/3.jpg?resize=487%2C650&amp;ssl=1 487w, https:\/\/i0.wp.com\/blogg.fumei.se\/wp-content\/uploads\/2014\/04\/3.jpg?resize=225%2C300&amp;ssl=1 225w, https:\/\/i0.wp.com\/blogg.fumei.se\/wp-content\/uploads\/2014\/04\/3.jpg?w=600&amp;ssl=1 600w\" sizes=\"auto, (max-width: 487px) 100vw, 487px\" \/><\/a><\/p>\n<p>Idag har v\u00e5r \u00e4lskade Stella f\u00e5tt somna in, lugnt och fridfullt. 9 \u00e5rs gemenskap och k\u00e4rlek som tyv\u00e4rr inte fick bli fler pga sjukdom.<\/p>\n<h3 style=\"text-align: center;\">Du fattas oss!<\/h3>\n<p><a href=\"https:\/\/i0.wp.com\/blogg.fumei.se\/wp-content\/uploads\/2014\/04\/4.jpg?ssl=1\"><img data-recalc-dims=\"1\" loading=\"lazy\" decoding=\"async\" data-attachment-id=\"3297\" data-permalink=\"https:\/\/blogg.fumei.se\/?attachment_id=3297\" data-orig-file=\"https:\/\/i0.wp.com\/blogg.fumei.se\/wp-content\/uploads\/2014\/04\/4.jpg?fit=800%2C600&amp;ssl=1\" data-orig-size=\"800,600\" data-comments-opened=\"1\" data-image-meta=\"{&quot;aperture&quot;:&quot;0&quot;,&quot;credit&quot;:&quot;&quot;,&quot;camera&quot;:&quot;&quot;,&quot;caption&quot;:&quot;&quot;,&quot;created_timestamp&quot;:&quot;0&quot;,&quot;copyright&quot;:&quot;&quot;,&quot;focal_length&quot;:&quot;0&quot;,&quot;iso&quot;:&quot;0&quot;,&quot;shutter_speed&quot;:&quot;0&quot;,&quot;title&quot;:&quot;&quot;}\" data-image-title=\"4\" data-image-description=\"\" data-image-caption=\"\" data-large-file=\"https:\/\/i0.wp.com\/blogg.fumei.se\/wp-content\/uploads\/2014\/04\/4.jpg?fit=640%2C480&amp;ssl=1\" class=\"aligncenter size-large wp-image-3297\" src=\"https:\/\/i0.wp.com\/blogg.fumei.se\/wp-content\/uploads\/2014\/04\/4.jpg?resize=640%2C480&#038;ssl=1\" alt=\"4\" width=\"640\" height=\"480\" srcset=\"https:\/\/i0.wp.com\/blogg.fumei.se\/wp-content\/uploads\/2014\/04\/4.jpg?resize=650%2C487&amp;ssl=1 650w, https:\/\/i0.wp.com\/blogg.fumei.se\/wp-content\/uploads\/2014\/04\/4.jpg?resize=300%2C225&amp;ssl=1 300w, https:\/\/i0.wp.com\/blogg.fumei.se\/wp-content\/uploads\/2014\/04\/4.jpg?w=800&amp;ssl=1 800w\" sizes=\"auto, (max-width: 640px) 100vw, 640px\" \/><\/a><\/p>\n<p><a href=\"https:\/\/i0.wp.com\/blogg.fumei.se\/wp-content\/uploads\/2014\/04\/2.jpg?ssl=1\"><img data-recalc-dims=\"1\" loading=\"lazy\" decoding=\"async\" data-attachment-id=\"3295\" data-permalink=\"https:\/\/blogg.fumei.se\/?attachment_id=3295\" data-orig-file=\"https:\/\/i0.wp.com\/blogg.fumei.se\/wp-content\/uploads\/2014\/04\/2.jpg?fit=600%2C800&amp;ssl=1\" data-orig-size=\"600,800\" data-comments-opened=\"1\" data-image-meta=\"{&quot;aperture&quot;:&quot;0&quot;,&quot;credit&quot;:&quot;&quot;,&quot;camera&quot;:&quot;&quot;,&quot;caption&quot;:&quot;&quot;,&quot;created_timestamp&quot;:&quot;0&quot;,&quot;copyright&quot;:&quot;&quot;,&quot;focal_length&quot;:&quot;0&quot;,&quot;iso&quot;:&quot;0&quot;,&quot;shutter_speed&quot;:&quot;0&quot;,&quot;title&quot;:&quot;&quot;}\" data-image-title=\"2\" data-image-description=\"\" data-image-caption=\"\" data-large-file=\"https:\/\/i0.wp.com\/blogg.fumei.se\/wp-content\/uploads\/2014\/04\/2.jpg?fit=487%2C650&amp;ssl=1\" class=\"aligncenter size-large wp-image-3295\" src=\"https:\/\/i0.wp.com\/blogg.fumei.se\/wp-content\/uploads\/2014\/04\/2.jpg?resize=487%2C650&#038;ssl=1\" alt=\"2\" width=\"487\" height=\"650\" srcset=\"https:\/\/i0.wp.com\/blogg.fumei.se\/wp-content\/uploads\/2014\/04\/2.jpg?resize=487%2C650&amp;ssl=1 487w, https:\/\/i0.wp.com\/blogg.fumei.se\/wp-content\/uploads\/2014\/04\/2.jpg?resize=225%2C300&amp;ssl=1 225w, https:\/\/i0.wp.com\/blogg.fumei.se\/wp-content\/uploads\/2014\/04\/2.jpg?w=600&amp;ssl=1 600w\" sizes=\"auto, (max-width: 487px) 100vw, 487px\" \/><\/a><\/p>\n<p><a href=\"https:\/\/i0.wp.com\/blogg.fumei.se\/wp-content\/uploads\/2014\/04\/1.jpg?ssl=1\"><img data-recalc-dims=\"1\" loading=\"lazy\" decoding=\"async\" data-attachment-id=\"3294\" data-permalink=\"https:\/\/blogg.fumei.se\/?attachment_id=3294\" data-orig-file=\"https:\/\/i0.wp.com\/blogg.fumei.se\/wp-content\/uploads\/2014\/04\/1.jpg?fit=800%2C600&amp;ssl=1\" data-orig-size=\"800,600\" data-comments-opened=\"1\" data-image-meta=\"{&quot;aperture&quot;:&quot;0&quot;,&quot;credit&quot;:&quot;&quot;,&quot;camera&quot;:&quot;&quot;,&quot;caption&quot;:&quot;&quot;,&quot;created_timestamp&quot;:&quot;0&quot;,&quot;copyright&quot;:&quot;&quot;,&quot;focal_length&quot;:&quot;0&quot;,&quot;iso&quot;:&quot;0&quot;,&quot;shutter_speed&quot;:&quot;0&quot;,&quot;title&quot;:&quot;&quot;}\" data-image-title=\"1\" data-image-description=\"\" data-image-caption=\"\" data-large-file=\"https:\/\/i0.wp.com\/blogg.fumei.se\/wp-content\/uploads\/2014\/04\/1.jpg?fit=640%2C480&amp;ssl=1\" class=\"aligncenter size-large wp-image-3294\" src=\"https:\/\/i0.wp.com\/blogg.fumei.se\/wp-content\/uploads\/2014\/04\/1.jpg?resize=640%2C480&#038;ssl=1\" alt=\"1\" width=\"640\" height=\"480\" srcset=\"https:\/\/i0.wp.com\/blogg.fumei.se\/wp-content\/uploads\/2014\/04\/1.jpg?resize=650%2C487&amp;ssl=1 650w, https:\/\/i0.wp.com\/blogg.fumei.se\/wp-content\/uploads\/2014\/04\/1.jpg?resize=300%2C225&amp;ssl=1 300w, https:\/\/i0.wp.com\/blogg.fumei.se\/wp-content\/uploads\/2014\/04\/1.jpg?w=800&amp;ssl=1 800w\" sizes=\"auto, (max-width: 640px) 100vw, 640px\" \/><\/a><\/p>\n","protected":false},"excerpt":{"rendered":"<p>V\u00e5r bebishund, v\u00e5r spralltott, v\u00e5r knastratt, v\u00e4rldens finaste och go&#8217;aste hund. Idag har v\u00e5r \u00e4lskade Stella f\u00e5tt somna in, lugnt och fridfullt. 9 \u00e5rs gemenskap och k\u00e4rlek som tyv\u00e4rr inte fick bli fler pga sjukdom. Du fattas oss!<\/p>\n","protected":false},"author":1,"featured_media":0,"comment_status":"open","ping_status":"open","sticky":false,"template":"","format":"standard","meta":{"jetpack_post_was_ever_published":false,"_jetpack_newsletter_access":"","_jetpack_dont_email_post_to_subs":false,"_jetpack_newsletter_tier_id":0,"_jetpack_memberships_contains_paywalled_content":false,"_jetpack_memberships_contains_paid_content":false,"footnotes":"","jetpack_publicize_message":"","jetpack_publicize_feature_enabled":true,"jetpack_social_post_already_shared":true,"jetpack_social_options":{"image_generator_settings":{"template":"highway","default_image_id":0,"font":"","enabled":false},"version":2}},"categories":[34,47],"tags":[169,319,320,230,167],"class_list":["post-3293","post","type-post","status-publish","format-standard","hentry","category-familjen","category-vardagsliv","tag-hund","tag-husdjur","tag-sakna","tag-sorg","tag-stella"],"jetpack_publicize_connections":[],"jetpack_featured_media_url":"","jetpack_shortlink":"https:\/\/wp.me\/p3qko4-R7","jetpack_sharing_enabled":true,"jetpack_likes_enabled":true,"jetpack-related-posts":[{"id":2270,"url":"https:\/\/blogg.fumei.se\/?p=2270","url_meta":{"origin":3293,"position":0},"title":"En tripp till farbror djurdoktorn","author":"M :)","date":"2012-04-10","format":false,"excerpt":"I brist p\u00e5 roligare och mer intressanta h\u00e4ndelser i mitt liv, kommer h\u00e4r ett inl\u00e4gg om att vi idag varit till veterin\u00e4ren med Stella. V\u00e5r lilla hund \u00e4r sjukt r\u00e4dd f\u00f6r att klippa klorna, s\u00e5 vi brukar \u00e5ka till vettis och g\u00f6ra det i samband med att han kollar t\u00e4nder\u2026","rel":"","context":"I \u201dVardagsliv\u201d","block_context":{"text":"Vardagsliv","link":"https:\/\/blogg.fumei.se\/?cat=47"},"img":{"alt_text":"","src":"https:\/\/i0.wp.com\/blogg.fumei.se\/wp-content\/uploads\/2012\/04\/2012-04-10-16.48.57.jpg?resize=350%2C200","width":350,"height":200},"classes":[]},{"id":44,"url":"https:\/\/blogg.fumei.se\/?p=44","url_meta":{"origin":3293,"position":1},"title":"Nyfiken i en strut","author":"M :)","date":"2011-05-13","format":false,"excerpt":"S\u00e5 h\u00e4r ser sm\u00e5 vovvar ut n\u00e4r de nosat bland br\u00e4nn\u00e4sslorna:","rel":"","context":"I \u201dVardagsliv\u201d","block_context":{"text":"Vardagsliv","link":"https:\/\/blogg.fumei.se\/?cat=47"},"img":{"alt_text":"","src":"https:\/\/i0.wp.com\/blogg.fumei.se\/wp-content\/uploads\/2011\/05\/201105082758.jpg?resize=350%2C200","width":350,"height":200},"classes":[]},{"id":71,"url":"https:\/\/blogg.fumei.se\/?p=71","url_meta":{"origin":3293,"position":2},"title":"Hundliv","author":"M :)","date":"2011-02-19","format":false,"excerpt":"Idag har vi blivit hund\u00e4gare. F\u00f6r den som inte h\u00e4nger med i sv\u00e4ngarna, s\u00e5 har vi ju tagit \u00f6ver mors och fars hund - Stella - f\u00f6r de orkar inte sj\u00e4lva att g\u00e5 ut med henne flera g\u00e5nger och l\u00e5nga promenader varje g\u00e5ng. S\u00e5 ist\u00e4llet f\u00f6r att s\u00e4lja henne och\u2026","rel":"","context":"I \u201dVardagsliv\u201d","block_context":{"text":"Vardagsliv","link":"https:\/\/blogg.fumei.se\/?cat=47"},"img":{"alt_text":"","src":"https:\/\/i0.wp.com\/blogg.fumei.se\/wp-content\/uploads\/2011\/02\/P1110171.png?resize=350%2C200","width":350,"height":200},"classes":[]},{"id":1177,"url":"https:\/\/blogg.fumei.se\/?p=1177","url_meta":{"origin":3293,"position":3},"title":"Morgonkaffe","author":"M :)","date":"2009-10-04","format":false,"excerpt":"sitter fint n\u00e4r man inte vill eller kan sova. Jag ville g\u00e4rna sova n\u00e5n timme till i morse, men hj\u00e4rnan ville visst inte det, f\u00f6r jag hade mardr\u00f6mmar. N\u00e5got om att jag skulle ut p\u00e5 en grusv\u00e4g utanf\u00f6r huset - som helt pl\u00f6tsligt var en g\u00e5rd - f\u00f6r att plocka\u2026","rel":"","context":"I \u201dVardagsliv\u201d","block_context":{"text":"Vardagsliv","link":"https:\/\/blogg.fumei.se\/?cat=47"},"img":{"alt_text":"","src":"","width":0,"height":0},"classes":[]},{"id":2586,"url":"https:\/\/blogg.fumei.se\/?p=2586","url_meta":{"origin":3293,"position":4},"title":"S\u00f6ndagspromenad","author":"M :)","date":"2012-08-01","format":false,"excerpt":"Vi tog en l\u00e5ngpromenad med Stella. Det var ju fint v\u00e4der, s\u00e5 man fick ju passa p\u00e5, f\u00f6r man vet ju aldrig n\u00e4r det kan bli kasst v\u00e4der igen. Jag menar, det \u00e4r ju svensk sommar. 'Nuff said, liksom. Vi gick till Alphems arboretum, som ligger h\u00e4r i Floby. H\u00e4r\u00a0och\u00a0h\u00e4r\u00a0kan\u2026","rel":"","context":"I \u201dVardagsliv\u201d","block_context":{"text":"Vardagsliv","link":"https:\/\/blogg.fumei.se\/?cat=47"},"img":{"alt_text":"","src":"https:\/\/i0.wp.com\/blogg.fumei.se\/wp-content\/uploads\/2012\/08\/20120729_142252.jpg?resize=350%2C200","width":350,"height":200},"classes":[]},{"id":1731,"url":"https:\/\/blogg.fumei.se\/?p=1731","url_meta":{"origin":3293,"position":5},"title":"Idag var en s\u00e5n d\u00e4r dag","author":"M :)","date":"2011-11-12","format":false,"excerpt":"n\u00e4r man inte f\u00e5r tummen ur. Det b\u00f6rjade bra, jag fick sovmorgon \u00e4nda till 10-sn\u00e5ret, med en mindre avbrott p\u00e5 sis\u00e5d\u00e4r en halvtimme i morse vid sextiden, n\u00e4r jag vaknade av v\u00e4rk fr\u00e5n t\u00e5n upp i hela foten s\u00e5 jag var tvungen att sl\u00e4pa mig upp f\u00f6r att peta i\u2026","rel":"","context":"I \u201dHemmet\u201d","block_context":{"text":"Hemmet","link":"https:\/\/blogg.fumei.se\/?cat=31"},"img":{"alt_text":"","src":"","width":0,"height":0},"classes":[]}],"_links":{"self":[{"href":"https:\/\/blogg.fumei.se\/index.php?rest_route=\/wp\/v2\/posts\/3293","targetHints":{"allow":["GET"]}}],"collection":[{"href":"https:\/\/blogg.fumei.se\/index.php?rest_route=\/wp\/v2\/posts"}],"about":[{"href":"https:\/\/blogg.fumei.se\/index.php?rest_route=\/wp\/v2\/types\/post"}],"author":[{"embeddable":true,"href":"https:\/\/blogg.fumei.se\/index.php?rest_route=\/wp\/v2\/users\/1"}],"replies":[{"embeddable":true,"href":"https:\/\/blogg.fumei.se\/index.php?rest_route=%2Fwp%2Fv2%2Fcomments&post=3293"}],"version-history":[{"count":2,"href":"https:\/\/blogg.fumei.se\/index.php?rest_route=\/wp\/v2\/posts\/3293\/revisions"}],"predecessor-version":[{"id":3300,"href":"https:\/\/blogg.fumei.se\/index.php?rest_route=\/wp\/v2\/posts\/3293\/revisions\/3300"}],"wp:attachment":[{"href":"https:\/\/blogg.fumei.se\/index.php?rest_route=%2Fwp%2Fv2%2Fmedia&parent=3293"}],"wp:term":[{"taxonomy":"category","embeddable":true,"href":"https:\/\/blogg.fumei.se\/index.php?rest_route=%2Fwp%2Fv2%2Fcategories&post=3293"},{"taxonomy":"post_tag","embeddable":true,"href":"https:\/\/blogg.fumei.se\/index.php?rest_route=%2Fwp%2Fv2%2Ftags&post=3293"}],"curies":[{"name":"wp","href":"https:\/\/api.w.org\/{rel}","templated":true}]}}