{"id":33,"date":"2011-06-07T05:37:00","date_gmt":"2011-06-07T05:37:00","guid":{"rendered":"\/Blogg\/post\/Morgonmorr.aspx"},"modified":"2011-06-07T05:37:00","modified_gmt":"2011-06-07T05:37:00","slug":"morgonmorr","status":"publish","type":"post","link":"https:\/\/blogg.fumei.se\/?p=33","title":{"rendered":"Morgonmorr"},"content":{"rendered":"<p>Klev (som vanligt) upp 4.15 och gjorde mig i ordning f&ouml;r att &aring;ka till jobbet. Klickade som vanligt fram <strong><a href=\"http:\/\/www.trafikverket.se\/Privat\/Resan-och-trafiken\/Din-resa\/Laget-i-tagtrafiken\/\" target=\"_blank\">[Trafikverkets sida f&ouml;r t&aring;ginformation]<\/a><\/strong>. D&auml;r stod inget s&auml;rskilt, men ankomst- och avg&aring;ngstider var inte heller ifyllda f&ouml;r varje station. det h&auml;nder ibland att den som ska skriva in informationen inte hinner med om det &auml;r mycket p&aring; g&aring;ng med andra t&aring;g, s&aring; jag t&auml;nkte bara att jag skulle g&aring; ut till t&aring;get som vanligt. <br \/>N&auml;r jag st&aring;r p&aring; perrongen plingar det till i h&ouml;gtalaren och en man meddelar att t&aring;get med avg&aring;ng 5.16 &auml;r inst&auml;llt pga fordonsskada och att resen&auml;rerna h&auml;nvisas till n&auml;sta t&aring;g som g&aring;r 6.25. Det som g&ouml;r mig f&ouml;rbannad i det h&auml;r l&auml;get &auml;r inte att t&aring;get &auml;r inst&auml;llt, utan att&nbsp;ansvariga inte meddela i&nbsp; god tid. Visste de inte det lite tidigare &auml;n EN minut innan avg&aring;ng fr&aring;n min station n&auml;r den redan ska ha passerat 3 stationer p&aring; v&auml;gen?? T&aring;get ska starta i Sk&ouml;vde 4.50! <br \/>Eftersom jag inte har varken k&ouml;rkort eller bil, och eftersom jag bor i H&aring;lan som alla gl&ouml;mt g&aring;r det inte heller n&aring;gra bussar (f&ouml;rr&auml;n klockan 6 p&aring; morgonen och d&aring; kan det kvitta) s&aring; kunde jag inte heller ta mig till n&auml;rmaste stad och ta ett annat t&aring;g.<\/p>\n<p>Jag tror att det f&aring;r bli en flytt av snart. Sambon &auml;r sugen p&aring; Thn, jag &auml;r sugen p&aring; det mesta d&auml;r man kan leva ett normalt liv. Vad jag &auml;r s&auml;ker p&aring; &auml;r att jag kommer att skicka in en resegaranti om dagens h&auml;ndelse.<\/p>\n","protected":false},"excerpt":{"rendered":"<p>Klev (som vanligt) upp 4.15 och gjorde mig i ordning f&ouml;r att &aring;ka till jobbet. Klickade som vanligt fram [Trafikverkets sida f&ouml;r t&aring;ginformation]. D&auml;r stod inget s&auml;rskilt, men ankomst- och avg&aring;ngstider var inte heller ifyllda f&ouml;r varje station. det h&auml;nder ibland att den som ska skriva in informationen inte hinner med om det &auml;r mycket&#8230;<\/p>\n","protected":false},"author":1,"featured_media":0,"comment_status":"open","ping_status":"open","sticky":false,"template":"","format":"standard","meta":{"jetpack_post_was_ever_published":false,"_jetpack_newsletter_access":"","_jetpack_dont_email_post_to_subs":false,"_jetpack_newsletter_tier_id":0,"_jetpack_memberships_contains_paywalled_content":false,"_jetpack_memberships_contains_paid_content":false,"footnotes":"","jetpack_publicize_message":"","jetpack_publicize_feature_enabled":true,"jetpack_social_post_already_shared":false,"jetpack_social_options":{"image_generator_settings":{"template":"highway","default_image_id":0,"font":"","enabled":false},"version":2}},"categories":[47],"tags":[],"class_list":["post-33","post","type-post","status-publish","format-standard","hentry","category-vardagsliv"],"jetpack_publicize_connections":[],"jetpack_featured_media_url":"","jetpack_shortlink":"https:\/\/wp.me\/p3qko4-x","jetpack_sharing_enabled":true,"jetpack_likes_enabled":true,"jetpack-related-posts":[{"id":46,"url":"https:\/\/blogg.fumei.se\/?p=46","url_meta":{"origin":33,"position":0},"title":"Ibland undrar man&#8230;","author":"M :)","date":"2011-05-05","format":false,"excerpt":"Som vanligt idag efter jobbet, var\u00a0det massor med folk som skulle med samma t\u00e5g som jag kl 17.07 fr\u00e5n Gbg. S\u00e5 knastrar det till i h\u00f6gtalarna och det kommer inte bara ett, utan tre meddelanden om f\u00f6rseningar och inst\u00e4llda t\u00e5g. F\u00f6r det f\u00f6rsta skulle mitt t\u00e5g bli f\u00f6rsenat \u00e5ga v\u00e4xelfel\u2026","rel":"","context":"I \u201dVardagsliv\u201d","block_context":{"text":"Vardagsliv","link":"https:\/\/blogg.fumei.se\/?cat=47"},"img":{"alt_text":"","src":"https:\/\/i0.wp.com\/blogg.fumei.se\/wp-content\/uploads\/2011\/05\/201105042745-300x224.jpg?resize=350%2C200","width":350,"height":200},"classes":[]},{"id":1400,"url":"https:\/\/blogg.fumei.se\/?p=1400","url_meta":{"origin":33,"position":1},"title":"Pyjamasparty","author":"M :)","date":"2011-09-14","format":false,"excerpt":"I m\u00e5ndags efter jobbet satte jag mig som vanligt p\u00e5 t\u00e5get mot Sk\u00f6vde f\u00f6r att \u00e5ka hem. N\u00e4r vi var ett par minuter f\u00f6rsenade iv\u00e4g meddelade kondukt\u00f6ren - f\u00f6rl\u00e5t, t\u00e5gv\u00e4rden - att vi skulle bli ytterligare lite sena f\u00f6r det hade fallit ett tr\u00e4d \u00f6ver ett sp\u00e5r ovanf\u00f6r Alings\u00e5s, s\u00e5\u2026","rel":"","context":"I \u201dVardagsliv\u201d","block_context":{"text":"Vardagsliv","link":"https:\/\/blogg.fumei.se\/?cat=47"},"img":{"alt_text":"","src":"","width":0,"height":0},"classes":[]},{"id":185,"url":"https:\/\/blogg.fumei.se\/?p=185","url_meta":{"origin":33,"position":2},"title":"Gaaaahhhh, arggggh och faaaaan!!","author":"M :)","date":"2010-08-29","format":false,"excerpt":"Sa kan man sammanfatta hur jag tycker om datorer som kraschar. Van av ordning ser genast att jag inte anvander vara kara svenska sista bokstaver i alfabetet i det har inlagget. Det beror pa att jag sitter vid J's dator och den har engelskt\/spanskt tangentbord.Min egen dator fick ett gulligt\u2026","rel":"","context":"I \u201dVardagsliv\u201d","block_context":{"text":"Vardagsliv","link":"https:\/\/blogg.fumei.se\/?cat=47"},"img":{"alt_text":"","src":"","width":0,"height":0},"classes":[]},{"id":1226,"url":"https:\/\/blogg.fumei.se\/?p=1226","url_meta":{"origin":33,"position":3},"title":"Happy andra advent!","author":"M :)","date":"2009-12-06","format":false,"excerpt":"Idag \u00e4r det 17 dagar kvar till julafton. Fortsatt sn\u00f6fritt, men fortsatt bl\u00f6tt. trist. Det \u00e4r nu man vill att sn\u00f6n ska b\u00f6rja falla s\u00e5 man hinner komma i julst\u00e4mning. Jul utan sn\u00f6 k\u00e4nns inte riktigt som jul, om jag f\u00e5r s\u00e4ga vad jag tycker. Har inte t\u00e4nt andra ljuset\u2026","rel":"","context":"I \u201dVardagsliv\u201d","block_context":{"text":"Vardagsliv","link":"https:\/\/blogg.fumei.se\/?cat=47"},"img":{"alt_text":"","src":"","width":0,"height":0},"classes":[]},{"id":170,"url":"https:\/\/blogg.fumei.se\/?p=170","url_meta":{"origin":33,"position":4},"title":"Bloggtorka","author":"M :)","date":"2010-10-30","format":false,"excerpt":"N\u00e4r man inte g\u00f6r mycket mer \u00e4n jobbar och tar hand om hemmet - och dessemellan f\u00f6rs\u00f6ker vara lite social med resten av familjen - d\u00e5 har man inte mycket att skriva om. F\u00f6r hur kul \u00e4r det att l\u00e4sa varje dag att jag har lagat middag och jobbat och\u2026","rel":"","context":"I \u201dVardagsliv\u201d","block_context":{"text":"Vardagsliv","link":"https:\/\/blogg.fumei.se\/?cat=47"},"img":{"alt_text":"","src":"","width":0,"height":0},"classes":[]},{"id":1179,"url":"https:\/\/blogg.fumei.se\/?p=1179","url_meta":{"origin":33,"position":5},"title":"Cursed be thy name","author":"M :)","date":"2009-10-01","format":false,"excerpt":"Idag bjuder jag p\u00e5 \u00e4nnu en liten solskenshistoria d\u00e4r SJ har huvudrollen. Det b\u00f6rjade som vanligt med att jag skule ta t\u00e5get hem kl 17.07 fr\u00e5n Gbg. Det t\u00e5g jag kliver p\u00e5 skulle fr\u00e5n b\u00f6rjan ha g\u00e5tt till Stenungsund och Uddevalla, men de bytte om p\u00e5 de tv\u00e5 t\u00e5gen och\u2026","rel":"","context":"I \u201dVardagsliv\u201d","block_context":{"text":"Vardagsliv","link":"https:\/\/blogg.fumei.se\/?cat=47"},"img":{"alt_text":"","src":"","width":0,"height":0},"classes":[]}],"_links":{"self":[{"href":"https:\/\/blogg.fumei.se\/index.php?rest_route=\/wp\/v2\/posts\/33","targetHints":{"allow":["GET"]}}],"collection":[{"href":"https:\/\/blogg.fumei.se\/index.php?rest_route=\/wp\/v2\/posts"}],"about":[{"href":"https:\/\/blogg.fumei.se\/index.php?rest_route=\/wp\/v2\/types\/post"}],"author":[{"embeddable":true,"href":"https:\/\/blogg.fumei.se\/index.php?rest_route=\/wp\/v2\/users\/1"}],"replies":[{"embeddable":true,"href":"https:\/\/blogg.fumei.se\/index.php?rest_route=%2Fwp%2Fv2%2Fcomments&post=33"}],"version-history":[{"count":0,"href":"https:\/\/blogg.fumei.se\/index.php?rest_route=\/wp\/v2\/posts\/33\/revisions"}],"wp:attachment":[{"href":"https:\/\/blogg.fumei.se\/index.php?rest_route=%2Fwp%2Fv2%2Fmedia&parent=33"}],"wp:term":[{"taxonomy":"category","embeddable":true,"href":"https:\/\/blogg.fumei.se\/index.php?rest_route=%2Fwp%2Fv2%2Fcategories&post=33"},{"taxonomy":"post_tag","embeddable":true,"href":"https:\/\/blogg.fumei.se\/index.php?rest_route=%2Fwp%2Fv2%2Ftags&post=33"}],"curies":[{"name":"wp","href":"https:\/\/api.w.org\/{rel}","templated":true}]}}