{"id":3301,"date":"2014-04-25T22:00:12","date_gmt":"2014-04-25T20:00:12","guid":{"rendered":"http:\/\/blogg.fumei.se\/?p=3301"},"modified":"2014-04-25T22:00:12","modified_gmt":"2014-04-25T20:00:12","slug":"%e8%aa%95%e7%94%9f%e6%97%a5fodelsedag","status":"publish","type":"post","link":"https:\/\/blogg.fumei.se\/?p=3301","title":{"rendered":"\u8a95\u751f\u65e5(f\u00f6delsedag)"},"content":{"rendered":"<p>I 18 \u00e5r har jag f\u00e5tt \u00e4ran och gl\u00e4djen att vara din mamma. I 18 \u00e5r har du f\u00f6rundrat, f\u00f6rv\u00e5nat och fascinerat mig. Du f\u00f6ddes med ett litet handikapp, men trotsade det och visade alla att du kan g\u00f6ra saker du ocks\u00e5, om \u00e4n p\u00e5 ditt eget s\u00e4tt. Det finns\u00a0n\u00e5gra saker du bara v\u00e4grar ge dig p\u00e5, men i allt du tar dig an \u00e4r du duktig, smart och fram\u00e5t. Jag \u00e4r stolt \u00f6ver att vara din mamma!<\/p>\n<p><a href=\"https:\/\/i0.wp.com\/blogg.fumei.se\/wp-content\/uploads\/2014\/04\/Robin18.png?ssl=1\"><img data-recalc-dims=\"1\" loading=\"lazy\" decoding=\"async\" data-attachment-id=\"3302\" data-permalink=\"https:\/\/blogg.fumei.se\/?attachment_id=3302\" data-orig-file=\"https:\/\/i0.wp.com\/blogg.fumei.se\/wp-content\/uploads\/2014\/04\/Robin18.png?fit=645%2C845&amp;ssl=1\" data-orig-size=\"645,845\" data-comments-opened=\"1\" data-image-meta=\"{&quot;aperture&quot;:&quot;0&quot;,&quot;credit&quot;:&quot;&quot;,&quot;camera&quot;:&quot;&quot;,&quot;caption&quot;:&quot;&quot;,&quot;created_timestamp&quot;:&quot;0&quot;,&quot;copyright&quot;:&quot;&quot;,&quot;focal_length&quot;:&quot;0&quot;,&quot;iso&quot;:&quot;0&quot;,&quot;shutter_speed&quot;:&quot;0&quot;,&quot;title&quot;:&quot;&quot;}\" data-image-title=\"Robin18\" data-image-description=\"\" data-image-caption=\"\" data-large-file=\"https:\/\/i0.wp.com\/blogg.fumei.se\/wp-content\/uploads\/2014\/04\/Robin18.png?fit=496%2C650&amp;ssl=1\" class=\"aligncenter size-full wp-image-3302\" src=\"https:\/\/i0.wp.com\/blogg.fumei.se\/wp-content\/uploads\/2014\/04\/Robin18.png?resize=640%2C838&#038;ssl=1\" alt=\"Robin18\" width=\"640\" height=\"838\" srcset=\"https:\/\/i0.wp.com\/blogg.fumei.se\/wp-content\/uploads\/2014\/04\/Robin18.png?w=645&amp;ssl=1 645w, https:\/\/i0.wp.com\/blogg.fumei.se\/wp-content\/uploads\/2014\/04\/Robin18.png?resize=228%2C300&amp;ssl=1 228w, https:\/\/i0.wp.com\/blogg.fumei.se\/wp-content\/uploads\/2014\/04\/Robin18.png?resize=496%2C650&amp;ssl=1 496w\" sizes=\"auto, (max-width: 640px) 100vw, 640px\" \/><\/a><\/p>\n<p>V\u00e4rldens st\u00f6rsta grattis p\u00e5 din f\u00f6delsedag, min fina, underbara, store, lille pojke! Jag \u00e4lskar dig!<\/p>\n","protected":false},"excerpt":{"rendered":"<p>I 18 \u00e5r har jag f\u00e5tt \u00e4ran och gl\u00e4djen att vara din mamma. I 18 \u00e5r har du f\u00f6rundrat, f\u00f6rv\u00e5nat och fascinerat mig. Du f\u00f6ddes med ett litet handikapp, men trotsade det och visade alla att du kan g\u00f6ra saker du ocks\u00e5, om \u00e4n p\u00e5 ditt eget s\u00e4tt. Det finns\u00a0n\u00e5gra saker du bara v\u00e4grar ge&#8230;<\/p>\n","protected":false},"author":1,"featured_media":0,"comment_status":"open","ping_status":"open","sticky":false,"template":"","format":"standard","meta":{"jetpack_post_was_ever_published":false,"_jetpack_newsletter_access":"","_jetpack_dont_email_post_to_subs":false,"_jetpack_newsletter_tier_id":0,"_jetpack_memberships_contains_paywalled_content":false,"_jetpack_memberships_contains_paid_content":false,"footnotes":"","jetpack_publicize_message":"","jetpack_publicize_feature_enabled":true,"jetpack_social_post_already_shared":true,"jetpack_social_options":{"image_generator_settings":{"template":"highway","default_image_id":0,"font":"","enabled":false},"version":2}},"categories":[47],"tags":[321,220,106,198],"class_list":["post-3301","post","type-post","status-publish","format-standard","hentry","category-vardagsliv","tag-18ar","tag-fira","tag-fodelsedag","tag-robin"],"jetpack_publicize_connections":[],"jetpack_featured_media_url":"","jetpack_shortlink":"https:\/\/wp.me\/p3qko4-Rf","jetpack_sharing_enabled":true,"jetpack_likes_enabled":true,"jetpack-related-posts":[{"id":40,"url":"https:\/\/blogg.fumei.se\/?p=40","url_meta":{"origin":3301,"position":0},"title":"Kalasdax","author":"M :)","date":"2011-05-21","format":false,"excerpt":"Idag firade vi Fias intr\u00e4de i vuxenv\u00e4rlden. Det \u00e4r inte varje dag man fyller 18, s\u00e5 jag ville g\u00e4rna g\u00f6ra det lite extra f\u00f6r henne, men fr\u00f6ken hade gjort upp egna planer, s\u00e5 det fick bli som det blev av det hela. En sak lyckades vi f\u00e5 med i alla\u2026","rel":"","context":"I \u201dVardagsliv\u201d","block_context":{"text":"Vardagsliv","link":"https:\/\/blogg.fumei.se\/?cat=47"},"img":{"alt_text":"","src":"https:\/\/i0.wp.com\/blogg.fumei.se\/wp-content\/uploads\/2011\/05\/P1110400.jpg?resize=350%2C200","width":350,"height":200},"classes":[]},{"id":3566,"url":"https:\/\/blogg.fumei.se\/?p=3566","url_meta":{"origin":3301,"position":1},"title":"Jag \u00f6nskar dig","author":"M :)","date":"2015-04-25","format":false,"excerpt":"...\u00a0inte guld, mitt barn ej heller pengar och makt. Jag \u00f6nskar dig modet att vara dig sj\u00e4lv och st\u00e5 f\u00f6r det du har sagt. Jag \u00f6nskar dig inte en stenfri v\u00e4g, men kraften att v\u00e4gen g\u00e5. Jag \u00f6nskar dig v\u00e4nner i rikligt m\u00e5tt och v\u00e4nner att lita p\u00e5. (Inger Th\u00f6rnqvist)\u2026","rel":"","context":"I \u201dFamiljen\u201d","block_context":{"text":"Familjen","link":"https:\/\/blogg.fumei.se\/?cat=34"},"img":{"alt_text":"Robin19","src":"https:\/\/i0.wp.com\/blogg.fumei.se\/wp-content\/uploads\/2015\/04\/Robin19.jpg?resize=350%2C200","width":350,"height":200,"srcset":"https:\/\/i0.wp.com\/blogg.fumei.se\/wp-content\/uploads\/2015\/04\/Robin19.jpg?resize=350%2C200 1x, https:\/\/i0.wp.com\/blogg.fumei.se\/wp-content\/uploads\/2015\/04\/Robin19.jpg?resize=525%2C300 1.5x"},"classes":[]},{"id":4528,"url":"https:\/\/blogg.fumei.se\/?p=4528","url_meta":{"origin":3301,"position":2},"title":"Hur gick det d\u00e4r till?","author":"M :)","date":"2018-05-21","format":false,"excerpt":"Fia fyller 25 idag! Hur \u00e4r det ens m\u00f6jligt? Jag \u00e4r ju bara 27 fortfarande... Sk\u00e4mt \u00e5sido, jag kunde inte \u00f6nska mig en finare, go'are, rarare, sn\u00e4llare och b\u00e4ttre dotter \u00e4n dig! Jag \u00f6nskar att du f\u00e5r en underbar f\u00f6delsedag! Jag \u00e4lskar dig! GRATTIS! \u00f6nskar mamma Robin mormor Roberto &\u2026","rel":"","context":"I \u201dFamiljen\u201d","block_context":{"text":"Familjen","link":"https:\/\/blogg.fumei.se\/?cat=34"},"img":{"alt_text":"","src":"https:\/\/i0.wp.com\/blogg.fumei.se\/wp-content\/uploads\/2018\/05\/Fia25-emeff2018.png?resize=350%2C200","width":350,"height":200,"srcset":"https:\/\/i0.wp.com\/blogg.fumei.se\/wp-content\/uploads\/2018\/05\/Fia25-emeff2018.png?resize=350%2C200 1x, https:\/\/i0.wp.com\/blogg.fumei.se\/wp-content\/uploads\/2018\/05\/Fia25-emeff2018.png?resize=525%2C300 1.5x"},"classes":[]},{"id":899,"url":"https:\/\/blogg.fumei.se\/?p=899","url_meta":{"origin":3301,"position":3},"title":"P\u00e5 pr\u00e4nt","author":"M :)","date":"2009-04-21","format":false,"excerpt":"I Onsdags var det f\u00f6delsedag i familjen. Eller f\u00f6desedagar, ska man v\u00e4l s\u00e4ga, f\u00f6r det var ju 2 personer som fyllde \u00e5r; n\u00e4mligen mamma och pappa. Det skiljer 2 \u00e5r mellan dem, men det \u00e4r lite kul att mina f\u00f6r\u00e4ldrar fyller \u00e5r samma dag! Pappa fyllde 70 och mamma \u00e4r\u2026","rel":"","context":"I \u201dVardagsliv\u201d","block_context":{"text":"Vardagsliv","link":"https:\/\/blogg.fumei.se\/?cat=47"},"img":{"alt_text":"","src":"","width":0,"height":0},"classes":[]},{"id":4646,"url":"https:\/\/blogg.fumei.se\/?p=4646","url_meta":{"origin":3301,"position":4},"title":"V\u00e4rldens b\u00e4sta mamma!","author":"M :)","date":"2019-04-15","format":false,"excerpt":"Idag \u00e4r det din dag, hela dagen! Stor grattiskram p\u00e5 din f\u00f6delsedag! GRATTIS! fr\u00e5n oss alla!","rel":"","context":"I \u201dFamiljen\u201d","block_context":{"text":"Familjen","link":"https:\/\/blogg.fumei.se\/?cat=34"},"img":{"alt_text":"","src":"https:\/\/i0.wp.com\/blogg.fumei.se\/wp-content\/uploads\/2019\/04\/mamma82blogg-emeff2019.png?resize=350%2C200&ssl=1","width":350,"height":200,"srcset":"https:\/\/i0.wp.com\/blogg.fumei.se\/wp-content\/uploads\/2019\/04\/mamma82blogg-emeff2019.png?resize=350%2C200&ssl=1 1x, https:\/\/i0.wp.com\/blogg.fumei.se\/wp-content\/uploads\/2019\/04\/mamma82blogg-emeff2019.png?resize=525%2C300&ssl=1 1.5x"},"classes":[]},{"id":41,"url":"https:\/\/blogg.fumei.se\/?p=41","url_meta":{"origin":3301,"position":5},"title":"Proudly presents&#8230;","author":"M :)","date":"2011-05-21","format":false,"excerpt":"dagens f\u00f6delsedagsbarn: Det \u00e4r lite sv\u00e5rt att fatta, men f\u00f6r 18 \u00e5r sedan l\u00e5g jag p\u00e5 BB N\u00c4L med den allra underbaraste lilla bebisflicka i famnen! Genom \u00e5ren har det inte alltid varit lika underbart, men hon kommer alltid att vara min \u00e4lskade, s\u00f6taste dotter! GRATTIS P\u00c5 F\u00d6DELSEDAGEN SOPHIA!","rel":"","context":"I \u201dFamiljen\u201d","block_context":{"text":"Familjen","link":"https:\/\/blogg.fumei.se\/?cat=34"},"img":{"alt_text":"","src":"https:\/\/i0.wp.com\/blogg.fumei.se\/wp-content\/uploads\/2011\/05\/fia18scrap-emeff2011-1024x1024.png?resize=350%2C200","width":350,"height":200,"srcset":"https:\/\/i0.wp.com\/blogg.fumei.se\/wp-content\/uploads\/2011\/05\/fia18scrap-emeff2011-1024x1024.png?resize=350%2C200 1x, https:\/\/i0.wp.com\/blogg.fumei.se\/wp-content\/uploads\/2011\/05\/fia18scrap-emeff2011-1024x1024.png?resize=525%2C300 1.5x"},"classes":[]}],"_links":{"self":[{"href":"https:\/\/blogg.fumei.se\/index.php?rest_route=\/wp\/v2\/posts\/3301","targetHints":{"allow":["GET"]}}],"collection":[{"href":"https:\/\/blogg.fumei.se\/index.php?rest_route=\/wp\/v2\/posts"}],"about":[{"href":"https:\/\/blogg.fumei.se\/index.php?rest_route=\/wp\/v2\/types\/post"}],"author":[{"embeddable":true,"href":"https:\/\/blogg.fumei.se\/index.php?rest_route=\/wp\/v2\/users\/1"}],"replies":[{"embeddable":true,"href":"https:\/\/blogg.fumei.se\/index.php?rest_route=%2Fwp%2Fv2%2Fcomments&post=3301"}],"version-history":[{"count":1,"href":"https:\/\/blogg.fumei.se\/index.php?rest_route=\/wp\/v2\/posts\/3301\/revisions"}],"predecessor-version":[{"id":3303,"href":"https:\/\/blogg.fumei.se\/index.php?rest_route=\/wp\/v2\/posts\/3301\/revisions\/3303"}],"wp:attachment":[{"href":"https:\/\/blogg.fumei.se\/index.php?rest_route=%2Fwp%2Fv2%2Fmedia&parent=3301"}],"wp:term":[{"taxonomy":"category","embeddable":true,"href":"https:\/\/blogg.fumei.se\/index.php?rest_route=%2Fwp%2Fv2%2Fcategories&post=3301"},{"taxonomy":"post_tag","embeddable":true,"href":"https:\/\/blogg.fumei.se\/index.php?rest_route=%2Fwp%2Fv2%2Ftags&post=3301"}],"curies":[{"name":"wp","href":"https:\/\/api.w.org\/{rel}","templated":true}]}}