{"id":3304,"date":"2014-05-21T13:10:46","date_gmt":"2014-05-21T11:10:46","guid":{"rendered":"http:\/\/blogg.fumei.se\/?p=3304"},"modified":"2014-05-21T13:10:46","modified_gmt":"2014-05-21T11:10:46","slug":"min-vackra-dotter","status":"publish","type":"post","link":"https:\/\/blogg.fumei.se\/?p=3304","title":{"rendered":"Min vackra dotter"},"content":{"rendered":"<div style=\"color: #3e302a;\">\n<p>Du f\u00f6ddes en varm majeftermiddag d\u00e5 \u00e5skan mullrade och f\u00f6rsommarregnet ritade vackra m\u00f6nster p\u00e5 f\u00f6nstren. Tja, du var inte s\u00e5 ivrig att komma ut, f\u00f6r du v\u00e4ntade tills 13 dagar efter utsatt datum, men\u00a0n\u00e4r den dagen kom spelade\u00a0alla &#8221;\u00f6vertidsdagar&#8221; inte\u00a0l\u00e4ngre n\u00e5gon roll&#8230;<br \/>\nOch n\u00e4r du v\u00e4l\u00a0f\u00f6ddes \u00a013.35, s\u00e5 uppenbarade sig den vackraste bebis av dom alla p\u00e5 hela jordklotet (jag vet,s\u00e5 s\u00e4ger alla mammor).<\/p>\n<p>Du var en glad, nyfiken och livlig tjej med mycket bus i blicken. Du charmade alla i din omgivning, var \u00e4n vi var sj\u00f6ng du och trallade, hittade p\u00e5 egna sm\u00e5 l\u00e5tar och du var en helt ljuvlig unge att ha omkring sig. Du \u00e4r min vackra, underbara, intelligenta och charmerande\u00a0dotter med ett stort hj\u00e4rta. Du \u00e4r\u00a0en mycket \u00e4lskv\u00e4rd person, en v\u00e4ldigt speciell och unik m\u00e4nniska. Och just\u00a0jag har f\u00e5tt den stora f\u00f6rm\u00e5nen att f\u00e5 vara din mamma! Tack f\u00f6r att du \u00e4r just DU, mitt \u00e4lskade flickebarn. Du berikar livet f\u00f6r mig och s\u00e5 m\u00e5nga andra och\u00a0jag \u00e4lskar\u00a0dig!<\/p>\n<h3 style=\"text-align: center;\"><span style=\"color: #993366;\">Stort grattis p\u00e5 din dag!<\/span><\/h3>\n<\/div>\n<div style=\"color: #3e302a;\"><\/div>\n<div style=\"color: #3e302a;\"><a href=\"https:\/\/i0.wp.com\/blogg.fumei.se\/wp-content\/uploads\/2014\/05\/Fia21blogg-emeff2014.jpg?ssl=1\"><img data-recalc-dims=\"1\" loading=\"lazy\" decoding=\"async\" data-attachment-id=\"3305\" data-permalink=\"https:\/\/blogg.fumei.se\/?attachment_id=3305\" data-orig-file=\"https:\/\/i0.wp.com\/blogg.fumei.se\/wp-content\/uploads\/2014\/05\/Fia21blogg-emeff2014.jpg?fit=600%2C600&amp;ssl=1\" data-orig-size=\"600,600\" data-comments-opened=\"1\" data-image-meta=\"{&quot;aperture&quot;:&quot;0&quot;,&quot;credit&quot;:&quot;&quot;,&quot;camera&quot;:&quot;&quot;,&quot;caption&quot;:&quot;&quot;,&quot;created_timestamp&quot;:&quot;0&quot;,&quot;copyright&quot;:&quot;&quot;,&quot;focal_length&quot;:&quot;0&quot;,&quot;iso&quot;:&quot;0&quot;,&quot;shutter_speed&quot;:&quot;0&quot;,&quot;title&quot;:&quot;&quot;}\" data-image-title=\"Fia21blogg-emeff2014\" data-image-description=\"\" data-image-caption=\"\" data-large-file=\"https:\/\/i0.wp.com\/blogg.fumei.se\/wp-content\/uploads\/2014\/05\/Fia21blogg-emeff2014.jpg?fit=600%2C600&amp;ssl=1\" class=\"aligncenter size-full wp-image-3305\" src=\"https:\/\/i0.wp.com\/blogg.fumei.se\/wp-content\/uploads\/2014\/05\/Fia21blogg-emeff2014.jpg?resize=600%2C600&#038;ssl=1\" alt=\"Fia21blogg-emeff2014\" width=\"600\" height=\"600\" srcset=\"https:\/\/i0.wp.com\/blogg.fumei.se\/wp-content\/uploads\/2014\/05\/Fia21blogg-emeff2014.jpg?w=600&amp;ssl=1 600w, https:\/\/i0.wp.com\/blogg.fumei.se\/wp-content\/uploads\/2014\/05\/Fia21blogg-emeff2014.jpg?resize=180%2C180&amp;ssl=1 180w, https:\/\/i0.wp.com\/blogg.fumei.se\/wp-content\/uploads\/2014\/05\/Fia21blogg-emeff2014.jpg?resize=300%2C300&amp;ssl=1 300w\" sizes=\"auto, (max-width: 600px) 100vw, 600px\" \/><\/a><\/div>\n","protected":false},"excerpt":{"rendered":"<p>Du f\u00f6ddes en varm majeftermiddag d\u00e5 \u00e5skan mullrade och f\u00f6rsommarregnet ritade vackra m\u00f6nster p\u00e5 f\u00f6nstren. Tja, du var inte s\u00e5 ivrig att komma ut, f\u00f6r du v\u00e4ntade tills 13 dagar efter utsatt datum, men\u00a0n\u00e4r den dagen kom spelade\u00a0alla &#8221;\u00f6vertidsdagar&#8221; inte\u00a0l\u00e4ngre n\u00e5gon roll&#8230; Och n\u00e4r du v\u00e4l\u00a0f\u00f6ddes \u00a013.35, s\u00e5 uppenbarade sig den vackraste bebis av dom&#8230;<\/p>\n","protected":false},"author":1,"featured_media":0,"comment_status":"open","ping_status":"open","sticky":false,"template":"","format":"standard","meta":{"jetpack_post_was_ever_published":false,"_jetpack_newsletter_access":"","_jetpack_dont_email_post_to_subs":false,"_jetpack_newsletter_tier_id":0,"_jetpack_memberships_contains_paywalled_content":false,"_jetpack_memberships_contains_paid_content":false,"footnotes":"","jetpack_publicize_message":"","jetpack_publicize_feature_enabled":true,"jetpack_social_post_already_shared":true,"jetpack_social_options":{"image_generator_settings":{"template":"highway","default_image_id":0,"font":"","enabled":false},"version":2}},"categories":[34,47],"tags":[184,220,106,298,183],"class_list":["post-3304","post","type-post","status-publish","format-standard","hentry","category-familjen","category-vardagsliv","tag-fia","tag-fira","tag-fodelsedag","tag-grattis","tag-sophia"],"jetpack_publicize_connections":[],"jetpack_featured_media_url":"","jetpack_shortlink":"https:\/\/wp.me\/p3qko4-Ri","jetpack_sharing_enabled":true,"jetpack_likes_enabled":true,"jetpack-related-posts":[{"id":40,"url":"https:\/\/blogg.fumei.se\/?p=40","url_meta":{"origin":3304,"position":0},"title":"Kalasdax","author":"M :)","date":"2011-05-21","format":false,"excerpt":"Idag firade vi Fias intr\u00e4de i vuxenv\u00e4rlden. Det \u00e4r inte varje dag man fyller 18, s\u00e5 jag ville g\u00e4rna g\u00f6ra det lite extra f\u00f6r henne, men fr\u00f6ken hade gjort upp egna planer, s\u00e5 det fick bli som det blev av det hela. En sak lyckades vi f\u00e5 med i alla\u2026","rel":"","context":"I \u201dVardagsliv\u201d","block_context":{"text":"Vardagsliv","link":"https:\/\/blogg.fumei.se\/?cat=47"},"img":{"alt_text":"","src":"https:\/\/i0.wp.com\/blogg.fumei.se\/wp-content\/uploads\/2011\/05\/P1110400.jpg?resize=350%2C200","width":350,"height":200},"classes":[]},{"id":3881,"url":"https:\/\/blogg.fumei.se\/?p=3881","url_meta":{"origin":3304,"position":1},"title":"V\u00e4rldens vackraste dotter","author":"M :)","date":"2016-05-21","format":false,"excerpt":"fyller \u00e5r idag! GRATTIS p\u00e5 f\u00f6delsedagen \u00f6nskar mamma Robin mormor & morfar (och Pixel...)","rel":"","context":"I \u201dFamiljen\u201d","block_context":{"text":"Familjen","link":"https:\/\/blogg.fumei.se\/?cat=34"},"img":{"alt_text":"Fia23-emeff2016","src":"https:\/\/i0.wp.com\/blogg.fumei.se\/wp-content\/uploads\/2016\/05\/Fia23-emeff2016.jpg?resize=350%2C200","width":350,"height":200,"srcset":"https:\/\/i0.wp.com\/blogg.fumei.se\/wp-content\/uploads\/2016\/05\/Fia23-emeff2016.jpg?resize=350%2C200 1x, https:\/\/i0.wp.com\/blogg.fumei.se\/wp-content\/uploads\/2016\/05\/Fia23-emeff2016.jpg?resize=525%2C300 1.5x"},"classes":[]},{"id":4652,"url":"https:\/\/blogg.fumei.se\/?p=4652","url_meta":{"origin":3304,"position":2},"title":"Ja m\u00e5 hon leva!","author":"M :)","date":"2019-05-21","format":false,"excerpt":"Den finaste, vackraste, b\u00e4sta dottern av dem alla, idag fyller hon \u00e5r! GRATTIS! \u00f6nskar mamma & RobinmormorIlse, Magnus, Frida & TyraRoberto & IsabellaSilvio, Lovisa & VictorMikael, Melina & Max\u2665","rel":"","context":"I \u201dVardagsliv\u201d","block_context":{"text":"Vardagsliv","link":"https:\/\/blogg.fumei.se\/?cat=47"},"img":{"alt_text":"","src":"https:\/\/i0.wp.com\/blogg.fumei.se\/wp-content\/uploads\/2019\/05\/Fia26Blogg-EmEff2019.png?resize=350%2C200&ssl=1","width":350,"height":200,"srcset":"https:\/\/i0.wp.com\/blogg.fumei.se\/wp-content\/uploads\/2019\/05\/Fia26Blogg-EmEff2019.png?resize=350%2C200&ssl=1 1x, https:\/\/i0.wp.com\/blogg.fumei.se\/wp-content\/uploads\/2019\/05\/Fia26Blogg-EmEff2019.png?resize=525%2C300&ssl=1 1.5x"},"classes":[]},{"id":1838,"url":"https:\/\/blogg.fumei.se\/?p=1838","url_meta":{"origin":3304,"position":3},"title":"Bokrecension: Pirita, Karelens dotter","author":"M :)","date":"2011-12-02","format":false,"excerpt":"I Nordiska l\u00e4sutmaningen valde jag f\u00f6r November m\u00e5nad \"Pirita, Karelens dotter\" av Kaari Utrio. Kaari Utrio \u00e4r en finsk historiker och\u00a0f\u00f6rfattare, och hon skriver fr\u00e4mst historiska romaner. F\u00f6r det mesta handlar hennes romaner om kvinnor som skiljer sig fr\u00e5n hur kvinnor f\u00f6rv\u00e4ntades upptr\u00e4da f\u00f6rr i tiden. \"Pirita...\" \u00e4r inget undantag.\u2026","rel":"","context":"I \u201dVardagsliv\u201d","block_context":{"text":"Vardagsliv","link":"https:\/\/blogg.fumei.se\/?cat=47"},"img":{"alt_text":"","src":"","width":0,"height":0},"classes":[]},{"id":4674,"url":"https:\/\/blogg.fumei.se\/?p=4674","url_meta":{"origin":3304,"position":4},"title":"Chartersemester","author":"M :)","date":"2019-08-25","format":false,"excerpt":"Det \u00e4r n\u00e5got jag aldrig varit p\u00e5. Tills nu. \u00c5rets resa gick till kreta tillsammans med Mikael och hans dotter M samt en kompis till henne. Mikaels son \u00e4r inte vidare f\u00f6rtjust i v\u00e4rme och sol, s\u00e5 det blev delade semestrar med dem i \u00e5r. Den resan kommer i ett\u2026","rel":"","context":"I \u201dVardagsliv\u201d","block_context":{"text":"Vardagsliv","link":"https:\/\/blogg.fumei.se\/?cat=47"},"img":{"alt_text":"","src":"https:\/\/i0.wp.com\/blogg.fumei.se\/wp-content\/uploads\/2019\/08\/1.png?resize=350%2C200","width":350,"height":200,"srcset":"https:\/\/i0.wp.com\/blogg.fumei.se\/wp-content\/uploads\/2019\/08\/1.png?resize=350%2C200 1x, https:\/\/i0.wp.com\/blogg.fumei.se\/wp-content\/uploads\/2019\/08\/1.png?resize=525%2C300 1.5x"},"classes":[]},{"id":3655,"url":"https:\/\/blogg.fumei.se\/?p=3655","url_meta":{"origin":3304,"position":5},"title":"Fiadag","author":"M :)","date":"2015-05-21","format":false,"excerpt":"Idag klockan 13.32, fast f\u00f6r 22 \u00e5r sedan, f\u00f6ddes v\u00e4rldens finaste, b\u00e4sta och underbaraste dotter! Trots alla motg\u00e5ngar, h\u00e5rda ord och igensm\u00e4llda d\u00f6rrar genom \u00e5ren, s\u00e5 \u00e4lskar jag dig (och din bror) mest av alla i heeeela v\u00e4rlden!! GRATTIS p\u00e5 f\u00f6delsedagen \u00f6nskar mamsen","rel":"","context":"I \u201dFamiljen\u201d","block_context":{"text":"Familjen","link":"https:\/\/blogg.fumei.se\/?cat=34"},"img":{"alt_text":"fia22","src":"https:\/\/i0.wp.com\/blogg.fumei.se\/wp-content\/uploads\/2015\/05\/fia22.jpg?resize=350%2C200","width":350,"height":200,"srcset":"https:\/\/i0.wp.com\/blogg.fumei.se\/wp-content\/uploads\/2015\/05\/fia22.jpg?resize=350%2C200 1x, https:\/\/i0.wp.com\/blogg.fumei.se\/wp-content\/uploads\/2015\/05\/fia22.jpg?resize=525%2C300 1.5x"},"classes":[]}],"_links":{"self":[{"href":"https:\/\/blogg.fumei.se\/index.php?rest_route=\/wp\/v2\/posts\/3304","targetHints":{"allow":["GET"]}}],"collection":[{"href":"https:\/\/blogg.fumei.se\/index.php?rest_route=\/wp\/v2\/posts"}],"about":[{"href":"https:\/\/blogg.fumei.se\/index.php?rest_route=\/wp\/v2\/types\/post"}],"author":[{"embeddable":true,"href":"https:\/\/blogg.fumei.se\/index.php?rest_route=\/wp\/v2\/users\/1"}],"replies":[{"embeddable":true,"href":"https:\/\/blogg.fumei.se\/index.php?rest_route=%2Fwp%2Fv2%2Fcomments&post=3304"}],"version-history":[{"count":4,"href":"https:\/\/blogg.fumei.se\/index.php?rest_route=\/wp\/v2\/posts\/3304\/revisions"}],"predecessor-version":[{"id":3309,"href":"https:\/\/blogg.fumei.se\/index.php?rest_route=\/wp\/v2\/posts\/3304\/revisions\/3309"}],"wp:attachment":[{"href":"https:\/\/blogg.fumei.se\/index.php?rest_route=%2Fwp%2Fv2%2Fmedia&parent=3304"}],"wp:term":[{"taxonomy":"category","embeddable":true,"href":"https:\/\/blogg.fumei.se\/index.php?rest_route=%2Fwp%2Fv2%2Fcategories&post=3304"},{"taxonomy":"post_tag","embeddable":true,"href":"https:\/\/blogg.fumei.se\/index.php?rest_route=%2Fwp%2Fv2%2Ftags&post=3304"}],"curies":[{"name":"wp","href":"https:\/\/api.w.org\/{rel}","templated":true}]}}