{"id":3313,"date":"2014-06-02T17:42:31","date_gmt":"2014-06-02T15:42:31","guid":{"rendered":"http:\/\/blogg.fumei.se\/?p=3313"},"modified":"2014-06-02T17:42:31","modified_gmt":"2014-06-02T15:42:31","slug":"sol-och-sommar-och-halva-tjocka-slakten","status":"publish","type":"post","link":"https:\/\/blogg.fumei.se\/?p=3313","title":{"rendered":"Sol och sommar och halva tjocka sl\u00e4kten"},"content":{"rendered":"<p>I l\u00f6rdags var det dags f\u00f6r dop f\u00f6r Juliah. Det hela gick av stapeln i <a href=\"http:\/\/www.skarapastorat.se\/alias\/users\/10001\/Varnhem+arbetsomr%E5de+-+Kyrkor,10050,0.html\" target=\"_blank\">Eggby kyrka<\/a>, som enkelt f\u00f6rklarat ligger utanf\u00f6r Varnhem, mellan Sk\u00f6vde och Skara.<br \/>\nEn v\u00e4ldigt fin gammal kyrka, den \u00e4ldsta bevarade delen \u00e4r fr\u00e5n medeltiden och dopfunten \u00e4r \u00e4nda fr\u00e5n 1100-talet. (Ja, jag gillar gamla byggnader med en historia&#8230;)<\/p>\n<p>Lilltjejen var alldeles j\u00e4ttes\u00f6t som vanligt, och s\u00e5 lugn och fin i kyrkan. Ja, i alla fall tills pr\u00e4sten skulle lyfta henne och visa henne f\u00f6r f\u00f6rsamlingen. D\u00e5 blev hon lite kinkig, men det gick \u00f6ver n\u00e4r hon fick komma till sin mamma igen. Hon har numera tre faddrar: Robin (morbror), Lina (faster) och Elin (mammas och pappas kompis).<\/p>\n<p>Efter sj\u00e4lva dopet samlades den lilla familjen och alla g\u00e4sterna i ett hus som ligger bredvid kyrkan, och s\u00e5 fikade vi mackor och t\u00e5rta. Alla sl\u00e4ktingar fick s\u00e4ga hej till varandra och s\u00e5 togs det en massa kort och gullades med huvudpersonen.<br \/>\nHon somnade dock efter e stund, s\u00e5 d\u00e5 passade hennes f\u00f6r\u00e4ldrar p\u00e5 att packa upp alla presenter deras dotter f\u00e5tt.<\/p>\n<p>Efter ytterligare lite mingel begav sig de flesta hem\u00e5t, och n\u00e4r vi hade diskat och st\u00e4dat \u00e5kte vi andra ocks\u00e5 hem.<\/p>\n<p>Jag fick \u00e5ka med Emma, Silvio och barnen eftersom de skulle sova hos mig \u00f6ver natten. Det d\u00e4r med elefant i baks\u00e4tet hade inte varit n\u00e5gon risk p\u00e5 den f\u00e4rden, f\u00f6r jag satt s\u00e5 fint fastkilad mellan bilbarnstolarna d\u00e4r bak. Ja, jag hade ju b\u00e4ltet ocks\u00e5, men \u00e4nd\u00e5. Fast det var en klar f\u00f6rb\u00e4ttring mot resan till kyrkan, d\u00e5 jag satt i skuffen p\u00e5 pappas Saab (5 vuxna och en ton\u00e5ring i samma bil kr\u00e4ver sin logistik &#8211; tur att ingen polis s\u00e5g oss). Nu kunde jag \u00e5tminstone str\u00e4cka p\u00e5 ryggen och nacken.<\/p>\n<p>S\u00f6ndagen \u00e4gnades \u00e5t kultur. F\u00f6rst i form av science fictionbokhandeln, sedan i form av Prideparaden, och s\u00e5 avslutade jag med att somna till Poirot p\u00e5 tv. En sv\u00e4ng till Tr\u00e4dg\u00e5rdsf\u00f6reningen f\u00f6r lite planerat lek och bus i hopp om att tr\u00f6tta ut Lovisa och Victor slutade ganska fort n\u00e4r Victor kl\u00e4mde fingrarna p\u00e5 en gungbr\u00e4da (eller n\u00e5t). Handtag \u00e5t de sm\u00e5 liven att h\u00e5lla sig i kanske kan vara en id\u00e9? S\u00e5 det blev fika och hemf\u00e4rd ist\u00e4llet. Och d\u00e4r fick vi \u00e5terigen \u00e4ndra v\u00e5ra planer, f\u00f6r en sp\u00e5rvagn hade s\u00e5 l\u00e4gligt havererat utanf\u00f6r Posthotellet, s\u00e5 det fick bli buss ist\u00e4llet. Men vi hann ju se paraden, och s\u00e5 vet jag numera att bussen inte stannar s\u00e5 himla l\u00e5ngt ifr\u00e5n min vanliga sp\u00e5rvagnsh\u00e5llplats.<\/p>\n<p>P\u00e5 kv\u00e4llen kom Fia, Linus och Julih p\u00e5 bes\u00f6k. De skulle egentligen komma m\u00e5ndag och stanna till tisdag, men s\u00e5 \u00e4r det ju det d\u00e4r med tv\u00e4ttider i hyreshus. Den enda tiden de fick var p\u00e5 m\u00e5ndag, s\u00e5 d\u00e5 \u00e4ndrade de sina andra planer ist\u00e4llet. Fast det gjorde ju inget, f\u00f6r jag fick ju mysa med s\u00f6tnosen Julia!<\/p>\n<figure id=\"attachment_3322\" aria-describedby=\"caption-attachment-3322\" style=\"width: 433px\" class=\"wp-caption aligncenter\"><a href=\"https:\/\/i0.wp.com\/blogg.fumei.se\/wp-content\/uploads\/2014\/06\/CIMG0082.jpg?ssl=1\"><img data-recalc-dims=\"1\" loading=\"lazy\" decoding=\"async\" data-attachment-id=\"3322\" data-permalink=\"https:\/\/blogg.fumei.se\/?attachment_id=3322\" data-orig-file=\"https:\/\/i0.wp.com\/blogg.fumei.se\/wp-content\/uploads\/2014\/06\/CIMG0082.jpg?fit=1529%2C2293&amp;ssl=1\" data-orig-size=\"1529,2293\" data-comments-opened=\"1\" data-image-meta=\"{&quot;aperture&quot;:&quot;3.1&quot;,&quot;credit&quot;:&quot;&quot;,&quot;camera&quot;:&quot;EX-Z35&quot;,&quot;caption&quot;:&quot;&quot;,&quot;created_timestamp&quot;:&quot;1401549133&quot;,&quot;copyright&quot;:&quot;&quot;,&quot;focal_length&quot;:&quot;6.3&quot;,&quot;iso&quot;:&quot;100&quot;,&quot;shutter_speed&quot;:&quot;0.00625&quot;,&quot;title&quot;:&quot;&quot;}\" data-image-title=\"Fina familjen\" data-image-description=\"\" data-image-caption=\"&lt;p&gt;Fina familjen&lt;\/p&gt;\n\" data-large-file=\"https:\/\/i0.wp.com\/blogg.fumei.se\/wp-content\/uploads\/2014\/06\/CIMG0082.jpg?fit=433%2C650&amp;ssl=1\" class=\"size-large wp-image-3322\" src=\"https:\/\/i0.wp.com\/blogg.fumei.se\/wp-content\/uploads\/2014\/06\/CIMG0082.jpg?resize=433%2C650&#038;ssl=1\" alt=\"Fina familjen\" width=\"433\" height=\"650\" srcset=\"https:\/\/i0.wp.com\/blogg.fumei.se\/wp-content\/uploads\/2014\/06\/CIMG0082.jpg?resize=433%2C650&amp;ssl=1 433w, https:\/\/i0.wp.com\/blogg.fumei.se\/wp-content\/uploads\/2014\/06\/CIMG0082.jpg?resize=200%2C300&amp;ssl=1 200w, https:\/\/i0.wp.com\/blogg.fumei.se\/wp-content\/uploads\/2014\/06\/CIMG0082.jpg?w=1529&amp;ssl=1 1529w, https:\/\/i0.wp.com\/blogg.fumei.se\/wp-content\/uploads\/2014\/06\/CIMG0082.jpg?w=1280&amp;ssl=1 1280w\" sizes=\"auto, (max-width: 433px) 100vw, 433px\" \/><\/a><figcaption id=\"caption-attachment-3322\" class=\"wp-caption-text\">Fina familjen<\/figcaption><\/figure>\n<p class=\"jetpack-slideshow-noscript robots-nocontent\">Detta bildspel kr\u00e4ver JavaScript.<\/p><div id=\"gallery-3313-1-slideshow\" class=\"jetpack-slideshow-window jetpack-slideshow jetpack-slideshow-black\" data-trans=\"fade\" data-autostart=\"1\" data-gallery=\"[{&quot;src&quot;:&quot;https:\\\/\\\/i0.wp.com\\\/blogg.fumei.se\\\/wp-content\\\/uploads\\\/2014\\\/06\\\/CIMG0028.jpg?fit=3264%2C2448\\u0026ssl=1&quot;,&quot;id&quot;:&quot;3323&quot;,&quot;title&quot;:&quot;Eggby kyrka&quot;,&quot;alt&quot;:&quot;&quot;,&quot;caption&quot;:&quot;&quot;,&quot;itemprop&quot;:&quot;image&quot;},{&quot;src&quot;:&quot;https:\\\/\\\/i0.wp.com\\\/blogg.fumei.se\\\/wp-content\\\/uploads\\\/2014\\\/06\\\/CIMG0033_B.jpg?fit=1250%2C1875\\u0026ssl=1&quot;,&quot;id&quot;:&quot;3318&quot;,&quot;title&quot;:&quot;Juliah&quot;,&quot;alt&quot;:&quot;&quot;,&quot;caption&quot;:&quot;&quot;,&quot;itemprop&quot;:&quot;image&quot;},{&quot;src&quot;:&quot;https:\\\/\\\/i0.wp.com\\\/blogg.fumei.se\\\/wp-content\\\/uploads\\\/2014\\\/06\\\/CIMG0005.jpg?fit=3172%2C2115\\u0026ssl=1&quot;,&quot;id&quot;:&quot;3316&quot;,&quot;title&quot;:&quot;Faddrar&quot;,&quot;alt&quot;:&quot;&quot;,&quot;caption&quot;:&quot;&quot;,&quot;itemprop&quot;:&quot;image&quot;},{&quot;src&quot;:&quot;https:\\\/\\\/i0.wp.com\\\/blogg.fumei.se\\\/wp-content\\\/uploads\\\/2014\\\/06\\\/CIMG0007.jpg?fit=1629%2C2443\\u0026ssl=1&quot;,&quot;id&quot;:&quot;3315&quot;,&quot;title&quot;:&quot;V\\u00e4lsignelsen&quot;,&quot;alt&quot;:&quot;&quot;,&quot;caption&quot;:&quot;&quot;,&quot;itemprop&quot;:&quot;image&quot;},{&quot;src&quot;:&quot;https:\\\/\\\/i0.wp.com\\\/blogg.fumei.se\\\/wp-content\\\/uploads\\\/2014\\\/06\\\/CIMG0012.jpg?fit=1353%2C2030\\u0026ssl=1&quot;,&quot;id&quot;:&quot;3328&quot;,&quot;title&quot;:&quot;Dopet&quot;,&quot;alt&quot;:&quot;&quot;,&quot;caption&quot;:&quot;&quot;,&quot;itemprop&quot;:&quot;image&quot;},{&quot;src&quot;:&quot;https:\\\/\\\/i0.wp.com\\\/blogg.fumei.se\\\/wp-content\\\/uploads\\\/2014\\\/06\\\/CIMG0023.jpg?fit=1588%2C2383\\u0026ssl=1&quot;,&quot;id&quot;:&quot;3317&quot;,&quot;title&quot;:&quot;Minifamiljen&quot;,&quot;alt&quot;:&quot;&quot;,&quot;caption&quot;:&quot;&quot;,&quot;itemprop&quot;:&quot;image&quot;},{&quot;src&quot;:&quot;https:\\\/\\\/i0.wp.com\\\/blogg.fumei.se\\\/wp-content\\\/uploads\\\/2014\\\/06\\\/CIMG0053.jpg?fit=3234%2C2156\\u0026ssl=1&quot;,&quot;id&quot;:&quot;3319&quot;,&quot;title&quot;:&quot;T\\u00e5rtan&quot;,&quot;alt&quot;:&quot;&quot;,&quot;caption&quot;:&quot;&quot;,&quot;itemprop&quot;:&quot;image&quot;},{&quot;src&quot;:&quot;https:\\\/\\\/i0.wp.com\\\/blogg.fumei.se\\\/wp-content\\\/uploads\\\/2014\\\/06\\\/CIMG0055.jpg?fit=2949%2C1966\\u0026ssl=1&quot;,&quot;id&quot;:&quot;3321&quot;,&quot;title&quot;:&quot;Presenter 1&quot;,&quot;alt&quot;:&quot;&quot;,&quot;caption&quot;:&quot;&quot;,&quot;itemprop&quot;:&quot;image&quot;},{&quot;src&quot;:&quot;https:\\\/\\\/i0.wp.com\\\/blogg.fumei.se\\\/wp-content\\\/uploads\\\/2014\\\/06\\\/CIMG0054.jpg?fit=3064%2C2042\\u0026ssl=1&quot;,&quot;id&quot;:&quot;3320&quot;,&quot;title&quot;:&quot;Presenter 2&quot;,&quot;alt&quot;:&quot;&quot;,&quot;caption&quot;:&quot;&quot;,&quot;itemprop&quot;:&quot;image&quot;}]\" itemscope itemtype=\"https:\/\/schema.org\/ImageGallery\"><\/div>\n<p>&nbsp;<\/p>\n<p>&nbsp;<\/p>\n","protected":false},"excerpt":{"rendered":"<p>I l\u00f6rdags var det dags f\u00f6r dop f\u00f6r Juliah. Det hela gick av stapeln i Eggby kyrka, som enkelt f\u00f6rklarat ligger utanf\u00f6r Varnhem, mellan Sk\u00f6vde och Skara. En v\u00e4ldigt fin gammal kyrka, den \u00e4ldsta bevarade delen \u00e4r fr\u00e5n medeltiden och dopfunten \u00e4r \u00e4nda fr\u00e5n 1100-talet. (Ja, jag gillar gamla byggnader med en historia&#8230;) Lilltjejen var&#8230;<\/p>\n","protected":false},"author":1,"featured_media":0,"comment_status":"open","ping_status":"open","sticky":false,"template":"","format":"standard","meta":{"jetpack_post_was_ever_published":false,"_jetpack_newsletter_access":"","_jetpack_dont_email_post_to_subs":false,"_jetpack_newsletter_tier_id":0,"_jetpack_memberships_contains_paywalled_content":false,"_jetpack_memberships_contains_paid_content":false,"footnotes":"","jetpack_publicize_message":"","jetpack_publicize_feature_enabled":true,"jetpack_social_post_already_shared":true,"jetpack_social_options":{"image_generator_settings":{"template":"highway","default_image_id":0,"font":"","enabled":false},"version":2}},"categories":[34,47],"tags":[322,323,309,216],"class_list":["post-3313","post","type-post","status-publish","format-standard","hentry","category-familjen","category-vardagsliv","tag-dop","tag-familj","tag-juliah","tag-slakt"],"jetpack_publicize_connections":[],"jetpack_featured_media_url":"","jetpack_shortlink":"https:\/\/wp.me\/p3qko4-Rr","jetpack_sharing_enabled":true,"jetpack_likes_enabled":true,"jetpack-related-posts":[{"id":5047,"url":"https:\/\/blogg.fumei.se\/?p=5047","url_meta":{"origin":3313,"position":0},"title":"Dopdags","author":"M :)","date":"2019-02-02","format":false,"excerpt":"Idag fick vi vara med n\u00e4r Amandus d\u00f6ptes i Domkyrkan i Skara.Jag l\u00e4ste en liten bibelvers och Sara l\u00e4ste en annan, och Evelina som \u00e4r gudmor fick t\u00e4nda ljuset.Juliah fick hj\u00e4lpa faster att h\u00e4lla vattnet i dopfunten, och sen fick hon ansvara f\u00f6r att pr\u00e4sten fick handduken att torka Amandus\u2026","rel":"","context":"I \u201dFamiljen\u201d","block_context":{"text":"Familjen","link":"https:\/\/blogg.fumei.se\/?cat=34"},"img":{"alt_text":"","src":"https:\/\/i0.wp.com\/blogg.fumei.se\/wp-content\/uploads\/2022\/11\/B84B91C6-AC97-496F-A90C-8502CC188D20_1_105_c.jpeg?resize=350%2C200","width":350,"height":200,"srcset":"https:\/\/i0.wp.com\/blogg.fumei.se\/wp-content\/uploads\/2022\/11\/B84B91C6-AC97-496F-A90C-8502CC188D20_1_105_c.jpeg?resize=350%2C200 1x, https:\/\/i0.wp.com\/blogg.fumei.se\/wp-content\/uploads\/2022\/11\/B84B91C6-AC97-496F-A90C-8502CC188D20_1_105_c.jpeg?resize=525%2C300 1.5x, https:\/\/i0.wp.com\/blogg.fumei.se\/wp-content\/uploads\/2022\/11\/B84B91C6-AC97-496F-A90C-8502CC188D20_1_105_c.jpeg?resize=700%2C400 2x"},"classes":[]},{"id":3615,"url":"https:\/\/blogg.fumei.se\/?p=3615","url_meta":{"origin":3313,"position":1},"title":"Konfirmationsdags","author":"M :)","date":"2015-05-12","format":false,"excerpt":"\u00c4ldsta brorsdottern, Isabella, har konfirmerat sig. I s\u00f6ndags \u00e5kte jag med mor och far i bilen ner till Torup och gratulerade och lyck\u00f6nskade unga fr\u00f6ken. I kyrkan var det som vanligt n\u00e4r det \u00e4r sk familjeh\u00f6gtider, dvs en himla massa sm\u00e5 barn som inte har ett dugg lust att sitta\u2026","rel":"","context":"I \u201dVardagsliv\u201d","block_context":{"text":"Vardagsliv","link":"https:\/\/blogg.fumei.se\/?cat=47"},"img":{"alt_text":"bellakonf1","src":"https:\/\/i0.wp.com\/blogg.fumei.se\/wp-content\/uploads\/2015\/05\/bellakonf1-650x325.jpg?resize=350%2C200","width":350,"height":200,"srcset":"https:\/\/i0.wp.com\/blogg.fumei.se\/wp-content\/uploads\/2015\/05\/bellakonf1-650x325.jpg?resize=350%2C200 1x, https:\/\/i0.wp.com\/blogg.fumei.se\/wp-content\/uploads\/2015\/05\/bellakonf1-650x325.jpg?resize=525%2C300 1.5x"},"classes":[]},{"id":3802,"url":"https:\/\/blogg.fumei.se\/?p=3802","url_meta":{"origin":3313,"position":2},"title":"Nu \u00e4r glada julen slut, slut slut&#8230;","author":"M :)","date":"2016-01-02","format":false,"excerpt":"S\u00e5 var julen och \u00e4ven ny\u00e5rshelgen \u00f6verst\u00f6kade f\u00f6r den h\u00e4r g\u00e5ngen! I \u00e5r hade jag turen att vara ledig hela julhelgen, s\u00e5 jag kunde umg\u00e5s med familjen utan att stressa. Jag jobbade kv\u00e4llspass dagen innan julafton, s\u00e5 jag satte mig p\u00e5 t\u00e5get direkt efter\u00e5t och \u00e5kte hem till mor och\u2026","rel":"","context":"I \u201dVardagsliv\u201d","block_context":{"text":"Vardagsliv","link":"https:\/\/blogg.fumei.se\/?cat=47"},"img":{"alt_text":"","src":"https:\/\/i0.wp.com\/blogg.fumei.se\/wp-content\/uploads\/2016\/01\/2015-12-24-17.45.03.jpg?resize=350%2C200","width":350,"height":200,"srcset":"https:\/\/i0.wp.com\/blogg.fumei.se\/wp-content\/uploads\/2016\/01\/2015-12-24-17.45.03.jpg?resize=350%2C200 1x, https:\/\/i0.wp.com\/blogg.fumei.se\/wp-content\/uploads\/2016\/01\/2015-12-24-17.45.03.jpg?resize=525%2C300 1.5x, https:\/\/i0.wp.com\/blogg.fumei.se\/wp-content\/uploads\/2016\/01\/2015-12-24-17.45.03.jpg?resize=700%2C400 2x, https:\/\/i0.wp.com\/blogg.fumei.se\/wp-content\/uploads\/2016\/01\/2015-12-24-17.45.03.jpg?resize=1050%2C600 3x, https:\/\/i0.wp.com\/blogg.fumei.se\/wp-content\/uploads\/2016\/01\/2015-12-24-17.45.03.jpg?resize=1400%2C800 4x"},"classes":[]},{"id":4339,"url":"https:\/\/blogg.fumei.se\/?p=4339","url_meta":{"origin":3313,"position":3},"title":"Att ta adj\u00f6","author":"M :)","date":"2017-03-30","format":false,"excerpt":"Ig\u00e5r hade vi begravning f\u00f6r pappa. Mamma, vi barn, barnbarn och barnbarnsbarn, Hanne och Flemming samt m\u00e5nga av mamma och pappas v\u00e4nner. Dessutom var Sylwia med, och Jorge kom ocks\u00e5. Ceremonin h\u00f6lls i kyrkans hus i Floby, och efter\u00e5t gick vi alla till en annan lokal d\u00e4r vi fikade. Det\u2026","rel":"","context":"I \u201dFamiljen\u201d","block_context":{"text":"Familjen","link":"https:\/\/blogg.fumei.se\/?cat=34"},"img":{"alt_text":"","src":"https:\/\/i0.wp.com\/blogg.fumei.se\/wp-content\/uploads\/2017\/12\/20170329_123844-e1512210110370.jpg?resize=350%2C200","width":350,"height":200,"srcset":"https:\/\/i0.wp.com\/blogg.fumei.se\/wp-content\/uploads\/2017\/12\/20170329_123844-e1512210110370.jpg?resize=350%2C200 1x, https:\/\/i0.wp.com\/blogg.fumei.se\/wp-content\/uploads\/2017\/12\/20170329_123844-e1512210110370.jpg?resize=525%2C300 1.5x, https:\/\/i0.wp.com\/blogg.fumei.se\/wp-content\/uploads\/2017\/12\/20170329_123844-e1512210110370.jpg?resize=700%2C400 2x, https:\/\/i0.wp.com\/blogg.fumei.se\/wp-content\/uploads\/2017\/12\/20170329_123844-e1512210110370.jpg?resize=1050%2C600 3x, https:\/\/i0.wp.com\/blogg.fumei.se\/wp-content\/uploads\/2017\/12\/20170329_123844-e1512210110370.jpg?resize=1400%2C800 4x"},"classes":[]},{"id":4048,"url":"https:\/\/blogg.fumei.se\/?p=4048","url_meta":{"origin":3313,"position":4},"title":"Familjejul","author":"M :)","date":"2016-12-30","format":false,"excerpt":"Jag var ledig hela julhelgen (andra julen i rad, l\u00e4r ju f\u00e5 jobba n\u00e4sta jul...) och \u00e5kte (som vanligt) till mamma och pappa. Robin kom hit till mig i G\u00f6teborg ett par dagar innan julafton, f\u00f6r vi skulle ut och shoppa julklapp \u00e5t honom. Jag manipulerade honom till att v\u00e4lja\u2026","rel":"","context":"I \u201dFamiljen\u201d","block_context":{"text":"Familjen","link":"https:\/\/blogg.fumei.se\/?cat=34"},"img":{"alt_text":"","src":"https:\/\/i0.wp.com\/blogg.fumei.se\/wp-content\/uploads\/2017\/01\/20161224_100329.jpg?resize=350%2C200","width":350,"height":200,"srcset":"https:\/\/i0.wp.com\/blogg.fumei.se\/wp-content\/uploads\/2017\/01\/20161224_100329.jpg?resize=350%2C200 1x, https:\/\/i0.wp.com\/blogg.fumei.se\/wp-content\/uploads\/2017\/01\/20161224_100329.jpg?resize=525%2C300 1.5x, https:\/\/i0.wp.com\/blogg.fumei.se\/wp-content\/uploads\/2017\/01\/20161224_100329.jpg?resize=700%2C400 2x, https:\/\/i0.wp.com\/blogg.fumei.se\/wp-content\/uploads\/2017\/01\/20161224_100329.jpg?resize=1050%2C600 3x, https:\/\/i0.wp.com\/blogg.fumei.se\/wp-content\/uploads\/2017\/01\/20161224_100329.jpg?resize=1400%2C800 4x"},"classes":[]},{"id":5871,"url":"https:\/\/blogg.fumei.se\/?p=5871","url_meta":{"origin":3313,"position":5},"title":"Sl\u00e4ktforskning","author":"M :)","date":"2023-02-12","format":false,"excerpt":"Jag har fuskat lite med sl\u00e4ktforskning sedan jag var ton\u00e5ring. Det b\u00f6rjade med att mamma och jag satt och tittade i gamla fotoalbum och hon ber\u00e4ttade om n\u00e5gra olika personer p\u00e5 bilderna. Jag blev nyfiken p\u00e5 hur alla h\u00f6rde ihop, s\u00e5 jag ritade upp ett sl\u00e4kttr\u00e4d utifr\u00e5n de uppgifter jag\u2026","rel":"","context":"I \u201dFamiljen\u201d","block_context":{"text":"Familjen","link":"https:\/\/blogg.fumei.se\/?cat=34"},"img":{"alt_text":"","src":"","width":0,"height":0},"classes":[]}],"_links":{"self":[{"href":"https:\/\/blogg.fumei.se\/index.php?rest_route=\/wp\/v2\/posts\/3313","targetHints":{"allow":["GET"]}}],"collection":[{"href":"https:\/\/blogg.fumei.se\/index.php?rest_route=\/wp\/v2\/posts"}],"about":[{"href":"https:\/\/blogg.fumei.se\/index.php?rest_route=\/wp\/v2\/types\/post"}],"author":[{"embeddable":true,"href":"https:\/\/blogg.fumei.se\/index.php?rest_route=\/wp\/v2\/users\/1"}],"replies":[{"embeddable":true,"href":"https:\/\/blogg.fumei.se\/index.php?rest_route=%2Fwp%2Fv2%2Fcomments&post=3313"}],"version-history":[{"count":5,"href":"https:\/\/blogg.fumei.se\/index.php?rest_route=\/wp\/v2\/posts\/3313\/revisions"}],"predecessor-version":[{"id":3333,"href":"https:\/\/blogg.fumei.se\/index.php?rest_route=\/wp\/v2\/posts\/3313\/revisions\/3333"}],"wp:attachment":[{"href":"https:\/\/blogg.fumei.se\/index.php?rest_route=%2Fwp%2Fv2%2Fmedia&parent=3313"}],"wp:term":[{"taxonomy":"category","embeddable":true,"href":"https:\/\/blogg.fumei.se\/index.php?rest_route=%2Fwp%2Fv2%2Fcategories&post=3313"},{"taxonomy":"post_tag","embeddable":true,"href":"https:\/\/blogg.fumei.se\/index.php?rest_route=%2Fwp%2Fv2%2Ftags&post=3313"}],"curies":[{"name":"wp","href":"https:\/\/api.w.org\/{rel}","templated":true}]}}