{"id":3339,"date":"2014-07-18T19:04:09","date_gmt":"2014-07-18T17:04:09","guid":{"rendered":"http:\/\/blogg.fumei.se\/?p=3339"},"modified":"2014-07-18T19:04:09","modified_gmt":"2014-07-18T17:04:09","slug":"slarvmaja","status":"publish","type":"post","link":"https:\/\/blogg.fumei.se\/?p=3339","title":{"rendered":"Slarvmaja"},"content":{"rendered":"<p>Jag \u00e4r inget vidare bra p\u00e5 att uppdatera den h\u00e4r bloggen. F\u00e5r blir b\u00e4ttring p\u00e5 det!\u00a0Det har h\u00e4nt massor sen sist, s\u00e5 jag f\u00e5r f\u00f6rs\u00f6kasammanfatta allt. Vi kan b\u00f6rja veckan innan senaste inl\u00e4gget (Juliahs dop), d\u00e5 jag var p\u00e5 megaloppis i Majorna. Det \u00e4r ett \u00e5terkommande evenemang varje sommar, och alla som bor i Majorna (och n\u00e5gra till) g\u00e5r ut p\u00e5 gatorna och gr\u00e4smattorna oc s\u00e4ljer av sitt gamla &#8221;skr\u00e4p&#8221;. Men det som \u00e4r gammalt f\u00f6r en person \u00e4r ju kanske helt nytt f\u00f6r n\u00e5gon annan, och kan man tj\u00e4na en peng p\u00e5 det samtidigt som man blir av med det och n\u00e5gon hittar n\u00e5got den beh\u00f6ver s\u00e5 \u00e4r ju det j\u00e4ttebra! Jag \u00e4lskar loppisar och second hand!<\/p>\n<p>Jag fyndade lite kl\u00e4der, ett par skor och en spikmatta, n\u00e5gra filmer och ett par b\u00f6cker. Spikmattan har jag \u00e4nnu inte invigt, och h\u00e4lften av plaggen jag k\u00f6pte har jag s\u00e5lt vidare p\u00e5 Tradera f\u00f6r de var f\u00f6r sm\u00e5. Det \u00e4r ju lite friskt v\u00e5gat n\u00e4r man k\u00f6per kl\u00e4der p\u00e5 loppis, det \u00e4r inte s\u00e5 vanligt med provrum.<\/p>\n<p>I mitten av Juni var det dags f\u00f6r skolavslutning. Ett \u00e5r g\u00e5r fort, och nu \u00e4r jag f\u00e4rdigutbildad specialistundersk\u00f6terska inom anestesi, operation och intensivv\u00e5rd! Med diplom och allt! Tjoho!!<br \/>\nDessutom fick jag veta att min chef beviljat tj\u00e4nstledighet under f\u00f6ruts\u00e4ttning att jag f\u00e5r vikariatet jag s\u00f6kt p\u00e5 IVA. Och kan ni fatta: det fick jag! S\u00e5 1 September \u00e4r det jag som byter jobb! Till att b\u00f6rja med tillf\u00e4lligt, bara f\u00f6r att testa p\u00e5 jobb p\u00e5 annan avdelning, men om jag trivs s\u00e5 bra som jag gjorde under min praktik s\u00e5 l\u00e4r det bli permanent efter de 6 m\u00e5naderna.<\/p>\n<p>S\u00e5 har jag f\u00e5tt den stora \u00e4ran att vara brudt\u00e4rna n\u00e4r Sylwia och Joakim ska gifta sig! S\u00e5 i mitten av Augusti \u00e5ker jag till Polen! Vi har jagat kl\u00e4nning och skor och gudvetvad, och det enda vi har kvar nu \u00e4r skorna, men vi hoppas att vi hinner l\u00f6sa det innan det \u00e4r dags, det \u00e4r ju \u00e4nd\u00e5 en knapp m\u00e5nad kvar. Det ska bli s\u00e5 roligt!<\/p>\n<p>Annars \u00e4r det som vanligt h\u00e4r, jag har jobbat och jobbat extra, men nu har jag semester sen tv\u00e5 veckor, och de tv\u00e5 veckor som \u00e4r kvar t\u00e4nkte jag utnyttja till max, b\u00e5de vad g\u00e4ller sol och bad och att g\u00f6ra annat.<br \/>\nJag har hittat en klippstrand p\u00e5 en liten \u00f6 dit inte m\u00e5nga \u00e5ker, s\u00e5 dit kommer jag att forts\u00e4tta \u00e5ka. S\u00e5 t\u00e4nkte jag mig en tur till Marstrand, en till Varberg och s\u00e5 L\u00e4ck\u00f6 slott s\u00e5klart. Det blir inte s\u00e5 l\u00e5nga utflykter f\u00f6r det till\u00e5ter inte ekonomin, men jag har ju fortfarande mitt regionen runt-kort. Det g\u00e4ller till mitten av augusti, s\u00e5 jag beh\u00f6ver inte betala f\u00f6r resorna n\u00e4r jag \u00e5ker p\u00e5 mina dagsutflykter. Himla smidigt, det d\u00e4r!<\/p>\n<p>Ett par utflykter till diverse familjemedlemmar har det blivit ocks\u00e5, en tur till mor och far, och s\u00e5 ett par till Fia, Linus och lillstrumpa. Den lilla knubbs\u00e4len v\u00e4xer s\u00e5 det knakar och hon \u00e4r bara v\u00e4rldens s\u00f6taste! Jag lir s\u00e5 glad n\u00e4r hon skiner upp n\u00e4r jag kommer, fast\u00e4n vi inte ses s\u00e5 ofta!<\/p>\n<p>S\u00e5d\u00e4rja, d\u00e5 var det v\u00e4l ganska uppdaterat, va? D\u00e5 \u00e4r det dags f\u00f6r bilder:<\/p>\n<p class=\"jetpack-slideshow-noscript robots-nocontent\">Detta bildspel kr\u00e4ver JavaScript.<\/p><div id=\"gallery-3339-1-slideshow\" class=\"jetpack-slideshow-window jetpack-slideshow jetpack-slideshow-black\" data-trans=\"fade\" data-autostart=\"1\" data-gallery=\"[{&quot;src&quot;:&quot;https:\\\/\\\/i0.wp.com\\\/blogg.fumei.se\\\/wp-content\\\/uploads\\\/2014\\\/07\\\/Examen-fr%C3%A5n-Tinas-tele-678.jpg?fit=1920%2C2560\\u0026ssl=1&quot;,&quot;id&quot;:&quot;3344&quot;,&quot;title&quot;:&quot;Examen fr\\u00e5n Tinas tele 678&quot;,&quot;alt&quot;:&quot;&quot;,&quot;caption&quot;:&quot;&quot;,&quot;itemprop&quot;:&quot;image&quot;},{&quot;src&quot;:&quot;https:\\\/\\\/i0.wp.com\\\/blogg.fumei.se\\\/wp-content\\\/uploads\\\/2014\\\/07\\\/2014-07-09-13.38.22.jpg?fit=3485%2C2322\\u0026ssl=1&quot;,&quot;id&quot;:&quot;3341&quot;,&quot;title&quot;:&quot;2014-07-09 13.38.22&quot;,&quot;alt&quot;:&quot;&quot;,&quot;caption&quot;:&quot;&quot;,&quot;itemprop&quot;:&quot;image&quot;},{&quot;src&quot;:&quot;https:\\\/\\\/i0.wp.com\\\/blogg.fumei.se\\\/wp-content\\\/uploads\\\/2014\\\/07\\\/2014-06-27-11.46.33.jpg?fit=2133%2C3200\\u0026ssl=1&quot;,&quot;id&quot;:&quot;3342&quot;,&quot;title&quot;:&quot;2014-06-27 11.46.33&quot;,&quot;alt&quot;:&quot;&quot;,&quot;caption&quot;:&quot;&quot;,&quot;itemprop&quot;:&quot;image&quot;},{&quot;src&quot;:&quot;https:\\\/\\\/i0.wp.com\\\/blogg.fumei.se\\\/wp-content\\\/uploads\\\/2014\\\/07\\\/2014-06-27-13.54.01.jpg?fit=1080%2C1620\\u0026ssl=1&quot;,&quot;id&quot;:&quot;3343&quot;,&quot;title&quot;:&quot;2014-06-27 13.54.01&quot;,&quot;alt&quot;:&quot;&quot;,&quot;caption&quot;:&quot;&quot;,&quot;itemprop&quot;:&quot;image&quot;}]\" itemscope itemtype=\"https:\/\/schema.org\/ImageGallery\"><\/div>\n<p>Fler \u00e4n s\u00e5 blir det inte \ud83d\ude1b<\/p>\n","protected":false},"excerpt":{"rendered":"<p>Jag \u00e4r inget vidare bra p\u00e5 att uppdatera den h\u00e4r bloggen. F\u00e5r blir b\u00e4ttring p\u00e5 det!\u00a0Det har h\u00e4nt massor sen sist, s\u00e5 jag f\u00e5r f\u00f6rs\u00f6kasammanfatta allt. Vi kan b\u00f6rja veckan innan senaste inl\u00e4gget (Juliahs dop), d\u00e5 jag var p\u00e5 megaloppis i Majorna. Det \u00e4r ett \u00e5terkommande evenemang varje sommar, och alla som bor i Majorna&#8230;<\/p>\n","protected":false},"author":1,"featured_media":0,"comment_status":"open","ping_status":"open","sticky":false,"template":"","format":"standard","meta":{"jetpack_post_was_ever_published":false,"_jetpack_newsletter_access":"","_jetpack_dont_email_post_to_subs":false,"_jetpack_newsletter_tier_id":0,"_jetpack_memberships_contains_paywalled_content":false,"_jetpack_memberships_contains_paid_content":false,"footnotes":"","jetpack_publicize_message":"","jetpack_publicize_feature_enabled":true,"jetpack_social_post_already_shared":true,"jetpack_social_options":{"image_generator_settings":{"template":"highway","default_image_id":0,"font":"","enabled":false},"version":2}},"categories":[47],"tags":[],"class_list":["post-3339","post","type-post","status-publish","format-standard","hentry","category-vardagsliv"],"jetpack_publicize_connections":[],"jetpack_featured_media_url":"","jetpack_shortlink":"https:\/\/wp.me\/p3qko4-RR","jetpack_sharing_enabled":true,"jetpack_likes_enabled":true,"jetpack-related-posts":[{"id":3997,"url":"https:\/\/blogg.fumei.se\/?p=3997","url_meta":{"origin":3339,"position":0},"title":"\u00c5rsredovisning","author":"M :)","date":"2016-12-31","format":false,"excerpt":"\u00c5rets sista dag \u00e4r h\u00e4r, och jag funderar lite p\u00e5 vad jag egentligen gjort det h\u00e4r \u00e5ret. Inte s\u00e5 mycket, tror jag, men jag f\u00e5r v\u00e4l stolpa upp det f\u00f6r att f\u00e5 b\u00e4ttre koll. Januari: Inget n\u00e4mnv\u00e4rt som h\u00e4nde, f\u00f6rutom mitt livs mest ledsamma f\u00f6delsedag. Ensam hemma i soffan. Best\u00e4mde\u2026","rel":"","context":"I \u201dVardagsliv\u201d","block_context":{"text":"Vardagsliv","link":"https:\/\/blogg.fumei.se\/?cat=47"},"img":{"alt_text":"","src":"https:\/\/i0.wp.com\/blogg.fumei.se\/wp-content\/uploads\/2016\/12\/5863e01e93534.image_-300x200.jpg?resize=350%2C200","width":350,"height":200},"classes":[]},{"id":1186,"url":"https:\/\/blogg.fumei.se\/?p=1186","url_meta":{"origin":3339,"position":1},"title":"Blah","author":"M :)","date":"2009-11-24","format":false,"excerpt":"Rubriks\u00e4ttaren \u00e4r p\u00e5 semester i Maldiverna s\u00e5 jag f\u00e5r s\u00e4tta egna rubriker och det g\u00e5r s\u00e5d\u00e4r, som ni kan se...Dags f\u00f6r en flera dagars uppdatering igen, ser jag. Tja, helgen var lugn, jag jobbade l\u00f6rdag kv\u00e4ll, och det var inte s\u00e5 mycket att g\u00f6ra, vi var dessutom gott om personal\u2026","rel":"","context":"I \u201dVardagsliv\u201d","block_context":{"text":"Vardagsliv","link":"https:\/\/blogg.fumei.se\/?cat=47"},"img":{"alt_text":"","src":"","width":0,"height":0},"classes":[]},{"id":553,"url":"https:\/\/blogg.fumei.se\/?p=553","url_meta":{"origin":3339,"position":2},"title":"\u00c4nnu en dag i mitt liv&#8230;","author":"M :)","date":"2008-09-08","format":false,"excerpt":"...idag, och nu \u00e4r den dagen snart slut. M\u00e5ste l\u00e4gga mig relativt tidigt om jag ska orka upp imorgon bitti. Det \u00e4r lite k\u00e4mpigt att komma ig\u00e5ng med tidiga arbetspassen igen efter att man varit ledig n\u00e5gra dagar, men det \u00e4r ju tur att jag kan vila lite till p\u00e5\u2026","rel":"","context":"I \u201dHemmet\u201d","block_context":{"text":"Hemmet","link":"https:\/\/blogg.fumei.se\/?cat=31"},"img":{"alt_text":"","src":"","width":0,"height":0},"classes":[]},{"id":3922,"url":"https:\/\/blogg.fumei.se\/?p=3922","url_meta":{"origin":3339,"position":3},"title":"London calling","author":"M :)","date":"2016-08-12","format":false,"excerpt":"N\u00e4r man har en begr\u00e4nsad semesterbudget pga att man var dum i huvudet (p\u00e5 ren svenska!) i ungdomens dagar, d\u00e5 \u00e4r det inte l\u00e4tt att f\u00e5 r\u00e5d med en semesterresa, men i \u00e5r hade jag ju tur i oturen, och fick in lite extra pengar trots sjukskrivning och nedskriven tj\u00e4nst.\u2026","rel":"","context":"I \u201dVardagsliv\u201d","block_context":{"text":"Vardagsliv","link":"https:\/\/blogg.fumei.se\/?cat=47"},"img":{"alt_text":"","src":"https:\/\/i0.wp.com\/blogg.fumei.se\/wp-content\/uploads\/2016\/08\/20160808_135537B.jpg?fit=600%2C400&ssl=1&resize=350%2C200","width":350,"height":200,"srcset":"https:\/\/i0.wp.com\/blogg.fumei.se\/wp-content\/uploads\/2016\/08\/20160808_135537B.jpg?fit=600%2C400&ssl=1&resize=350%2C200 1x, https:\/\/i0.wp.com\/blogg.fumei.se\/wp-content\/uploads\/2016\/08\/20160808_135537B.jpg?fit=600%2C400&ssl=1&resize=525%2C300 1.5x"},"classes":[]},{"id":3346,"url":"https:\/\/blogg.fumei.se\/?p=3346","url_meta":{"origin":3339,"position":4},"title":"Fallens Dagar 2014","author":"M :)","date":"2014-07-20","format":false,"excerpt":"Det \u00e4r v\u00e4l mer tradition \u00e4n n\u00e5got annat som g\u00f6r att jag \u00e5ker till Trollh\u00e4ttan n\u00e5gon av fallen-dagarna nuf\u00f6rtiden, f\u00f6r s\u00e5d\u00e4r j\u00e4ttekul \u00e4r det inte att kn\u00f5 med en massa m\u00e4nniskor och leta halvt ihj\u00e4l sig efter sittplats n\u00e4r man vill \u00e4ta eller fika eller ta en \u00f6l. Inte heller\u2026","rel":"","context":"I \u201dVardagsliv\u201d","block_context":{"text":"Vardagsliv","link":"https:\/\/blogg.fumei.se\/?cat=47"},"img":{"alt_text":"","src":"https:\/\/i0.wp.com\/blogg.fumei.se\/wp-content\/uploads\/2014\/07\/20140719_183659.jpg?resize=350%2C200","width":350,"height":200,"srcset":"https:\/\/i0.wp.com\/blogg.fumei.se\/wp-content\/uploads\/2014\/07\/20140719_183659.jpg?resize=350%2C200 1x, https:\/\/i0.wp.com\/blogg.fumei.se\/wp-content\/uploads\/2014\/07\/20140719_183659.jpg?resize=525%2C300 1.5x"},"classes":[]},{"id":256,"url":"https:\/\/blogg.fumei.se\/?p=256","url_meta":{"origin":3339,"position":5},"title":"Tjej&#038;Killsnack vecka 14","author":"EmEff","date":"2010-04-05","format":false,"excerpt":"Veckans fr\u00e5gor. L\u00e4s mer om vad TJEJ&KILLSNACK \u00e4r\/hitta alla fr\u00e5gor h\u00e4r. Fester 1. Vilken sorts fester f\u00f6redrar du?Fest och fest, men jag gillar n\u00e4r man samlas n\u00e5gra v\u00e4nner och \u00e4ter och dricker gott och umg\u00e5s. man kanske spelar n\u00e5got spel ellerser p\u00e5 film eller bara sitter och pratar och lyssnar\u2026","rel":"","context":"I \u201dVardagsliv\u201d","block_context":{"text":"Vardagsliv","link":"https:\/\/blogg.fumei.se\/?cat=47"},"img":{"alt_text":"","src":"","width":0,"height":0},"classes":[]}],"_links":{"self":[{"href":"https:\/\/blogg.fumei.se\/index.php?rest_route=\/wp\/v2\/posts\/3339","targetHints":{"allow":["GET"]}}],"collection":[{"href":"https:\/\/blogg.fumei.se\/index.php?rest_route=\/wp\/v2\/posts"}],"about":[{"href":"https:\/\/blogg.fumei.se\/index.php?rest_route=\/wp\/v2\/types\/post"}],"author":[{"embeddable":true,"href":"https:\/\/blogg.fumei.se\/index.php?rest_route=\/wp\/v2\/users\/1"}],"replies":[{"embeddable":true,"href":"https:\/\/blogg.fumei.se\/index.php?rest_route=%2Fwp%2Fv2%2Fcomments&post=3339"}],"version-history":[{"count":2,"href":"https:\/\/blogg.fumei.se\/index.php?rest_route=\/wp\/v2\/posts\/3339\/revisions"}],"predecessor-version":[{"id":3345,"href":"https:\/\/blogg.fumei.se\/index.php?rest_route=\/wp\/v2\/posts\/3339\/revisions\/3345"}],"wp:attachment":[{"href":"https:\/\/blogg.fumei.se\/index.php?rest_route=%2Fwp%2Fv2%2Fmedia&parent=3339"}],"wp:term":[{"taxonomy":"category","embeddable":true,"href":"https:\/\/blogg.fumei.se\/index.php?rest_route=%2Fwp%2Fv2%2Fcategories&post=3339"},{"taxonomy":"post_tag","embeddable":true,"href":"https:\/\/blogg.fumei.se\/index.php?rest_route=%2Fwp%2Fv2%2Ftags&post=3339"}],"curies":[{"name":"wp","href":"https:\/\/api.w.org\/{rel}","templated":true}]}}