{"id":3346,"date":"2014-07-20T18:15:33","date_gmt":"2014-07-20T16:15:33","guid":{"rendered":"http:\/\/blogg.fumei.se\/?p=3346"},"modified":"2014-07-20T18:15:33","modified_gmt":"2014-07-20T16:15:33","slug":"fallens-dagar-2014","status":"publish","type":"post","link":"https:\/\/blogg.fumei.se\/?p=3346","title":{"rendered":"Fallens Dagar 2014"},"content":{"rendered":"<p>Det \u00e4r v\u00e4l mer tradition \u00e4n n\u00e5got annat som g\u00f6r att jag \u00e5ker till Trollh\u00e4ttan n\u00e5gon av fallen-dagarna nuf\u00f6rtiden, f\u00f6r s\u00e5d\u00e4r j\u00e4ttekul \u00e4r det inte att kn\u00f5 med en massa m\u00e4nniskor och leta halvt ihj\u00e4l sig efter sittplats n\u00e4r man vill \u00e4ta eller fika eller ta en \u00f6l. Inte heller lockar artisterna s\u00e4rskilt mycket, och att st\u00e5 inkl\u00e4md mellan folk som st\u00e5r och pratar med varandra hela tiden som konsterten p\u00e5g\u00e5r k\u00e4nns ju s\u00e5d\u00e4r.<\/p>\n<p>Det d\u00e4r \u00e4r n\u00e5got jag undrat \u00f6ver; bara f\u00f6r att man inte har betalat en massa pengar f\u00f6r en konsert, s\u00e5 beh\u00f6ver man v\u00e4l inte st\u00e5 och snacka med sina kompisar just d\u00e4r? \u00c4r man inte mer intresserad av det som h\u00e4nder p\u00e5 scenen eller inte vill h\u00f6ra musiken s\u00e5 kan man v\u00e4l l\u00e4mna plats \u00e5t n\u00e5gon som \u00e4r det, och g\u00e5 n\u00e5gon annanstans och prata, s\u00e5 att vi andra f\u00e5r h\u00f6ra det vi kom dit f\u00f6r och inte en konversation om jagvetintevad?<\/p>\n<p>Men i alla fall, ig\u00e5r var det str\u00e5lande solsken och jag ville \u00e5ka upp bara f\u00f6r att kika lite. Fick med mig J som s\u00e4llskap, det var trevligt. V inledde med ett obligatoriskt varv runt g\u00e5gatan och alla f\u00f6rs\u00e4ljare, sen \u00f6vergav vi stimmet och gick till Spik\u00f6n och spelade minigolf. Det var s\u00e4kert 15 \u00e5r sen sist, men jag lyckades vinna \u00e4nd\u00e5! Iofs beg\u00e4rde J omr\u00e4kning efter\u00e5t, men det \u00e4ndrade ju inte p\u00e5 resultatet&#8230;<\/p>\n<p>Vi drog vidare mot mat och \u00f6l och &#8221;bryggh\u00e4ng&#8221;. Vi satt helt enkelt bara vid kanalen och tittade p\u00e5 folk och nj\u00f6t av det sk\u00f6na v\u00e4dret innan vi avslutade kv\u00e4llen p\u00e5 Oscarsbron med fallp\u00e5sl\u00e4pp. N\u00e4r man inte ser det s\u00e5 ofta s\u00e5 \u00e4r det v\u00e4ldigt fint och m\u00e4ktigt att se vattenmassorna som forsar ner f\u00f6r klipporna och vidare ner i \u00e4lvf\u00e5ran. \u00c4nnu lite finare blir det faktiskt p\u00e5 kv\u00e4llen n\u00e4r de lyser upp \u00e4lvf\u00e5ran.<\/p>\n<p>Ja, roligare \u00e4n s\u00e5 blev det inte. Kul var det ocks\u00e5 att springa p\u00e5 lite folk &#8221;fr\u00e5n f\u00f6rr&#8221;. Nu f\u00e5r det r\u00e4cka f\u00f6r den h\u00e4r g\u00e5ngen.<\/p>\n<p class=\"jetpack-slideshow-noscript robots-nocontent\">Detta bildspel kr\u00e4ver JavaScript.<\/p><div id=\"gallery-3346-1-slideshow\" class=\"jetpack-slideshow-window jetpack-slideshow jetpack-slideshow-black\" data-trans=\"fade\" data-autostart=\"1\" data-gallery=\"[{&quot;src&quot;:&quot;https:\\\/\\\/i0.wp.com\\\/blogg.fumei.se\\\/wp-content\\\/uploads\\\/2014\\\/07\\\/20140719_183659.jpg?fit=600%2C901\\u0026ssl=1&quot;,&quot;id&quot;:&quot;3349&quot;,&quot;title&quot;:&quot;20140719_183659&quot;,&quot;alt&quot;:&quot;&quot;,&quot;caption&quot;:&quot;&quot;,&quot;itemprop&quot;:&quot;image&quot;},{&quot;src&quot;:&quot;https:\\\/\\\/i0.wp.com\\\/blogg.fumei.se\\\/wp-content\\\/uploads\\\/2014\\\/07\\\/20140719_183800.jpg?fit=600%2C901\\u0026ssl=1&quot;,&quot;id&quot;:&quot;3350&quot;,&quot;title&quot;:&quot;20140719_183800&quot;,&quot;alt&quot;:&quot;&quot;,&quot;caption&quot;:&quot;&quot;,&quot;itemprop&quot;:&quot;image&quot;},{&quot;src&quot;:&quot;https:\\\/\\\/i0.wp.com\\\/blogg.fumei.se\\\/wp-content\\\/uploads\\\/2014\\\/07\\\/20140719_183855.jpg?fit=900%2C600\\u0026ssl=1&quot;,&quot;id&quot;:&quot;3351&quot;,&quot;title&quot;:&quot;20140719_183855&quot;,&quot;alt&quot;:&quot;&quot;,&quot;caption&quot;:&quot;&quot;,&quot;itemprop&quot;:&quot;image&quot;},{&quot;src&quot;:&quot;https:\\\/\\\/i0.wp.com\\\/blogg.fumei.se\\\/wp-content\\\/uploads\\\/2014\\\/07\\\/20140719_221509.jpg?fit=600%2C901\\u0026ssl=1&quot;,&quot;id&quot;:&quot;3352&quot;,&quot;title&quot;:&quot;20140719_221509&quot;,&quot;alt&quot;:&quot;&quot;,&quot;caption&quot;:&quot;&quot;,&quot;itemprop&quot;:&quot;image&quot;},{&quot;src&quot;:&quot;https:\\\/\\\/i0.wp.com\\\/blogg.fumei.se\\\/wp-content\\\/uploads\\\/2014\\\/07\\\/20140719_221532.jpg?fit=900%2C600\\u0026ssl=1&quot;,&quot;id&quot;:&quot;3353&quot;,&quot;title&quot;:&quot;20140719_221532&quot;,&quot;alt&quot;:&quot;&quot;,&quot;caption&quot;:&quot;&quot;,&quot;itemprop&quot;:&quot;image&quot;},{&quot;src&quot;:&quot;https:\\\/\\\/i0.wp.com\\\/blogg.fumei.se\\\/wp-content\\\/uploads\\\/2014\\\/07\\\/20140719_225534.jpg?fit=900%2C600\\u0026ssl=1&quot;,&quot;id&quot;:&quot;3354&quot;,&quot;title&quot;:&quot;20140719_225534&quot;,&quot;alt&quot;:&quot;&quot;,&quot;caption&quot;:&quot;&quot;,&quot;itemprop&quot;:&quot;image&quot;}]\" itemscope itemtype=\"https:\/\/schema.org\/ImageGallery\"><\/div>\n<p>Tyv\u00e4rr strejkade min mobil just som jag stod och filmade vattenp\u00e5sl\u00e4ppet, s\u00e5 jag har &#8221;l\u00e5nat&#8221; en video fr\u00e5n YouTube ist\u00e4llet. &#8221;V\u00e5rt&#8221; fall var dock mycket finare, eftersom det var det sista f\u00f6r kv\u00e4llen.<\/p>\n<p><center><iframe loading=\"lazy\" src=\"\/\/www.youtube.com\/embed\/WY5NTc3Ygn4?rel=0\" width=\"560\" height=\"315\" frameborder=\"0\" allowfullscreen=\"allowfullscreen\"><\/iframe><\/center><\/p>\n","protected":false},"excerpt":{"rendered":"<p>Det \u00e4r v\u00e4l mer tradition \u00e4n n\u00e5got annat som g\u00f6r att jag \u00e5ker till Trollh\u00e4ttan n\u00e5gon av fallen-dagarna nuf\u00f6rtiden, f\u00f6r s\u00e5d\u00e4r j\u00e4ttekul \u00e4r det inte att kn\u00f5 med en massa m\u00e4nniskor och leta halvt ihj\u00e4l sig efter sittplats n\u00e4r man vill \u00e4ta eller fika eller ta en \u00f6l. Inte heller lockar artisterna s\u00e4rskilt mycket, och&#8230;<\/p>\n","protected":false},"author":1,"featured_media":0,"comment_status":"open","ping_status":"open","sticky":false,"template":"","format":"standard","meta":{"jetpack_post_was_ever_published":false,"_jetpack_newsletter_access":"","_jetpack_dont_email_post_to_subs":false,"_jetpack_newsletter_tier_id":0,"_jetpack_memberships_contains_paywalled_content":false,"_jetpack_memberships_contains_paid_content":false,"footnotes":"","jetpack_publicize_message":"","jetpack_publicize_feature_enabled":true,"jetpack_social_post_already_shared":true,"jetpack_social_options":{"image_generator_settings":{"template":"highway","default_image_id":0,"font":"","enabled":false},"version":2}},"categories":[47],"tags":[324,200,325],"class_list":["post-3346","post","type-post","status-publish","format-standard","hentry","category-vardagsliv","tag-fallensdagar","tag-sommar","tag-trollhattan"],"jetpack_publicize_connections":[],"jetpack_featured_media_url":"","jetpack_shortlink":"https:\/\/wp.me\/p3qko4-RY","jetpack_sharing_enabled":true,"jetpack_likes_enabled":true,"jetpack-related-posts":[{"id":1075,"url":"https:\/\/blogg.fumei.se\/?p=1075","url_meta":{"origin":3346,"position":0},"title":"Tjejsnack vecka 29","author":"M :)","date":"2009-08-09","format":false,"excerpt":"\u00c5 maj g\u00e5dd, nu \u00e4r jag s\u00e5 d\u00e4r j\u00e4tte-efter igen! Hur b\u00e4r jag mig \u00e5t?? I vilket fall som helst kommer nu flera Tjejsnack p\u00e5 rad...Vill du ocks\u00e5 vara med? Du hittar Tjejsnack h\u00e4r.1. Ber\u00e4tta om n\u00e5t pinsamt du blivit p\u00e5kommen med?Just nu kan jag inte komma p\u00e5 n\u00e5got. Eller\u2026","rel":"","context":"I \u201dVardagsliv\u201d","block_context":{"text":"Vardagsliv","link":"https:\/\/blogg.fumei.se\/?cat=47"},"img":{"alt_text":"","src":"","width":0,"height":0},"classes":[]},{"id":2979,"url":"https:\/\/blogg.fumei.se\/?p=2979","url_meta":{"origin":3346,"position":1},"title":"Det blir inte alltid som man t\u00e4nkt sig&#8230;","author":"M :)","date":"2013-06-26","format":false,"excerpt":"Min Facebook-status onsdagen den 12e Juni s\u00e5g ut s\u00e5 h\u00e4r: \"Jag g\u00f6r det enkelt f\u00f6r mig och skriver h\u00e4r s\u00e5 att alla kan se och l\u00e4sa sj\u00e4lva, att fr\u00e5n och med idag s\u00e5 \u00e4r \u00e4r Jorge och jag inte l\u00e4ngre ett par. Det k\u00e4nns j\u00e4ttejobbigt och ledsamt f\u00f6r oss b\u00e5da,\u2026","rel":"","context":"I \u201dFamiljen\u201d","block_context":{"text":"Familjen","link":"https:\/\/blogg.fumei.se\/?cat=34"},"img":{"alt_text":"","src":"","width":0,"height":0},"classes":[]},{"id":633,"url":"https:\/\/blogg.fumei.se\/?p=633","url_meta":{"origin":3346,"position":2},"title":"Too old for this crap","author":"M :)","date":"2008-10-04","format":false,"excerpt":"Ig\u00e5r var jag p\u00e5 krogen. Det hela b\u00f6rjade med att Cissi, som ska \u00e5ka hem till Australien igen p\u00e5 onsdag, tyckte att vi skulle ha tjejmiddag innan hon for, samla alla tjejerna som umgicks f\u00f6rr, och n\u00e5gra till. Nu blev vi inte s\u00e5 j\u00e4ttem\u00e5nga, bara 8 personer, men \u00e4nd\u00e5. Jag\u2026","rel":"","context":"I \u201dVardagsliv\u201d","block_context":{"text":"Vardagsliv","link":"https:\/\/blogg.fumei.se\/?cat=47"},"img":{"alt_text":"","src":"","width":0,"height":0},"classes":[]},{"id":1516,"url":"https:\/\/blogg.fumei.se\/?p=1516","url_meta":{"origin":3346,"position":3},"title":"Bokm\u00e4ssan 2011","author":"M :)","date":"2011-09-28","format":false,"excerpt":"Ja, d\u00e5 har jag hittat kameran, d\u00e5, och kunde ganska sorgset konstatera att J inte tagit n\u00e5gra bilder p\u00e5 hela dagen! Jo, f\u00f6rresten,\u00a0en. Den h\u00e4r, d\u00e4r jjag sitter i den gigantiska pocketf\u00e5t\u00f6ljen i Bokias monter. Tyv\u00e4rr kom inte hela f\u00e5t\u00f6ljen med. Well, anyway, vi kom iv\u00e4g till m\u00e4ssan och det\u2026","rel":"","context":"I \u201dB\u00f6cker och l\u00e4sning\u201d","block_context":{"text":"B\u00f6cker och l\u00e4sning","link":"https:\/\/blogg.fumei.se\/?cat=29"},"img":{"alt_text":"","src":"https:\/\/i0.wp.com\/blogg.fumei.se\/wp-content\/uploads\/2011\/09\/P1120144-225x300.jpg?resize=350%2C200","width":350,"height":200},"classes":[]},{"id":231,"url":"https:\/\/blogg.fumei.se\/?p=231","url_meta":{"origin":3346,"position":4},"title":"Om ni h\u00f6r n\u00e5got i luften som surrar&#8230;","author":"M :)","date":"2010-05-14","format":false,"excerpt":"s\u00e5 kan det vara en Buzzador som \u00e4r ute och pratar om n\u00e5gon produkt de testar. Buzzador? Testa produkter? Vad\u00e5?Jo, s\u00e5 h\u00e4r \u00e4r det: man kan registrera sig hos Buzzador, och s\u00e5 f\u00e5r man kryssa i en massa rutor om familj, intressen, jobb och andra saker. Utifr\u00e5n de val man\u2026","rel":"","context":"I \u201dVardagsliv\u201d","block_context":{"text":"Vardagsliv","link":"https:\/\/blogg.fumei.se\/?cat=47"},"img":{"alt_text":"","src":"","width":0,"height":0},"classes":[]},{"id":213,"url":"https:\/\/blogg.fumei.se\/?p=213","url_meta":{"origin":3346,"position":5},"title":"Regnet det bara \u00f6ser ner&#8230;","author":"M :)","date":"2010-06-20","format":false,"excerpt":"Fy fabian vad jag inte gillar regn. S\u00e4rskilt inte n\u00e4r jag \u00e4r ledig och hade t\u00e4nkt g\u00f6ra flera saker som involverar att vara utomhus, som tex promenad, fixa balkongen och att g\u00e5 till \u00e5tervinningen. Men men, jag f\u00e5r v\u00e4l skjuta upp det till en annan dag. Problemet \u00e4r bara att\u2026","rel":"","context":"I \u201dVardagsliv\u201d","block_context":{"text":"Vardagsliv","link":"https:\/\/blogg.fumei.se\/?cat=47"},"img":{"alt_text":"","src":"","width":0,"height":0},"classes":[]}],"_links":{"self":[{"href":"https:\/\/blogg.fumei.se\/index.php?rest_route=\/wp\/v2\/posts\/3346","targetHints":{"allow":["GET"]}}],"collection":[{"href":"https:\/\/blogg.fumei.se\/index.php?rest_route=\/wp\/v2\/posts"}],"about":[{"href":"https:\/\/blogg.fumei.se\/index.php?rest_route=\/wp\/v2\/types\/post"}],"author":[{"embeddable":true,"href":"https:\/\/blogg.fumei.se\/index.php?rest_route=\/wp\/v2\/users\/1"}],"replies":[{"embeddable":true,"href":"https:\/\/blogg.fumei.se\/index.php?rest_route=%2Fwp%2Fv2%2Fcomments&post=3346"}],"version-history":[{"count":6,"href":"https:\/\/blogg.fumei.se\/index.php?rest_route=\/wp\/v2\/posts\/3346\/revisions"}],"predecessor-version":[{"id":3358,"href":"https:\/\/blogg.fumei.se\/index.php?rest_route=\/wp\/v2\/posts\/3346\/revisions\/3358"}],"wp:attachment":[{"href":"https:\/\/blogg.fumei.se\/index.php?rest_route=%2Fwp%2Fv2%2Fmedia&parent=3346"}],"wp:term":[{"taxonomy":"category","embeddable":true,"href":"https:\/\/blogg.fumei.se\/index.php?rest_route=%2Fwp%2Fv2%2Fcategories&post=3346"},{"taxonomy":"post_tag","embeddable":true,"href":"https:\/\/blogg.fumei.se\/index.php?rest_route=%2Fwp%2Fv2%2Ftags&post=3346"}],"curies":[{"name":"wp","href":"https:\/\/api.w.org\/{rel}","templated":true}]}}