{"id":34,"date":"2011-06-05T10:00:00","date_gmt":"2011-06-05T10:00:00","guid":{"rendered":"\/Blogg\/post\/HVV.aspx"},"modified":"2011-06-05T10:00:00","modified_gmt":"2011-06-05T10:00:00","slug":"hvv","status":"publish","type":"post","link":"https:\/\/blogg.fumei.se\/?p=34","title":{"rendered":"HVV"},"content":{"rendered":"<p>Journalskrivarspr&aring;k f&ouml;r huvudv&auml;rk. Det var det jag hade i fredags. Hela dagen, i princip. Men det gick &auml;nd&aring;. P&aring; jobbet var det ganska lugnt s&aring; jag gick omkring och pysslade lite och fyllde p&aring; och gjorde lite annat som man inte hinner n&auml;r det &auml;r fullt &ouml;s. Sen hade jag tur och fick flexa hem lite tidigare s&aring; jag hann med 15.02-t&aring;get och var hemma till 16 ist&auml;llet f&ouml;r 18.10, det g&ouml;r s&aring; himla stor skillnad!<br \/>Sl&auml;ngde ihop en tonfisksallad med b&aring;de b&ouml;nor och &auml;gg i och s&aring; mumsade vi p&aring; den medan vi s&aring;g f&auml;rdigt p&aring; filmen vi b&ouml;rjade se p&aring; torsdagen; &#8221;Life as we know it&#8221;. Det var en komedi och den var okej. Efter&aring;t tog vi en l&aring;&aring;&aring;&aring;ng promenad i den h&auml;rliga sommarkv&auml;llen, men v&auml;nde och gick hem n&auml;r myggen och knotten blev f&ouml;r n&auml;rg&aring;ngna.<\/p>\n<p>Fredagens mat bestod av<\/p>\n<ul>\n<li><strong>Frukost<\/strong><br \/>Kn&auml;ckemacka med philadelphiaost och gurka, ett glas mj&ouml;lk<\/li>\n<li><strong>Lunch<\/strong><br \/>Rester fr&aring;n torsdagens middag<\/li>\n<li><strong>Middag<\/strong><br \/>Tonfisksallad<\/li>\n<li><strong>Kv&auml;llsfika<\/strong><br \/>Lite hasseln&ouml;tter<\/li>\n<\/ul>\n<div>L&ouml;rdagen b&ouml;rjade med lite lagom sovmorgon. Efter frukost sorterade jag smutstv&auml;tten (&aring;t J som skulle tv&auml;tta medan jag var p&aring; jobbet)&nbsp;och plockade lite h&auml;r hemma innan det var dags att ge mig av till t&aring;g och jobb.<br \/>Kv&auml;llen var n&auml;stan lika lugn som fredagen, men andra halvan av arbetspasset kom allt p&aring; en g&aring;ng, s&aring; n&auml;r jag gick hem hade vi f&ouml;rl&ouml;st tv&aring; och jag fick l&auml;mna &ouml;ver det tr&aring;kaiga st&auml;da-upp-och-r&ouml;ja-efter&aring;t-jobbet till en kollega f&ouml;r att hinna med t&aring;get.<br \/>J var inne i Fkp och tr&auml;ffade en klasskamrat fr&aring;n KomVux, s&aring; jag h&auml;mtade hund hos ma&amp;pa och gick en liten v&auml;nda med henne. det var ju fortfarande underbar v&auml;der ute.<\/div>\n<div>I matv&auml;g fick jag denna fredag&nbsp;i mig:<\/div>\n<ul>\n<li><strong>Frukost<\/strong><br \/>Kn&auml;ckemacka med philadelphiaost och gurka, kaffe<\/li>\n<li><strong>Mellanm&aring;l<\/strong><br \/>Ett &auml;pple<\/li>\n<li><strong>Lunch<\/strong><br \/>Lite tonfisksallad (rester fr&aring;n fredagen)<\/li>\n<li><strong>Middag<\/strong><br \/>Wokadegr&ouml;nsaker och kyckling med &auml;ggnudlar (f&ouml;r jag inbillar mig att &auml;ggnudlar har inga eller &aring;tminstone v&auml;ldigt f&aring; kolhydrater)<\/li>\n<li><strong>&#8221;Kv&auml;llsfika&#8221;<\/strong><br \/>En satsuma<\/li>\n<\/ul>\n","protected":false},"excerpt":{"rendered":"<p>Journalskrivarspr&aring;k f&ouml;r huvudv&auml;rk. Det var det jag hade i fredags. Hela dagen, i princip. Men det gick &auml;nd&aring;. P&aring; jobbet var det ganska lugnt s&aring; jag gick omkring och pysslade lite och fyllde p&aring; och gjorde lite annat som man inte hinner n&auml;r det &auml;r fullt &ouml;s. Sen hade jag tur och fick flexa hem&#8230;<\/p>\n","protected":false},"author":1,"featured_media":0,"comment_status":"open","ping_status":"open","sticky":false,"template":"","format":"standard","meta":{"jetpack_post_was_ever_published":false,"_jetpack_newsletter_access":"","_jetpack_dont_email_post_to_subs":false,"_jetpack_newsletter_tier_id":0,"_jetpack_memberships_contains_paywalled_content":false,"_jetpack_memberships_contains_paid_content":false,"footnotes":"","jetpack_publicize_message":"","jetpack_publicize_feature_enabled":true,"jetpack_social_post_already_shared":false,"jetpack_social_options":{"image_generator_settings":{"template":"highway","default_image_id":0,"font":"","enabled":false},"version":2}},"categories":[47],"tags":[],"class_list":["post-34","post","type-post","status-publish","format-standard","hentry","category-vardagsliv"],"jetpack_publicize_connections":[],"jetpack_featured_media_url":"","jetpack_shortlink":"https:\/\/wp.me\/s3qko4-hvv","jetpack_sharing_enabled":true,"jetpack_likes_enabled":true,"jetpack-related-posts":[{"id":5193,"url":"https:\/\/blogg.fumei.se\/?p=5193","url_meta":{"origin":34,"position":0},"title":"Barcelona!","author":"M :)","date":"2018-12-01","format":false,"excerpt":"Exakt ett \u00e5r efter att Mikael och jag tr\u00e4ffades f\u00f6r f\u00f6rsta g\u00e5ngen satte vi oss tillsammans med Mikaels barn; Melina och Max, p\u00e5 ett plan till Barcelona. Mikael fyller 50 \u00e5r, och den h\u00e4r resan \u00e4r ist\u00e4llet f\u00f6r stort kalas. Vi bor p\u00e5 ett hotell som heter Grand Havana, och\u2026","rel":"","context":"I \u201dFamiljen\u201d","block_context":{"text":"Familjen","link":"https:\/\/blogg.fumei.se\/?cat=34"},"img":{"alt_text":"","src":"https:\/\/i0.wp.com\/blogg.fumei.se\/wp-content\/uploads\/2023\/09\/72782BFD-B339-4EF0-89CD-3E8B5616D2C7_1_105_c.jpeg?resize=350%2C200","width":350,"height":200,"srcset":"https:\/\/i0.wp.com\/blogg.fumei.se\/wp-content\/uploads\/2023\/09\/72782BFD-B339-4EF0-89CD-3E8B5616D2C7_1_105_c.jpeg?resize=350%2C200 1x, https:\/\/i0.wp.com\/blogg.fumei.se\/wp-content\/uploads\/2023\/09\/72782BFD-B339-4EF0-89CD-3E8B5616D2C7_1_105_c.jpeg?resize=525%2C300 1.5x, https:\/\/i0.wp.com\/blogg.fumei.se\/wp-content\/uploads\/2023\/09\/72782BFD-B339-4EF0-89CD-3E8B5616D2C7_1_105_c.jpeg?resize=700%2C400 2x"},"classes":[]},{"id":978,"url":"https:\/\/blogg.fumei.se\/?p=978","url_meta":{"origin":34,"position":1},"title":"Glad midsommar!","author":"M :)","date":"2009-06-21","format":false,"excerpt":"Ja det var v\u00e4l egentligen i fredags man skulle s\u00e4ga det, men det \u00e4r ju faktiskt fortfarande midsommarhelg, s\u00e5 d\u00e5 s\u00e5! Jag tillbringade fredag och l\u00f6rdag hos mor och far. Det var lugnt och sk\u00f6nt och ingen midsommarstress, som det s\u00e4kert hade blivit om jag hade spenderat midsommaraftonen tillsammans med\u2026","rel":"","context":"I \u201dVardagsliv\u201d","block_context":{"text":"Vardagsliv","link":"https:\/\/blogg.fumei.se\/?cat=47"},"img":{"alt_text":"","src":"","width":0,"height":0},"classes":[]},{"id":4549,"url":"https:\/\/blogg.fumei.se\/?p=4549","url_meta":{"origin":34,"position":2},"title":"Somnar och vaknar med ett leende","author":"M :)","date":"2018-06-22","format":false,"excerpt":"Det finns en liiiten risk att det h\u00e4r inl\u00e4gget blir en aning sockers\u00f6tt.\u00a0 Men\u00a0bara lite. Jag \u00e4r inte mycket f\u00f6r att h\u00e4va ur mig gullegull offentligt. Men i alla fall, jag t\u00e4nkte bara tala om att jag har tr\u00e4ffat n\u00e5gon. Meh, s\u00e4ger ni, det visste vi ju redan. Jaa, joo,\u2026","rel":"","context":"I \u201dFamiljen\u201d","block_context":{"text":"Familjen","link":"https:\/\/blogg.fumei.se\/?cat=34"},"img":{"alt_text":"","src":"https:\/\/i0.wp.com\/blogg.fumei.se\/wp-content\/uploads\/2018\/07\/20171226_013335.jpg?resize=350%2C200","width":350,"height":200},"classes":[]},{"id":1041,"url":"https:\/\/blogg.fumei.se\/?p=1041","url_meta":{"origin":34,"position":3},"title":"Slapp, sl\u00f6 och likgiltig","author":"M :)","date":"2009-07-04","format":false,"excerpt":"Det \u00e4r jag, det. Orka bry mig om att g\u00f6ra n\u00e5t. Just nu \u00e4r jag lite tr\u00f6tt p\u00e5 att bry mig \u00f6ver huvud taget. Fia har hoppat av sommarjobbet, f\u00f6r kompisen som hon jobbar med \"\u00e4r dum i huvudet och p\u00e5st\u00e5r att hon inte g\u00f6r n\u00e5nting\". Kan jag mycket v\u00e4l\u2026","rel":"","context":"I \u201dVardagsliv\u201d","block_context":{"text":"Vardagsliv","link":"https:\/\/blogg.fumei.se\/?cat=47"},"img":{"alt_text":"","src":"","width":0,"height":0},"classes":[]},{"id":26,"url":"https:\/\/blogg.fumei.se\/?p=26","url_meta":{"origin":34,"position":4},"title":"D\u00e5 har man varit p\u00e5 semesterresa ocks\u00e5, d\u00e5","author":"M :)","date":"2011-07-03","format":false,"excerpt":"Inget m\u00e4rkv\u00e4rdigt, men v\u00e4ldigt trevligt. Vi for till V\u00e4ster\u00e5s och h\u00e4lsade p\u00e5 k\u00e4ra syster med familj. Vi betyder alla utom Fia, f\u00f6r det \u00e4r ju s\u00e5 mycket annat man vill g\u00f6ra n\u00e4r man nyss fyllt 18 \u00e5r och det \u00e4r sommar och sol (ibland i alla fall) och varmt och\u2026","rel":"","context":"I \u201dVardagsliv\u201d","block_context":{"text":"Vardagsliv","link":"https:\/\/blogg.fumei.se\/?cat=47"},"img":{"alt_text":"","src":"https:\/\/i0.wp.com\/blogg.fumei.se\/wp-content\/uploads\/2011\/07\/2011-06-30-20.08.26.jpg?resize=350%2C200","width":350,"height":200},"classes":[]},{"id":802,"url":"https:\/\/blogg.fumei.se\/?p=802","url_meta":{"origin":34,"position":5},"title":"S\u00e5 var det M\u00e5ndag igen","author":"M :)","date":"2009-01-19","format":false,"excerpt":"Efter en helt ok helg, med himla trevlig l\u00f6rdag och slapp och sl\u00f6 s\u00f6ndag, var det \u00e5ter dagstillbaka till vardagen. Jag jobbade en tidig tur idag, kors i taket! V\u00e4ldigt lugnt p\u00e5 jobbet, lite lagom att g\u00f6ra, och vi var tv\u00e5, s\u00e5 vi hade gott om tid att st\u00e4da och\u2026","rel":"","context":"I \u201dVardagsliv\u201d","block_context":{"text":"Vardagsliv","link":"https:\/\/blogg.fumei.se\/?cat=47"},"img":{"alt_text":"","src":"","width":0,"height":0},"classes":[]}],"_links":{"self":[{"href":"https:\/\/blogg.fumei.se\/index.php?rest_route=\/wp\/v2\/posts\/34","targetHints":{"allow":["GET"]}}],"collection":[{"href":"https:\/\/blogg.fumei.se\/index.php?rest_route=\/wp\/v2\/posts"}],"about":[{"href":"https:\/\/blogg.fumei.se\/index.php?rest_route=\/wp\/v2\/types\/post"}],"author":[{"embeddable":true,"href":"https:\/\/blogg.fumei.se\/index.php?rest_route=\/wp\/v2\/users\/1"}],"replies":[{"embeddable":true,"href":"https:\/\/blogg.fumei.se\/index.php?rest_route=%2Fwp%2Fv2%2Fcomments&post=34"}],"version-history":[{"count":0,"href":"https:\/\/blogg.fumei.se\/index.php?rest_route=\/wp\/v2\/posts\/34\/revisions"}],"wp:attachment":[{"href":"https:\/\/blogg.fumei.se\/index.php?rest_route=%2Fwp%2Fv2%2Fmedia&parent=34"}],"wp:term":[{"taxonomy":"category","embeddable":true,"href":"https:\/\/blogg.fumei.se\/index.php?rest_route=%2Fwp%2Fv2%2Fcategories&post=34"},{"taxonomy":"post_tag","embeddable":true,"href":"https:\/\/blogg.fumei.se\/index.php?rest_route=%2Fwp%2Fv2%2Ftags&post=34"}],"curies":[{"name":"wp","href":"https:\/\/api.w.org\/{rel}","templated":true}]}}