{"id":3420,"date":"2014-08-23T14:06:19","date_gmt":"2014-08-23T12:06:19","guid":{"rendered":"http:\/\/blogg.fumei.se\/?p=3420"},"modified":"2014-08-25T14:17:32","modified_gmt":"2014-08-25T12:17:32","slug":"fridas-fodelsedag","status":"publish","type":"post","link":"https:\/\/blogg.fumei.se\/?p=3420","title":{"rendered":"Fridas f\u00f6delsedag!!"},"content":{"rendered":"<p><a href=\"https:\/\/i0.wp.com\/blogg.fumei.se\/wp-content\/uploads\/2014\/08\/Frida12-emeff2014.png?ssl=1\"><img data-recalc-dims=\"1\" loading=\"lazy\" decoding=\"async\" data-attachment-id=\"3421\" data-permalink=\"https:\/\/blogg.fumei.se\/?attachment_id=3421\" data-orig-file=\"https:\/\/i0.wp.com\/blogg.fumei.se\/wp-content\/uploads\/2014\/08\/Frida12-emeff2014.png?fit=600%2C512&amp;ssl=1\" data-orig-size=\"600,512\" data-comments-opened=\"1\" data-image-meta=\"{&quot;aperture&quot;:&quot;0&quot;,&quot;credit&quot;:&quot;&quot;,&quot;camera&quot;:&quot;&quot;,&quot;caption&quot;:&quot;&quot;,&quot;created_timestamp&quot;:&quot;0&quot;,&quot;copyright&quot;:&quot;&quot;,&quot;focal_length&quot;:&quot;0&quot;,&quot;iso&quot;:&quot;0&quot;,&quot;shutter_speed&quot;:&quot;0&quot;,&quot;title&quot;:&quot;&quot;}\" data-image-title=\"Frida12-emeff2014\" data-image-description=\"\" data-image-caption=\"\" data-large-file=\"https:\/\/i0.wp.com\/blogg.fumei.se\/wp-content\/uploads\/2014\/08\/Frida12-emeff2014.png?fit=600%2C512&amp;ssl=1\" class=\"aligncenter size-full wp-image-3421\" src=\"https:\/\/i0.wp.com\/blogg.fumei.se\/wp-content\/uploads\/2014\/08\/Frida12-emeff2014.png?resize=600%2C512&#038;ssl=1\" alt=\"Frida12-emeff2014\" width=\"600\" height=\"512\" srcset=\"https:\/\/i0.wp.com\/blogg.fumei.se\/wp-content\/uploads\/2014\/08\/Frida12-emeff2014.png?w=600&amp;ssl=1 600w, https:\/\/i0.wp.com\/blogg.fumei.se\/wp-content\/uploads\/2014\/08\/Frida12-emeff2014.png?resize=300%2C256&amp;ssl=1 300w\" sizes=\"auto, (max-width: 600px) 100vw, 600px\" \/><\/a><\/p>\n<h5 style=\"text-align: center;\"><span style=\"color: #008080;\">Ett \u00e5r kvar till ton\u00e5ring!\u00a0<\/span><\/h5>\n<h2 style=\"text-align: center;\"><span style=\"color: #008080;\">GRATTIS <\/span><\/h2>\n<h5 style=\"text-align: center;\"><span style=\"color: #008080;\">fr\u00e5n moster och kusinerna!<\/span><\/h5>\n","protected":false},"excerpt":{"rendered":"<p>Ett \u00e5r kvar till ton\u00e5ring!\u00a0 GRATTIS fr\u00e5n moster och kusinerna!<\/p>\n","protected":false},"author":1,"featured_media":0,"comment_status":"open","ping_status":"open","sticky":false,"template":"","format":"standard","meta":{"jetpack_post_was_ever_published":false,"_jetpack_newsletter_access":"","_jetpack_dont_email_post_to_subs":false,"_jetpack_newsletter_tier_id":0,"_jetpack_memberships_contains_paywalled_content":false,"_jetpack_memberships_contains_paid_content":false,"footnotes":"","jetpack_publicize_message":"Fridas f\u00f6delsedag!!","jetpack_publicize_feature_enabled":true,"jetpack_social_post_already_shared":true,"jetpack_social_options":{"image_generator_settings":{"template":"highway","default_image_id":0,"font":"","enabled":false},"version":2}},"categories":[47],"tags":[106,334],"class_list":["post-3420","post","type-post","status-publish","format-standard","hentry","category-vardagsliv","tag-fodelsedag","tag-frida"],"jetpack_publicize_connections":[],"jetpack_featured_media_url":"","jetpack_shortlink":"https:\/\/wp.me\/p3qko4-Ta","jetpack_sharing_enabled":true,"jetpack_likes_enabled":true,"jetpack-related-posts":[{"id":3735,"url":"https:\/\/blogg.fumei.se\/?p=3735","url_meta":{"origin":3420,"position":0},"title":"Ett sent grattis","author":"M :)","date":"2015-09-30","format":false,"excerpt":"Eftersom bloggen var ur spel ett tag blev det ingen f\u00f6delsedagsh\u00e4lsning n\u00e4r Frida fyllde ton\u00e5ring. Men b\u00e4ttre sent \u00e4n aldrig, s\u00e5 h\u00e4r kommer den nu ist\u00e4llet! Grattis \u00f6nskar moster Robin Nonno och Lis Fia, Linus och Juliah","rel":"","context":"I \u201dFamiljen\u201d","block_context":{"text":"Familjen","link":"https:\/\/blogg.fumei.se\/?cat=34"},"img":{"alt_text":"Frida13-emeff2015","src":"https:\/\/i0.wp.com\/blogg.fumei.se\/wp-content\/uploads\/2015\/09\/Frida13-emeff2015.jpg?resize=350%2C200","width":350,"height":200,"srcset":"https:\/\/i0.wp.com\/blogg.fumei.se\/wp-content\/uploads\/2015\/09\/Frida13-emeff2015.jpg?resize=350%2C200 1x, https:\/\/i0.wp.com\/blogg.fumei.se\/wp-content\/uploads\/2015\/09\/Frida13-emeff2015.jpg?resize=525%2C300 1.5x"},"classes":[]},{"id":4569,"url":"https:\/\/blogg.fumei.se\/?p=4569","url_meta":{"origin":3420,"position":1},"title":"Fira Frida","author":"M :)","date":"2018-08-23","format":false,"excerpt":"F\u00f6delsedag i familjen Andersson, den h\u00e4r g\u00e5ngen \u00e4r det Frida som fyller \u00e5r! Det \u00e4r n\u00e5gra \u00e5r sen hon st\u00e4llde upp p\u00e5 bilder som de h\u00e4r :) GRATTIS! \u00f6nskar moster Robin Fia, Linus &Juliah mormor Lis Roberto & Isabella Silvio, Lovisa & Victor","rel":"","context":"I \u201dFamiljen\u201d","block_context":{"text":"Familjen","link":"https:\/\/blogg.fumei.se\/?cat=34"},"img":{"alt_text":"","src":"https:\/\/i0.wp.com\/blogg.fumei.se\/wp-content\/uploads\/2018\/08\/Frida16-emeff2018.png?resize=350%2C200","width":350,"height":200,"srcset":"https:\/\/i0.wp.com\/blogg.fumei.se\/wp-content\/uploads\/2018\/08\/Frida16-emeff2018.png?resize=350%2C200 1x, https:\/\/i0.wp.com\/blogg.fumei.se\/wp-content\/uploads\/2018\/08\/Frida16-emeff2018.png?resize=525%2C300 1.5x"},"classes":[]},{"id":18,"url":"https:\/\/blogg.fumei.se\/?p=18","url_meta":{"origin":3420,"position":2},"title":"Det \u00e4r Fridas dag idag","author":"M :)","date":"2011-08-23","format":false,"excerpt":"GRATTIS P\u00c5 F\u00d6DELSEDAGEN! \u00f6nskar moster, Fia, Robin och Jorge\u00a0","rel":"","context":"I \u201dVardagsliv\u201d","block_context":{"text":"Vardagsliv","link":"https:\/\/blogg.fumei.se\/?cat=47"},"img":{"alt_text":"","src":"https:\/\/i0.wp.com\/blogg.fumei.se\/wp-content\/uploads\/2011\/08\/Frida91.png?resize=350%2C200","width":350,"height":200,"srcset":"https:\/\/i0.wp.com\/blogg.fumei.se\/wp-content\/uploads\/2011\/08\/Frida91.png?resize=350%2C200 1x, https:\/\/i0.wp.com\/blogg.fumei.se\/wp-content\/uploads\/2011\/08\/Frida91.png?resize=525%2C300 1.5x"},"classes":[]},{"id":186,"url":"https:\/\/blogg.fumei.se\/?p=186","url_meta":{"origin":3420,"position":3},"title":"Idag \u00e4r ingen vanlig dag&#8230;","author":"EmEff","date":"2010-08-23","format":false,"excerpt":"f\u00f6r idag \u00e4r det Fridas f\u00f6delsedag! GRATTIS \u00f6nskar moster Tella, Fia och Robin.\u00a0 \u00a0","rel":"","context":"I \u201dVardagsliv\u201d","block_context":{"text":"Vardagsliv","link":"https:\/\/blogg.fumei.se\/?cat=47"},"img":{"alt_text":"","src":"","width":0,"height":0},"classes":[]},{"id":4308,"url":"https:\/\/blogg.fumei.se\/?p=4308","url_meta":{"origin":3420,"position":4},"title":"Frida firar f\u00f6delsedag!","author":"M :)","date":"2017-08-23","format":false,"excerpt":"Idag fyller \u00e4ldsta systerdottern 15 \u00e5r! GRATTIS! \u00f6nskar moster Robin Fia, Linus & Juliah mormor Lis Berto & Isabella Silvio, Lovisa & Victor \u00a0 \u00a0","rel":"","context":"I \u201dVardagsliv\u201d","block_context":{"text":"Vardagsliv","link":"https:\/\/blogg.fumei.se\/?cat=47"},"img":{"alt_text":"","src":"https:\/\/i0.wp.com\/blogg.fumei.se\/wp-content\/uploads\/2017\/08\/Frida15-emeff2017.png?resize=350%2C200","width":350,"height":200,"srcset":"https:\/\/i0.wp.com\/blogg.fumei.se\/wp-content\/uploads\/2017\/08\/Frida15-emeff2017.png?resize=350%2C200 1x, https:\/\/i0.wp.com\/blogg.fumei.se\/wp-content\/uploads\/2017\/08\/Frida15-emeff2017.png?resize=525%2C300 1.5x"},"classes":[]},{"id":1052,"url":"https:\/\/blogg.fumei.se\/?p=1052","url_meta":{"origin":3420,"position":5},"title":"B\u00e4ttre sent \u00e4n aldrig","author":"M :)","date":"2009-08-27","format":false,"excerpt":"Med en faster moster som \u00e4r ute och fl\u00e4nger och sen g\u00e5r och blir sjuk och som dessutom jobbar alltf\u00f6r mycket som vanligt, s\u00e5 f\u00e5r man ibland v\u00e4nta lite p\u00e5 vissa saker. Men jag hoppas du f\u00f6rl\u00e5ter mig n\u00e4r du f\u00e5r den h\u00e4r, Frida. GRATTIS i efterskott! Jag hoppas du\u2026","rel":"","context":"I \u201dVardagsliv\u201d","block_context":{"text":"Vardagsliv","link":"https:\/\/blogg.fumei.se\/?cat=47"},"img":{"alt_text":"","src":"","width":0,"height":0},"classes":[]}],"_links":{"self":[{"href":"https:\/\/blogg.fumei.se\/index.php?rest_route=\/wp\/v2\/posts\/3420","targetHints":{"allow":["GET"]}}],"collection":[{"href":"https:\/\/blogg.fumei.se\/index.php?rest_route=\/wp\/v2\/posts"}],"about":[{"href":"https:\/\/blogg.fumei.se\/index.php?rest_route=\/wp\/v2\/types\/post"}],"author":[{"embeddable":true,"href":"https:\/\/blogg.fumei.se\/index.php?rest_route=\/wp\/v2\/users\/1"}],"replies":[{"embeddable":true,"href":"https:\/\/blogg.fumei.se\/index.php?rest_route=%2Fwp%2Fv2%2Fcomments&post=3420"}],"version-history":[{"count":1,"href":"https:\/\/blogg.fumei.se\/index.php?rest_route=\/wp\/v2\/posts\/3420\/revisions"}],"predecessor-version":[{"id":3422,"href":"https:\/\/blogg.fumei.se\/index.php?rest_route=\/wp\/v2\/posts\/3420\/revisions\/3422"}],"wp:attachment":[{"href":"https:\/\/blogg.fumei.se\/index.php?rest_route=%2Fwp%2Fv2%2Fmedia&parent=3420"}],"wp:term":[{"taxonomy":"category","embeddable":true,"href":"https:\/\/blogg.fumei.se\/index.php?rest_route=%2Fwp%2Fv2%2Fcategories&post=3420"},{"taxonomy":"post_tag","embeddable":true,"href":"https:\/\/blogg.fumei.se\/index.php?rest_route=%2Fwp%2Fv2%2Ftags&post=3420"}],"curies":[{"name":"wp","href":"https:\/\/api.w.org\/{rel}","templated":true}]}}