{"id":3451,"date":"2015-01-09T11:27:09","date_gmt":"2015-01-09T10:27:09","guid":{"rendered":"http:\/\/blogg.fumei.se\/?p=3451"},"modified":"2015-01-09T11:27:09","modified_gmt":"2015-01-09T10:27:09","slug":"stora-tjejen","status":"publish","type":"post","link":"https:\/\/blogg.fumei.se\/?p=3451","title":{"rendered":"Stora tjejen!"},"content":{"rendered":"<p style=\"text-align: center;\"><span style=\"color: #ff00ff;\">Idag hurrar vi f\u00f6r Lovisa som fyller 7 \u00e5r!<\/span><\/p>\n<h1 style=\"text-align: center;\"><span style=\"color: #ff00ff;\">GRATTIS!<\/span><\/h1>\n<p style=\"text-align: center;\"><span style=\"color: #ff00ff;\">\u00f6nskar faster, farmor, farfar,\u00a0Robin, Fia, Linus och Juliah<\/span><\/p>\n<p><a href=\"https:\/\/i0.wp.com\/blogg.fumei.se\/wp-content\/uploads\/2015\/01\/lovisa7-emeff2015.jpg?ssl=1\"><img data-recalc-dims=\"1\" loading=\"lazy\" decoding=\"async\" data-attachment-id=\"3452\" data-permalink=\"https:\/\/blogg.fumei.se\/?attachment_id=3452\" data-orig-file=\"https:\/\/i0.wp.com\/blogg.fumei.se\/wp-content\/uploads\/2015\/01\/lovisa7-emeff2015.jpg?fit=600%2C600&amp;ssl=1\" data-orig-size=\"600,600\" data-comments-opened=\"1\" data-image-meta=\"{&quot;aperture&quot;:&quot;0&quot;,&quot;credit&quot;:&quot;&quot;,&quot;camera&quot;:&quot;&quot;,&quot;caption&quot;:&quot;&quot;,&quot;created_timestamp&quot;:&quot;0&quot;,&quot;copyright&quot;:&quot;&quot;,&quot;focal_length&quot;:&quot;0&quot;,&quot;iso&quot;:&quot;0&quot;,&quot;shutter_speed&quot;:&quot;0&quot;,&quot;title&quot;:&quot;&quot;,&quot;orientation&quot;:&quot;0&quot;}\" data-image-title=\"lovisa7-emeff2015\" data-image-description=\"\" data-image-caption=\"\" data-large-file=\"https:\/\/i0.wp.com\/blogg.fumei.se\/wp-content\/uploads\/2015\/01\/lovisa7-emeff2015.jpg?fit=600%2C600&amp;ssl=1\" class=\"aligncenter size-full wp-image-3452\" src=\"https:\/\/i0.wp.com\/blogg.fumei.se\/wp-content\/uploads\/2015\/01\/lovisa7-emeff2015.jpg?resize=600%2C600&#038;ssl=1\" alt=\"lovisa7-emeff2015\" width=\"600\" height=\"600\" srcset=\"https:\/\/i0.wp.com\/blogg.fumei.se\/wp-content\/uploads\/2015\/01\/lovisa7-emeff2015.jpg?w=600&amp;ssl=1 600w, https:\/\/i0.wp.com\/blogg.fumei.se\/wp-content\/uploads\/2015\/01\/lovisa7-emeff2015.jpg?resize=180%2C180&amp;ssl=1 180w, https:\/\/i0.wp.com\/blogg.fumei.se\/wp-content\/uploads\/2015\/01\/lovisa7-emeff2015.jpg?resize=300%2C300&amp;ssl=1 300w\" sizes=\"auto, (max-width: 600px) 100vw, 600px\" \/><\/a><\/p>\n","protected":false},"excerpt":{"rendered":"<p>Idag hurrar vi f\u00f6r Lovisa som fyller 7 \u00e5r! GRATTIS! \u00f6nskar faster, farmor, farfar,\u00a0Robin, Fia, Linus och Juliah<\/p>\n","protected":false},"author":1,"featured_media":0,"comment_status":"open","ping_status":"open","sticky":false,"template":"","format":"standard","meta":{"jetpack_post_was_ever_published":false,"_jetpack_newsletter_access":"","_jetpack_dont_email_post_to_subs":false,"_jetpack_newsletter_tier_id":0,"_jetpack_memberships_contains_paywalled_content":false,"_jetpack_memberships_contains_paid_content":false,"footnotes":"","jetpack_publicize_message":"","jetpack_publicize_feature_enabled":true,"jetpack_social_post_already_shared":true,"jetpack_social_options":{"image_generator_settings":{"template":"highway","default_image_id":0,"font":"","enabled":false},"version":2}},"categories":[47],"tags":[220,106,137],"class_list":["post-3451","post","type-post","status-publish","format-standard","hentry","category-vardagsliv","tag-fira","tag-fodelsedag","tag-lovisa"],"jetpack_publicize_connections":[],"jetpack_featured_media_url":"","jetpack_shortlink":"https:\/\/wp.me\/p3qko4-TF","jetpack_sharing_enabled":true,"jetpack_likes_enabled":true,"jetpack-related-posts":[{"id":2893,"url":"https:\/\/blogg.fumei.se\/?p=2893","url_meta":{"origin":3451,"position":0},"title":"Kalasdax","author":"M :)","date":"2013-01-09","format":false,"excerpt":"F\u00f6r idag fyller v\u00e4rldens b\u00e4sta Lovisa \u00e5r!! GRATTIS \u00f6nskar moster faster, Fia, Robin och Jorge!","rel":"","context":"I \u201dVardagsliv\u201d","block_context":{"text":"Vardagsliv","link":"https:\/\/blogg.fumei.se\/?cat=47"},"img":{"alt_text":"Lovisa5-emeff2013","src":"https:\/\/i0.wp.com\/blogg.fumei.se\/wp-content\/uploads\/2013\/01\/Lovisa5-emeff2013.png?resize=350%2C200","width":350,"height":200,"srcset":"https:\/\/i0.wp.com\/blogg.fumei.se\/wp-content\/uploads\/2013\/01\/Lovisa5-emeff2013.png?resize=350%2C200 1x, https:\/\/i0.wp.com\/blogg.fumei.se\/wp-content\/uploads\/2013\/01\/Lovisa5-emeff2013.png?resize=525%2C300 1.5x"},"classes":[]},{"id":2034,"url":"https:\/\/blogg.fumei.se\/?p=2034","url_meta":{"origin":3451,"position":1},"title":"Hipp hipp hurra!! (b\u00e4ttre sent \u00e4n aldrig&#8230;)","author":"M :)","date":"2012-01-09","format":false,"excerpt":"Idag fyller prinsessan Lovisa 4 \u00e5r! GRATTIS \u00f6nskar faster, Fia, Robin och Jorge. Och Stella.","rel":"","context":"I \u201dVardagsliv\u201d","block_context":{"text":"Vardagsliv","link":"https:\/\/blogg.fumei.se\/?cat=47"},"img":{"alt_text":"","src":"https:\/\/i0.wp.com\/blogg.fumei.se\/wp-content\/uploads\/2012\/01\/PrinsessanLovisa4-emeff2012-300x300.png?resize=350%2C200","width":350,"height":200},"classes":[]},{"id":4920,"url":"https:\/\/blogg.fumei.se\/?p=4920","url_meta":{"origin":3451,"position":2},"title":"Juletid \u00e4r julefrid?","author":"M :)","date":"2017-12-24","format":false,"excerpt":"Julafton hos familjen Fumei. Paketberg, m\u00e4ngder av mat, julklappslek, ris \u00e1 la Malta , lite syskonbr\u00e5k, Kalle Anka p\u00e5 tv och de traditionsenligt framtvingade familjebilderna. Och s\u00e5 en ny tradtition- en tur till minneslunden f\u00f6r pappa. GOD JUL fr\u00e5n mig till er som l\u00e4ser det h\u00e4r! Julgran med julklappar Lovisa,\u2026","rel":"","context":"I \u201dFamiljen\u201d","block_context":{"text":"Familjen","link":"https:\/\/blogg.fumei.se\/?cat=34"},"img":{"alt_text":"","src":"https:\/\/i0.wp.com\/blogg.fumei.se\/wp-content\/uploads\/2022\/10\/0CA06A55-4DAE-4E91-AD90-C77BC541A103-scaled.jpeg?resize=350%2C200","width":350,"height":200,"srcset":"https:\/\/i0.wp.com\/blogg.fumei.se\/wp-content\/uploads\/2022\/10\/0CA06A55-4DAE-4E91-AD90-C77BC541A103-scaled.jpeg?resize=350%2C200 1x, https:\/\/i0.wp.com\/blogg.fumei.se\/wp-content\/uploads\/2022\/10\/0CA06A55-4DAE-4E91-AD90-C77BC541A103-scaled.jpeg?resize=525%2C300 1.5x, https:\/\/i0.wp.com\/blogg.fumei.se\/wp-content\/uploads\/2022\/10\/0CA06A55-4DAE-4E91-AD90-C77BC541A103-scaled.jpeg?resize=700%2C400 2x, https:\/\/i0.wp.com\/blogg.fumei.se\/wp-content\/uploads\/2022\/10\/0CA06A55-4DAE-4E91-AD90-C77BC541A103-scaled.jpeg?resize=1050%2C600 3x, https:\/\/i0.wp.com\/blogg.fumei.se\/wp-content\/uploads\/2022\/10\/0CA06A55-4DAE-4E91-AD90-C77BC541A103-scaled.jpeg?resize=1400%2C800 4x"},"classes":[]},{"id":796,"url":"https:\/\/blogg.fumei.se\/?p=796","url_meta":{"origin":3451,"position":3},"title":"L\u00f6rdag","author":"M :)","date":"2009-01-24","format":false,"excerpt":"\u00e4r det idag. Faktiskt. Jag \u00e4r ledig och barnen \u00e4r hemma. Eller....de var hemma en liten stund. Robin var hemma p\u00e5 dagen och har nu dragit till Henrik f\u00f6r en \u00f6vernattning. De sitter s\u00e4kert och spelar WoW halva natten. Fia sov hos Victor ig\u00e5r, s\u00e5 hon kom hem h\u00e4r p\u00e5\u2026","rel":"","context":"I \u201dVardagsliv\u201d","block_context":{"text":"Vardagsliv","link":"https:\/\/blogg.fumei.se\/?cat=47"},"img":{"alt_text":"","src":"","width":0,"height":0},"classes":[]},{"id":974,"url":"https:\/\/blogg.fumei.se\/?p=974","url_meta":{"origin":3451,"position":4},"title":"Sommar och sol","author":"M :)","date":"2009-06-25","format":false,"excerpt":"Vad kan vara b\u00e4ttre p\u00e5 semestern \u00e4n just det? Inte mycket, nej, s\u00e5 jag \u00e4r superglad att det \u00e4r s\u00e5 h\u00e4rligt v\u00e4der just nu! F\u00f6rra \u00e5ret regnade ju min semester bort, praktiskt taget. Jag tror jag hade tv\u00e5 solddagar p\u00e5 mina 4 veckor...Ig\u00e5r anl\u00e4nde jag allts\u00e5 till Silvio och Emma\u2026","rel":"","context":"I \u201dVardagsliv\u201d","block_context":{"text":"Vardagsliv","link":"https:\/\/blogg.fumei.se\/?cat=47"},"img":{"alt_text":"","src":"","width":0,"height":0},"classes":[]},{"id":797,"url":"https:\/\/blogg.fumei.se\/?p=797","url_meta":{"origin":3451,"position":5},"title":"Kreativiteten blomstrar i tristessen","author":"M :)","date":"2009-01-23","format":false,"excerpt":"Hade t\u00e4nkt att se P\u00e5 Sp\u00e5ret ikv\u00e4ll, men trots ny dekoder s\u00e5 funkar den \u00e4nd\u00e5 inte som den ska. Eller den g\u00f6r nog det, men n\u00e5got annat \u00e4r helt klart fel eftersom vi hela tiden har st\u00f6rningar i tv-s\u00e4ndningarna. Det \u00e4r inga vanliga st\u00e4rningar heller, utan s\u00e5na d\u00e4r som man\u2026","rel":"","context":"I \u201dVardagsliv\u201d","block_context":{"text":"Vardagsliv","link":"https:\/\/blogg.fumei.se\/?cat=47"},"img":{"alt_text":"","src":"","width":0,"height":0},"classes":[]}],"_links":{"self":[{"href":"https:\/\/blogg.fumei.se\/index.php?rest_route=\/wp\/v2\/posts\/3451","targetHints":{"allow":["GET"]}}],"collection":[{"href":"https:\/\/blogg.fumei.se\/index.php?rest_route=\/wp\/v2\/posts"}],"about":[{"href":"https:\/\/blogg.fumei.se\/index.php?rest_route=\/wp\/v2\/types\/post"}],"author":[{"embeddable":true,"href":"https:\/\/blogg.fumei.se\/index.php?rest_route=\/wp\/v2\/users\/1"}],"replies":[{"embeddable":true,"href":"https:\/\/blogg.fumei.se\/index.php?rest_route=%2Fwp%2Fv2%2Fcomments&post=3451"}],"version-history":[{"count":1,"href":"https:\/\/blogg.fumei.se\/index.php?rest_route=\/wp\/v2\/posts\/3451\/revisions"}],"predecessor-version":[{"id":3453,"href":"https:\/\/blogg.fumei.se\/index.php?rest_route=\/wp\/v2\/posts\/3451\/revisions\/3453"}],"wp:attachment":[{"href":"https:\/\/blogg.fumei.se\/index.php?rest_route=%2Fwp%2Fv2%2Fmedia&parent=3451"}],"wp:term":[{"taxonomy":"category","embeddable":true,"href":"https:\/\/blogg.fumei.se\/index.php?rest_route=%2Fwp%2Fv2%2Fcategories&post=3451"},{"taxonomy":"post_tag","embeddable":true,"href":"https:\/\/blogg.fumei.se\/index.php?rest_route=%2Fwp%2Fv2%2Ftags&post=3451"}],"curies":[{"name":"wp","href":"https:\/\/api.w.org\/{rel}","templated":true}]}}