{"id":3454,"date":"2015-01-17T07:00:08","date_gmt":"2015-01-17T06:00:08","guid":{"rendered":"http:\/\/blogg.fumei.se\/?p=3454"},"modified":"2015-01-14T10:13:01","modified_gmt":"2015-01-14T09:13:01","slug":"idag-fyller-vi-ar","status":"publish","type":"post","link":"https:\/\/blogg.fumei.se\/?p=3454","title":{"rendered":"Idag fyller vi \u00e5r!"},"content":{"rendered":"<p>Vi b\u00f6rjar med att hurra f\u00f6r den h\u00e4r killen:<\/p>\n<p><a href=\"https:\/\/i0.wp.com\/blogg.fumei.se\/wp-content\/uploads\/2015\/01\/Victor6-emeff2015.jpg?ssl=1\"><img data-recalc-dims=\"1\" loading=\"lazy\" decoding=\"async\" data-attachment-id=\"3455\" data-permalink=\"https:\/\/blogg.fumei.se\/?attachment_id=3455\" data-orig-file=\"https:\/\/i0.wp.com\/blogg.fumei.se\/wp-content\/uploads\/2015\/01\/Victor6-emeff2015.jpg?fit=600%2C600&amp;ssl=1\" data-orig-size=\"600,600\" data-comments-opened=\"1\" data-image-meta=\"{&quot;aperture&quot;:&quot;0&quot;,&quot;credit&quot;:&quot;&quot;,&quot;camera&quot;:&quot;&quot;,&quot;caption&quot;:&quot;&quot;,&quot;created_timestamp&quot;:&quot;0&quot;,&quot;copyright&quot;:&quot;&quot;,&quot;focal_length&quot;:&quot;0&quot;,&quot;iso&quot;:&quot;0&quot;,&quot;shutter_speed&quot;:&quot;0&quot;,&quot;title&quot;:&quot;&quot;,&quot;orientation&quot;:&quot;0&quot;}\" data-image-title=\"Victor6-emeff2015\" data-image-description=\"\" data-image-caption=\"\" data-large-file=\"https:\/\/i0.wp.com\/blogg.fumei.se\/wp-content\/uploads\/2015\/01\/Victor6-emeff2015.jpg?fit=600%2C600&amp;ssl=1\" class=\"aligncenter size-full wp-image-3455\" src=\"https:\/\/i0.wp.com\/blogg.fumei.se\/wp-content\/uploads\/2015\/01\/Victor6-emeff2015.jpg?resize=600%2C600&#038;ssl=1\" alt=\"Victor6-emeff2015\" width=\"600\" height=\"600\" srcset=\"https:\/\/i0.wp.com\/blogg.fumei.se\/wp-content\/uploads\/2015\/01\/Victor6-emeff2015.jpg?w=600&amp;ssl=1 600w, https:\/\/i0.wp.com\/blogg.fumei.se\/wp-content\/uploads\/2015\/01\/Victor6-emeff2015.jpg?resize=180%2C180&amp;ssl=1 180w, https:\/\/i0.wp.com\/blogg.fumei.se\/wp-content\/uploads\/2015\/01\/Victor6-emeff2015.jpg?resize=300%2C300&amp;ssl=1 300w\" sizes=\"auto, (max-width: 600px) 100vw, 600px\" \/><\/a><\/p>\n<p style=\"text-align: center;\">Hipp hurra f\u00f6r Victor idag p\u00e5 din 6-\u00e5rsdag!<\/p>\n<h1 style=\"text-align: center;\"><span style=\"color: #cc1504;\">GRATTIS<\/span><\/h1>\n<p style=\"text-align: center;\">\u00f6nskar faster, farmor, farfar, Robin, Fia, Linus och Juliah.<\/p>\n<p>Och ja, det \u00e4r ju faktiskt min f\u00f6delsedag ocks\u00e5, s\u00e5 <span style=\"color: #008000;\"><strong>hurra<\/strong> <\/span>och <span style=\"color: #008000;\"><strong>grattis<\/strong> <\/span>till mig ocks\u00e5!<\/p>\n<p>N\u00e5gra andra som fyller \u00e5r idag \u00e4r Zoey Deschanel (34), Kid Rock (44), Lukas Moodysson (46), Michelle Obama (50), Kai Hansen (51), Jima Carrey (52), Susanna Hoffs (55), Paul Young (58), David Caruso (58), Muhammad Ali (72) och James Earl Jones (84). Nevil Shute, Al Capone och Benjamin Franklin \u00e4r andra, numera d\u00f6da, ber\u00f6mdheter jag delar f\u00f6delsedag med.<\/p>\n","protected":false},"excerpt":{"rendered":"<p>Vi b\u00f6rjar med att hurra f\u00f6r den h\u00e4r killen: Hipp hurra f\u00f6r Victor idag p\u00e5 din 6-\u00e5rsdag! GRATTIS \u00f6nskar faster, farmor, farfar, Robin, Fia, Linus och Juliah. Och ja, det \u00e4r ju faktiskt min f\u00f6delsedag ocks\u00e5, s\u00e5 hurra och grattis till mig ocks\u00e5! N\u00e5gra andra som fyller \u00e5r idag \u00e4r Zoey Deschanel (34), Kid Rock&#8230;<\/p>\n","protected":false},"author":1,"featured_media":0,"comment_status":"open","ping_status":"open","sticky":false,"template":"","format":"standard","meta":{"jetpack_post_was_ever_published":false,"_jetpack_newsletter_access":"","_jetpack_dont_email_post_to_subs":false,"_jetpack_newsletter_tier_id":0,"_jetpack_memberships_contains_paywalled_content":false,"_jetpack_memberships_contains_paid_content":false,"footnotes":"","jetpack_publicize_message":"","jetpack_publicize_feature_enabled":true,"jetpack_social_post_already_shared":true,"jetpack_social_options":{"image_generator_settings":{"template":"highway","default_image_id":0,"font":"","enabled":false},"version":2}},"categories":[47],"tags":[220,106,338,138],"class_list":["post-3454","post","type-post","status-publish","format-standard","hentry","category-vardagsliv","tag-fira","tag-fodelsedag","tag-hurra","tag-victor"],"jetpack_publicize_connections":[],"jetpack_featured_media_url":"","jetpack_shortlink":"https:\/\/wp.me\/p3qko4-TI","jetpack_sharing_enabled":true,"jetpack_likes_enabled":true,"jetpack-related-posts":[{"id":116,"url":"https:\/\/blogg.fumei.se\/?p=116","url_meta":{"origin":3454,"position":0},"title":"F\u00f6delsedag i kvadrat","author":"M :)","date":"2011-01-17","format":false,"excerpt":"Idag fyller jag \u00e5r. Hipp hurra. Men - \u00e4ven bus-Victor fyller \u00e5r idag! Hela 2 \u00e5r har han hunnit bli! Grattis och dubbel-hurra!! \u00a0 Men det \u00e4r inte slut d\u00e4r...f\u00f6r det var ju en liten Lovisafr\u00f6ken som inte fick en ordentlig scrap p\u00e5 sin f\u00f6delsedag, s\u00e5 den kommer h\u00e4r: (nej,\u2026","rel":"","context":"I \u201dVardagsliv\u201d","block_context":{"text":"Vardagsliv","link":"https:\/\/blogg.fumei.se\/?cat=47"},"img":{"alt_text":"","src":"","width":0,"height":0},"classes":[]},{"id":4519,"url":"https:\/\/blogg.fumei.se\/?p=4519","url_meta":{"origin":3454,"position":1},"title":"Grattis lilla mamma!","author":"M :)","date":"2018-04-15","format":false,"excerpt":"Idag hurrar vi f\u00f6r v\u00e4rldens b\u00e4sta mamma som fyller 81 \u00e5r! GRATTIS! \u00f6nskar Marcella Sophia, Linus & Juliah Robin Roberto & Isabella Silvio Lovisa & Victor Ilse Magnus, Frida & Tyra Vi s\u00e4nder ocks\u00e5 en tanke till pappsen som firar n\u00e5gon annanstans\u00a0\u2764","rel":"","context":"I \u201dFamiljen\u201d","block_context":{"text":"Familjen","link":"https:\/\/blogg.fumei.se\/?cat=34"},"img":{"alt_text":"","src":"https:\/\/i0.wp.com\/blogg.fumei.se\/wp-content\/uploads\/2018\/04\/mamma81blog-emeff2018.png?resize=350%2C200","width":350,"height":200,"srcset":"https:\/\/i0.wp.com\/blogg.fumei.se\/wp-content\/uploads\/2018\/04\/mamma81blog-emeff2018.png?resize=350%2C200 1x, https:\/\/i0.wp.com\/blogg.fumei.se\/wp-content\/uploads\/2018\/04\/mamma81blog-emeff2018.png?resize=525%2C300 1.5x"},"classes":[]},{"id":3824,"url":"https:\/\/blogg.fumei.se\/?p=3824","url_meta":{"origin":3454,"position":2},"title":"F\u00f6delsedagsdags igen!","author":"M :)","date":"2016-01-17","format":false,"excerpt":"Idag hurrar vi f\u00f6r Victor som fyller 7 \u00e5r! GRATTIS \u00f6nskar Farmor och farfar Faster och Robin Fia, Linus och Juliah","rel":"","context":"I \u201dFamiljen\u201d","block_context":{"text":"Familjen","link":"https:\/\/blogg.fumei.se\/?cat=34"},"img":{"alt_text":"victor7-emeff2016","src":"https:\/\/i0.wp.com\/blogg.fumei.se\/wp-content\/uploads\/2016\/01\/victor7-emeff2016.jpg?resize=350%2C200","width":350,"height":200},"classes":[]},{"id":4525,"url":"https:\/\/blogg.fumei.se\/?p=4525","url_meta":{"origin":3454,"position":3},"title":"Mammas p\u00f4jk!","author":"M :)","date":"2018-04-25","format":false,"excerpt":"Idag fyller Robin \u00e5r! Hipp hurra!! GRATTIS! \u00f6nskar mamma Fia, Linus & Juliah mormor Berto & Bella Silvio, Lovisa & Victor Ilse, Magnus, Frida & Tyra","rel":"","context":"I \u201dFamiljen\u201d","block_context":{"text":"Familjen","link":"https:\/\/blogg.fumei.se\/?cat=34"},"img":{"alt_text":"","src":"https:\/\/i0.wp.com\/blogg.fumei.se\/wp-content\/uploads\/2018\/04\/Robin21-emeff2018.png?resize=350%2C200","width":350,"height":200,"srcset":"https:\/\/i0.wp.com\/blogg.fumei.se\/wp-content\/uploads\/2018\/04\/Robin21-emeff2018.png?resize=350%2C200 1x, https:\/\/i0.wp.com\/blogg.fumei.se\/wp-content\/uploads\/2018\/04\/Robin21-emeff2018.png?resize=525%2C300 1.5x"},"classes":[]},{"id":4507,"url":"https:\/\/blogg.fumei.se\/?p=4507","url_meta":{"origin":3454,"position":4},"title":"Grattis Bella!","author":"M :)","date":"2018-03-13","format":false,"excerpt":"Idag fyller \u00e4ldsta brorsdottern myndig. Vi hurrar och gratulerar f\u00f6r dig idag! GRATTIS \u00f6nskar pappa farmor faster Fia, Linus, Juliah Robin Silvio Lovisa & Victor Ilse & Magnus Frida & Tyra","rel":"","context":"I \u201dFamiljen\u201d","block_context":{"text":"Familjen","link":"https:\/\/blogg.fumei.se\/?cat=34"},"img":{"alt_text":"","src":"https:\/\/i0.wp.com\/blogg.fumei.se\/wp-content\/uploads\/2018\/03\/Bella18-emeff2018.png?resize=350%2C200","width":350,"height":200,"srcset":"https:\/\/i0.wp.com\/blogg.fumei.se\/wp-content\/uploads\/2018\/03\/Bella18-emeff2018.png?resize=350%2C200 1x, https:\/\/i0.wp.com\/blogg.fumei.se\/wp-content\/uploads\/2018\/03\/Bella18-emeff2018.png?resize=525%2C300 1.5x"},"classes":[]},{"id":6852,"url":"https:\/\/blogg.fumei.se\/?p=6852","url_meta":{"origin":3454,"position":5},"title":"F\u00f6delsedagsbarn!","author":"M :)","date":"2024-03-15","format":false,"excerpt":"Idag firar vi att Juliah fyller 10 \u00e5r! Hurra, hurra, hurra hurra!","rel":"","context":"I \u201dFamiljen\u201d","block_context":{"text":"Familjen","link":"https:\/\/blogg.fumei.se\/?cat=34"},"img":{"alt_text":"","src":"https:\/\/i0.wp.com\/blogg.fumei.se\/wp-content\/uploads\/2024\/04\/2BCAC044-D7DA-4B74-ADF5-2624442159C1_1_105_c.jpeg?resize=350%2C200&ssl=1","width":350,"height":200,"srcset":"https:\/\/i0.wp.com\/blogg.fumei.se\/wp-content\/uploads\/2024\/04\/2BCAC044-D7DA-4B74-ADF5-2624442159C1_1_105_c.jpeg?resize=350%2C200&ssl=1 1x, https:\/\/i0.wp.com\/blogg.fumei.se\/wp-content\/uploads\/2024\/04\/2BCAC044-D7DA-4B74-ADF5-2624442159C1_1_105_c.jpeg?resize=525%2C300&ssl=1 1.5x, https:\/\/i0.wp.com\/blogg.fumei.se\/wp-content\/uploads\/2024\/04\/2BCAC044-D7DA-4B74-ADF5-2624442159C1_1_105_c.jpeg?resize=700%2C400&ssl=1 2x"},"classes":[]}],"_links":{"self":[{"href":"https:\/\/blogg.fumei.se\/index.php?rest_route=\/wp\/v2\/posts\/3454","targetHints":{"allow":["GET"]}}],"collection":[{"href":"https:\/\/blogg.fumei.se\/index.php?rest_route=\/wp\/v2\/posts"}],"about":[{"href":"https:\/\/blogg.fumei.se\/index.php?rest_route=\/wp\/v2\/types\/post"}],"author":[{"embeddable":true,"href":"https:\/\/blogg.fumei.se\/index.php?rest_route=\/wp\/v2\/users\/1"}],"replies":[{"embeddable":true,"href":"https:\/\/blogg.fumei.se\/index.php?rest_route=%2Fwp%2Fv2%2Fcomments&post=3454"}],"version-history":[{"count":1,"href":"https:\/\/blogg.fumei.se\/index.php?rest_route=\/wp\/v2\/posts\/3454\/revisions"}],"predecessor-version":[{"id":3456,"href":"https:\/\/blogg.fumei.se\/index.php?rest_route=\/wp\/v2\/posts\/3454\/revisions\/3456"}],"wp:attachment":[{"href":"https:\/\/blogg.fumei.se\/index.php?rest_route=%2Fwp%2Fv2%2Fmedia&parent=3454"}],"wp:term":[{"taxonomy":"category","embeddable":true,"href":"https:\/\/blogg.fumei.se\/index.php?rest_route=%2Fwp%2Fv2%2Fcategories&post=3454"},{"taxonomy":"post_tag","embeddable":true,"href":"https:\/\/blogg.fumei.se\/index.php?rest_route=%2Fwp%2Fv2%2Ftags&post=3454"}],"curies":[{"name":"wp","href":"https:\/\/api.w.org\/{rel}","templated":true}]}}