{"id":35,"date":"2011-06-02T22:06:00","date_gmt":"2011-06-02T22:06:00","guid":{"rendered":"\/Blogg\/post\/Sondag-pa-Torsdag.aspx"},"modified":"2011-06-02T22:06:00","modified_gmt":"2011-06-02T22:06:00","slug":"sondag-pa-torsdag","status":"publish","type":"post","link":"https:\/\/blogg.fumei.se\/?p=35","title":{"rendered":"S\u00f6ndag p\u00e5 Torsdag"},"content":{"rendered":"<p>Ja det &auml;r ju lite s&aring; det &auml;r, n&auml;r det &auml;r &#8221;r&ouml;d&#8221; dag i almanackan och helgdag. Aff&auml;rer, banker och andra mer eller mindre viktiga institutioner och inr&auml;ttningar h&aring;ller st&auml;ngt. Dock inte sjukhus, vilket inneb&auml;r att jag jobbar &auml;ven s&aring;dana dagar. Tyv&auml;rr blir det inte av att jag g&ouml;r det, f&ouml;r jag bor ju i byn som b&aring;de Gud och trafikplanerarna p&aring; V&auml;sttrafik gl&ouml;mde, s&aring; s&ouml;ndagstrafiken till och fr&aring;n H&aring;lan &auml;r i det n&auml;rmaste obefintlig.<br \/>Det g&aring;r inga bussar whatsoever p&aring; s&ouml;ndagar (d&auml;remot kan man ringa V&auml;sttrafik och bli h&auml;mtad av en taxi p&aring; 2 fasta tider, och man betalar samma som f&ouml;r buss, men de tiderna passar inte ihop med varken andra t&aring;g eller annat som man vill g&ouml;ra p&aring; en s&ouml;ndag), f&ouml;rsta t&aring;get som g&aring;r h&auml;rifr&aring;n g&aring;r kl 9 p&aring; morgonen till Gbg och n&auml;sta g&aring;r 15.57 till Gbg. De avg&aring;ngarna st&auml;mmer inte ett dugg med mina arbetspass, antingen f&aring;r jag sitta och v&auml;nta i 3 1\/2 timme p&aring; att b&ouml;rja jobba, eller s&aring; kommer jag 3 1\/2 timme f&ouml;rsent. Det hj&auml;lper inte att ta den d&auml;r taxin in till Fkp heller, f&ouml;r jag missar t&aring;get till Gbg eftersom taxin l&auml;mnar H&aring;lan ungef&auml;r samtidigt som t&aring;get l&auml;mnar Fkp.<br \/>&Aring; ena sidan suger det b&auml;versvans att ha det s&aring;, &aring; andra sidan &auml;r det j&auml;ttesk&ouml;nt, f&ouml;r det inneb&auml;r att s&aring; gott som alla helgdagar &#8211; utom de jag har obligatorisk tj&auml;nst &#8211; kan jag l&auml;gga in ledigt. D&auml;rifr&aring;n kan man ta det sugiga ett steg till, f&ouml;r eftersom jag missar arbetsdagar p&aring; det h&auml;r viset, s&aring; &auml;r jag tvungen at arbeta desto fler och l&auml;ngre dagar &ouml;vrig tid f&ouml;r att f&aring; ihop mina timmar.<\/p>\n<p>Men det var himla sk&ouml;nt att vara ledig idag. Sen ska jag jobba fredag och l&ouml;rdag innan jag &aring;terigen &auml;r ledig, i tv&aring; dagar, f&ouml;r det &auml;r ju r&ouml;d dag och &#8221;s&ouml;ndag&#8221; b&aring;de p&aring; s&ouml;ndag och p&aring; m&aring;ndag. Efter det jobbar jagtisdag till l&ouml;rdag och sen, mina v&auml;nner &auml;r det S-E-M-E-S-T-E-R som g&auml;ller i fyra veckor!<br \/>Och idag ins&aring;g jag dessutom att jag f&aring;r ha n&auml;stan hela f&ouml;rsta veckan alldeles f&ouml;r mig sj&auml;lv, f&ouml;r alla skolbarnen i min lilla familj slutar inte f&ouml;rr&auml;n 16 Juni (Robin) respektive 17 Juni (Fia).<\/p>\n<p>Idag har Anna varit h&auml;r. Det &auml;r inte ofta vi hinner boka in en dejt f&ouml;r att vi jobbar om varandra och bor en bit ifr&aring;n varandra, men den h&auml;r g&aring;ngen var det lite extremt; sist vi s&aring;gs var p&aring; min 40-&aring;rsdag! S&aring; idag var hon h&auml;r och vi hade en himla bra, trevlig och rolig dag med massa prat och skratt. Jag saknar mer och mer att inte ha mina v&auml;nner n&auml;rmare, s&aring; att jag kan sticka &ouml;ver f&ouml;r en fika utan att man ska planera flera veckor innan. J har sagt att han kan t&auml;nka sig att bo i Thn, han gillar staden, det lilla han sett av den, och jag &auml;r inte helt emot att flytta tillbaka, s&aring; vi f&aring;r v&auml;l se vad som h&auml;nder. Fast jag lovade mina barn dyrt och heligt att de skulle f&aring; g&aring; klart grundskolan h&auml;r, och Robin har ju ett &aring;r kvar, s&aring; det blir nog inget inom det n&auml;rmaste &aring;ret i alla fall.<\/p>\n<p>Maten idag bestod av:<\/p>\n<ul>\n<li><strong>Frukost<\/strong><br \/>En kn&auml;ckemacka med philadelphiaost och gurka, en sk&aring;l med jordgubbar och lite n&ouml;tter.<\/li>\n<li><strong>Lunch<\/strong><br \/>Jag lade laxfil&egrave;er i en form, str&ouml;dde &ouml;ver Taco Fishkrydda och kokosmj&ouml;lk, sl&auml;ngde ihop en blomk&aring;l- och broccoligrat&auml;ng och till det en sallad. Det var mumsigt (men inte s&aring; uppskattat av Robin, som ist&auml;llet fick snabbmakaroner med ost &#8211; han skulle ju f&aring; Tacos hos sin far p&aring; kv&auml;llen).<\/li>\n<li><strong>Middag<\/strong><br \/>Resten av salladen med lite fetaost och oliver i, jordgubbar och gr&auml;dde till efterr&auml;tt.<\/li>\n<\/ul>\n<div>Och MASSOR av kaffe blev det idag, som alltid n&auml;r Anna och jag tr&auml;ffas.<\/div>\n<div>Nu ikv&auml;ll b&ouml;rjade vi se en film, men ins&aring;g att Criminal Minds skulle b&ouml;rja 30 minuter senare, s&aring; vi har pausat filmen och ser nog resten imorgon. Nu &auml;r det l&auml;ggdags, f&ouml;r en annan ska ju upp igen 4.30 imorgon bitti.<\/div>\n","protected":false},"excerpt":{"rendered":"<p>Ja det &auml;r ju lite s&aring; det &auml;r, n&auml;r det &auml;r &#8221;r&ouml;d&#8221; dag i almanackan och helgdag. Aff&auml;rer, banker och andra mer eller mindre viktiga institutioner och inr&auml;ttningar h&aring;ller st&auml;ngt. Dock inte sjukhus, vilket inneb&auml;r att jag jobbar &auml;ven s&aring;dana dagar. Tyv&auml;rr blir det inte av att jag g&ouml;r det, f&ouml;r jag bor ju i&#8230;<\/p>\n","protected":false},"author":1,"featured_media":0,"comment_status":"open","ping_status":"open","sticky":false,"template":"","format":"standard","meta":{"jetpack_post_was_ever_published":false,"_jetpack_newsletter_access":"","_jetpack_dont_email_post_to_subs":false,"_jetpack_newsletter_tier_id":0,"_jetpack_memberships_contains_paywalled_content":false,"_jetpack_memberships_contains_paid_content":false,"footnotes":"","jetpack_publicize_message":"","jetpack_publicize_feature_enabled":true,"jetpack_social_post_already_shared":false,"jetpack_social_options":{"image_generator_settings":{"template":"highway","default_image_id":0,"font":"","enabled":false},"version":2}},"categories":[47],"tags":[],"class_list":["post-35","post","type-post","status-publish","format-standard","hentry","category-vardagsliv"],"jetpack_publicize_connections":[],"jetpack_featured_media_url":"","jetpack_shortlink":"https:\/\/wp.me\/p3qko4-z","jetpack_sharing_enabled":true,"jetpack_likes_enabled":true,"jetpack-related-posts":[{"id":3110,"url":"https:\/\/blogg.fumei.se\/?p=3110","url_meta":{"origin":35,"position":0},"title":"Kalasandet som kom av sig","author":"M :)","date":"2013-08-13","format":false,"excerpt":"K\u00e4ra ansvariga f\u00f6r trafikplaneringen p\u00e5 V\u00e4sttrafik! \u00a0 Jag undrar lite hur man fr\u00e5n V\u00e4sttrafiks sida har t\u00e4nkt, n\u00e4r man under Kulturkalaset endast k\u00f6r ordinarie turer till orter utanf\u00f6r stor-G\u00f6teborg. Vi som bor i de yttre delarna av regionen har ingen m\u00f6jlighet att njuta av och uppleva de evenemang som sker\u2026","rel":"","context":"I \u201dVardagsliv\u201d","block_context":{"text":"Vardagsliv","link":"https:\/\/blogg.fumei.se\/?cat=47"},"img":{"alt_text":"","src":"","width":0,"height":0},"classes":[]},{"id":1000,"url":"https:\/\/blogg.fumei.se\/?p=1000","url_meta":{"origin":35,"position":1},"title":"S\u00e5 himla tr\u00f6ttsamt","author":"M :)","date":"2009-06-06","format":false,"excerpt":"att bo i den h\u00e4r h\u00e5lan. Inte bara f\u00f6r att det \u00e4r litet och tr\u00e5ngsynt och tr\u00e5kigt, utan \u00e4ven f\u00f6r att SJ och V\u00e4sttrafik har f\u00e5tt f\u00f6r sig att vi som bor h\u00e4r inte \u00e5ker varken t\u00e5g eller buss s\u00e4rskilt mycket eller ofta.Idag skulle jag ju \u00e5ka till Sylwia med\u2026","rel":"","context":"I \u201dVardagsliv\u201d","block_context":{"text":"Vardagsliv","link":"https:\/\/blogg.fumei.se\/?cat=47"},"img":{"alt_text":"","src":"","width":0,"height":0},"classes":[]},{"id":7125,"url":"https:\/\/blogg.fumei.se\/?p=7125","url_meta":{"origin":35,"position":2},"title":"\u00d6ppet brev till V\u00e4sttrafik","author":"M :)","date":"2023-11-01","format":false,"excerpt":"Det k\u00e4nns som att V\u00e4sttrafik har ett personligt uppdrag att g\u00f6ra livet sv\u00e5rt f\u00f6r oss resen\u00e4rer. Jag vet inte hur m\u00e5nga g\u00e5nger jag har st\u00e5tt vid en h\u00e5llplats och v\u00e4ntat p\u00e5 en buss som inte kommer i tid eller som inte dyker upp alls. Det \u00e4r frustrerande att konstant beh\u00f6va\u2026","rel":"","context":"I \u201dVardagsliv\u201d","block_context":{"text":"Vardagsliv","link":"https:\/\/blogg.fumei.se\/?cat=47"},"img":{"alt_text":"","src":"","width":0,"height":0},"classes":[]},{"id":1175,"url":"https:\/\/blogg.fumei.se\/?p=1175","url_meta":{"origin":35,"position":3},"title":"M\u00e5ndag. Igen.","author":"M :)","date":"2009-10-05","format":false,"excerpt":"Just nu sitter jag p\u00e5 ett t\u00e5g fullt med m\u00e4nniskor som har varit i Gbg och sett fotboll. Av tr\u00f6jorna att d\u00f6ma verkar det ha varit en match mellan IFK Gbg och GAIS. Det \u00e4r synd att p\u00e5st\u00e5 att det \u00e4r tyst p\u00e5 t\u00e5get, men faktiskt s\u00e5 uppf\u00f6r sig dessa\u2026","rel":"","context":"I \u201dVardagsliv\u201d","block_context":{"text":"Vardagsliv","link":"https:\/\/blogg.fumei.se\/?cat=47"},"img":{"alt_text":"","src":"","width":0,"height":0},"classes":[]},{"id":1226,"url":"https:\/\/blogg.fumei.se\/?p=1226","url_meta":{"origin":35,"position":4},"title":"Happy andra advent!","author":"M :)","date":"2009-12-06","format":false,"excerpt":"Idag \u00e4r det 17 dagar kvar till julafton. Fortsatt sn\u00f6fritt, men fortsatt bl\u00f6tt. trist. Det \u00e4r nu man vill att sn\u00f6n ska b\u00f6rja falla s\u00e5 man hinner komma i julst\u00e4mning. Jul utan sn\u00f6 k\u00e4nns inte riktigt som jul, om jag f\u00e5r s\u00e4ga vad jag tycker. Har inte t\u00e4nt andra ljuset\u2026","rel":"","context":"I \u201dVardagsliv\u201d","block_context":{"text":"Vardagsliv","link":"https:\/\/blogg.fumei.se\/?cat=47"},"img":{"alt_text":"","src":"","width":0,"height":0},"classes":[]},{"id":1012,"url":"https:\/\/blogg.fumei.se\/?p=1012","url_meta":{"origin":35,"position":5},"title":"Ny vecka","author":"M :)","date":"2009-07-27","format":false,"excerpt":"Orkar liksom inte fundera ut kluriga rubriker hela tiden...Idag har jag jobbat. Ovanligt, eller? F\u00f6rsov mig ocks\u00e5, s\u00e5 var inte p\u00e5 jobbet f\u00f6rr\u00e4n 8, men det var visst lugnt just d\u00e5 f\u00f6r ingen verkade gn\u00e4llig. D\u00e4remot fick vi springa som sk\u00e5llade l\u00f6ss resten av dagen och s\u00e5 var det n\u00e5gra\u2026","rel":"","context":"I \u201dVardagsliv\u201d","block_context":{"text":"Vardagsliv","link":"https:\/\/blogg.fumei.se\/?cat=47"},"img":{"alt_text":"","src":"","width":0,"height":0},"classes":[]}],"_links":{"self":[{"href":"https:\/\/blogg.fumei.se\/index.php?rest_route=\/wp\/v2\/posts\/35","targetHints":{"allow":["GET"]}}],"collection":[{"href":"https:\/\/blogg.fumei.se\/index.php?rest_route=\/wp\/v2\/posts"}],"about":[{"href":"https:\/\/blogg.fumei.se\/index.php?rest_route=\/wp\/v2\/types\/post"}],"author":[{"embeddable":true,"href":"https:\/\/blogg.fumei.se\/index.php?rest_route=\/wp\/v2\/users\/1"}],"replies":[{"embeddable":true,"href":"https:\/\/blogg.fumei.se\/index.php?rest_route=%2Fwp%2Fv2%2Fcomments&post=35"}],"version-history":[{"count":0,"href":"https:\/\/blogg.fumei.se\/index.php?rest_route=\/wp\/v2\/posts\/35\/revisions"}],"wp:attachment":[{"href":"https:\/\/blogg.fumei.se\/index.php?rest_route=%2Fwp%2Fv2%2Fmedia&parent=35"}],"wp:term":[{"taxonomy":"category","embeddable":true,"href":"https:\/\/blogg.fumei.se\/index.php?rest_route=%2Fwp%2Fv2%2Fcategories&post=35"},{"taxonomy":"post_tag","embeddable":true,"href":"https:\/\/blogg.fumei.se\/index.php?rest_route=%2Fwp%2Fv2%2Ftags&post=35"}],"curies":[{"name":"wp","href":"https:\/\/api.w.org\/{rel}","templated":true}]}}