{"id":3516,"date":"2015-02-12T20:50:49","date_gmt":"2015-02-12T19:50:49","guid":{"rendered":"http:\/\/blogg.fumei.se\/?p=3516"},"modified":"2015-02-12T20:50:49","modified_gmt":"2015-02-12T19:50:49","slug":"fototriss-4-2015","status":"publish","type":"post","link":"https:\/\/blogg.fumei.se\/?p=3516","title":{"rendered":"Fototriss #4, 2015"},"content":{"rendered":"<p><a href=\"http:\/\/fototriss.blogspot.se\">Helena<\/a> ger ett nytt \u00e4mne varje l\u00f6rdag, och s\u00e5 fotar man och postar. Enkelt och kul!<br \/>\nVeckans \u00e4mne var &#8221;Tr\u00e4d&#8221;. H\u00e4r \u00e4r min tolkning:<\/p>\n<p><a href=\"https:\/\/i0.wp.com\/blogg.fumei.se\/wp-content\/uploads\/2015\/02\/20120729_144245.jpg?ssl=1\"><img data-recalc-dims=\"1\" loading=\"lazy\" decoding=\"async\" data-attachment-id=\"3517\" data-permalink=\"https:\/\/blogg.fumei.se\/?attachment_id=3517\" data-orig-file=\"https:\/\/i0.wp.com\/blogg.fumei.se\/wp-content\/uploads\/2015\/02\/20120729_144245.jpg?fit=800%2C600&amp;ssl=1\" data-orig-size=\"800,600\" data-comments-opened=\"1\" data-image-meta=\"{&quot;aperture&quot;:&quot;2.6&quot;,&quot;credit&quot;:&quot;&quot;,&quot;camera&quot;:&quot;GT-I9300&quot;,&quot;caption&quot;:&quot;&quot;,&quot;created_timestamp&quot;:&quot;1343572964&quot;,&quot;copyright&quot;:&quot;&quot;,&quot;focal_length&quot;:&quot;3.7&quot;,&quot;iso&quot;:&quot;100&quot;,&quot;shutter_speed&quot;:&quot;0.01&quot;,&quot;title&quot;:&quot;&quot;,&quot;orientation&quot;:&quot;1&quot;}\" data-image-title=\"20120729_144245\" data-image-description=\"\" data-image-caption=\"\" data-large-file=\"https:\/\/i0.wp.com\/blogg.fumei.se\/wp-content\/uploads\/2015\/02\/20120729_144245.jpg?fit=640%2C480&amp;ssl=1\" class=\"aligncenter size-large wp-image-3517\" src=\"https:\/\/i0.wp.com\/blogg.fumei.se\/wp-content\/uploads\/2015\/02\/20120729_144245.jpg?resize=600%2C450&#038;ssl=1\" alt=\"20120729_144245\" width=\"600\" height=\"450\" srcset=\"https:\/\/i0.wp.com\/blogg.fumei.se\/wp-content\/uploads\/2015\/02\/20120729_144245.jpg?resize=650%2C488&amp;ssl=1 650w, https:\/\/i0.wp.com\/blogg.fumei.se\/wp-content\/uploads\/2015\/02\/20120729_144245.jpg?resize=300%2C225&amp;ssl=1 300w, https:\/\/i0.wp.com\/blogg.fumei.se\/wp-content\/uploads\/2015\/02\/20120729_144245.jpg?w=800&amp;ssl=1 800w\" sizes=\"auto, (max-width: 600px) 100vw, 600px\" \/><\/a><\/p>\n<p style=\"text-align: center;\">Ett knotigt tr\u00e4d i Alphems Arboretum utanf\u00f6r Floby.<br \/>\nV\u00e4l v\u00e4rt ett bes\u00f6k om sommaren, \u00e4ven om man inte \u00e4r n\u00e5gon v\u00e4xtfantast!<\/p>\n<p><a href=\"https:\/\/i0.wp.com\/blogg.fumei.se\/wp-content\/uploads\/2015\/02\/20120811_123424.jpg?ssl=1\"><img data-recalc-dims=\"1\" loading=\"lazy\" decoding=\"async\" data-attachment-id=\"3518\" data-permalink=\"https:\/\/blogg.fumei.se\/?attachment_id=3518\" data-orig-file=\"https:\/\/i0.wp.com\/blogg.fumei.se\/wp-content\/uploads\/2015\/02\/20120811_123424.jpg?fit=1729%2C1152&amp;ssl=1\" data-orig-size=\"1729,1152\" data-comments-opened=\"1\" data-image-meta=\"{&quot;aperture&quot;:&quot;299.07&quot;,&quot;credit&quot;:&quot;&quot;,&quot;camera&quot;:&quot;GT-I9300&quot;,&quot;caption&quot;:&quot;&quot;,&quot;created_timestamp&quot;:&quot;0&quot;,&quot;copyright&quot;:&quot;&quot;,&quot;focal_length&quot;:&quot;3.7&quot;,&quot;iso&quot;:&quot;0&quot;,&quot;shutter_speed&quot;:&quot;0.920786934677&quot;,&quot;title&quot;:&quot;&quot;,&quot;orientation&quot;:&quot;1&quot;}\" data-image-title=\"20120811_123424\" data-image-description=\"\" data-image-caption=\"\" data-large-file=\"https:\/\/i0.wp.com\/blogg.fumei.se\/wp-content\/uploads\/2015\/02\/20120811_123424.jpg?fit=640%2C426&amp;ssl=1\" class=\"aligncenter size-large wp-image-3518\" src=\"https:\/\/i0.wp.com\/blogg.fumei.se\/wp-content\/uploads\/2015\/02\/20120811_123424.jpg?resize=600%2C400&#038;ssl=1\" alt=\"20120811_123424\" width=\"600\" height=\"400\" srcset=\"https:\/\/i0.wp.com\/blogg.fumei.se\/wp-content\/uploads\/2015\/02\/20120811_123424.jpg?resize=650%2C433&amp;ssl=1 650w, https:\/\/i0.wp.com\/blogg.fumei.se\/wp-content\/uploads\/2015\/02\/20120811_123424.jpg?resize=300%2C200&amp;ssl=1 300w, https:\/\/i0.wp.com\/blogg.fumei.se\/wp-content\/uploads\/2015\/02\/20120811_123424.jpg?w=1729&amp;ssl=1 1729w, https:\/\/i0.wp.com\/blogg.fumei.se\/wp-content\/uploads\/2015\/02\/20120811_123424.jpg?w=1280&amp;ssl=1 1280w\" sizes=\"auto, (max-width: 600px) 100vw, 600px\" \/><\/a><\/p>\n<p style=\"text-align: center;\">Napptr\u00e4d p\u00e5 <a href=\"http:\/\/www.vallbyfriluftsmuseum.se\/\" target=\"_blank\">Vallby Friluftsmuseum<\/a> i V\u00e4ster\u00e5s.<br \/>\nLite klent med nappar just n\u00e4r vi var d\u00e4r, men \u00e4nd\u00e5&#8230;<\/p>\n<p><a href=\"https:\/\/i0.wp.com\/blogg.fumei.se\/wp-content\/uploads\/2015\/02\/20141216_163248.jpg?ssl=1\"><img data-recalc-dims=\"1\" loading=\"lazy\" decoding=\"async\" data-attachment-id=\"3519\" data-permalink=\"https:\/\/blogg.fumei.se\/?attachment_id=3519\" data-orig-file=\"https:\/\/i0.wp.com\/blogg.fumei.se\/wp-content\/uploads\/2015\/02\/20141216_163248.jpg?fit=2321%2C3481&amp;ssl=1\" data-orig-size=\"2321,3481\" data-comments-opened=\"1\" data-image-meta=\"{&quot;aperture&quot;:&quot;2.2&quot;,&quot;credit&quot;:&quot;&quot;,&quot;camera&quot;:&quot;GT-I9506&quot;,&quot;caption&quot;:&quot;&quot;,&quot;created_timestamp&quot;:&quot;1418747568&quot;,&quot;copyright&quot;:&quot;&quot;,&quot;focal_length&quot;:&quot;4.13&quot;,&quot;iso&quot;:&quot;500&quot;,&quot;shutter_speed&quot;:&quot;0.0588235294118&quot;,&quot;title&quot;:&quot;&quot;,&quot;orientation&quot;:&quot;6&quot;}\" data-image-title=\"20141216_163248\" data-image-description=\"\" data-image-caption=\"\" data-large-file=\"https:\/\/i0.wp.com\/blogg.fumei.se\/wp-content\/uploads\/2015\/02\/20141216_163248.jpg?fit=433%2C650&amp;ssl=1\" class=\"aligncenter size-large wp-image-3519\" src=\"https:\/\/i0.wp.com\/blogg.fumei.se\/wp-content\/uploads\/2015\/02\/20141216_163248.jpg?resize=433%2C650&#038;ssl=1\" alt=\"20141216_163248\" width=\"433\" height=\"650\" srcset=\"https:\/\/i0.wp.com\/blogg.fumei.se\/wp-content\/uploads\/2015\/02\/20141216_163248.jpg?resize=433%2C650&amp;ssl=1 433w, https:\/\/i0.wp.com\/blogg.fumei.se\/wp-content\/uploads\/2015\/02\/20141216_163248.jpg?resize=200%2C300&amp;ssl=1 200w, https:\/\/i0.wp.com\/blogg.fumei.se\/wp-content\/uploads\/2015\/02\/20141216_163248.jpg?w=1280&amp;ssl=1 1280w, https:\/\/i0.wp.com\/blogg.fumei.se\/wp-content\/uploads\/2015\/02\/20141216_163248.jpg?w=1920&amp;ssl=1 1920w\" sizes=\"auto, (max-width: 433px) 100vw, 433px\" \/><\/a><\/p>\n<p>&nbsp;<\/p>\n<p style=\"text-align: center;\">Vackert ljuskl\u00e4tt tr\u00e4d p\u00e5 Liseberg i December.<\/p>\n","protected":false},"excerpt":{"rendered":"<p>Helena ger ett nytt \u00e4mne varje l\u00f6rdag, och s\u00e5 fotar man och postar. Enkelt och kul! Veckans \u00e4mne var &#8221;Tr\u00e4d&#8221;. H\u00e4r \u00e4r min tolkning: Ett knotigt tr\u00e4d i Alphems Arboretum utanf\u00f6r Floby. V\u00e4l v\u00e4rt ett bes\u00f6k om sommaren, \u00e4ven om man inte \u00e4r n\u00e5gon v\u00e4xtfantast! Napptr\u00e4d p\u00e5 Vallby Friluftsmuseum i V\u00e4ster\u00e5s. Lite klent med nappar&#8230;<\/p>\n","protected":false},"author":1,"featured_media":0,"comment_status":"open","ping_status":"open","sticky":false,"template":"","format":"standard","meta":{"jetpack_post_was_ever_published":false,"_jetpack_newsletter_access":"","_jetpack_dont_email_post_to_subs":false,"_jetpack_newsletter_tier_id":0,"_jetpack_memberships_contains_paywalled_content":false,"_jetpack_memberships_contains_paid_content":false,"footnotes":"","jetpack_publicize_message":"","jetpack_publicize_feature_enabled":true,"jetpack_social_post_already_shared":true,"jetpack_social_options":{"image_generator_settings":{"template":"highway","default_image_id":0,"font":"","enabled":false},"version":2}},"categories":[47],"tags":[352,353],"class_list":["post-3516","post","type-post","status-publish","format-standard","hentry","category-vardagsliv","tag-fotografi","tag-trad"],"jetpack_publicize_connections":[],"jetpack_featured_media_url":"","jetpack_shortlink":"https:\/\/wp.me\/p3qko4-UI","jetpack_sharing_enabled":true,"jetpack_likes_enabled":true,"jetpack-related-posts":[{"id":1173,"url":"https:\/\/blogg.fumei.se\/?p=1173","url_meta":{"origin":3516,"position":0},"title":"H\u00f6sten \u00e4r h\u00e4r","author":"M :)","date":"2009-10-07","format":false,"excerpt":"p\u00e5 riktigt nu, och som vanligt vid den h\u00e4r tiden p\u00e5 \u00e5ret, s\u00e5 kommer min pyssel-lust fram. Det \u00e4r n\u00e5t visst med att sitta och kn\u00e5pa ihop ett fint kort eller en scrapsida eller n\u00e5t annat, medan vindarna h\u00e4rjar med tr\u00e4den utanf\u00f6r.Nu kan man vinna lite scrapgodis hos Sharon p\u00e5\u2026","rel":"","context":"I \u201dVardagsliv\u201d","block_context":{"text":"Vardagsliv","link":"https:\/\/blogg.fumei.se\/?cat=47"},"img":{"alt_text":"","src":"","width":0,"height":0},"classes":[]},{"id":1130,"url":"https:\/\/blogg.fumei.se\/?p=1130","url_meta":{"origin":3516,"position":1},"title":"Nu \u00e4r h\u00f6sten h\u00e4r&#8230;","author":"M :)","date":"2009-09-07","format":false,"excerpt":"Det blir m\u00f6rkt fortare om kv\u00e4llarna, det \u00e4r m\u00f6rkt l\u00e4ngre p\u00e5 morgnarna, tr\u00e4den b\u00f6rjar skifta f\u00e4rg, det regnar hela tiden, det blir kallare, man m\u00e5ste plocka fram alla varma tr\u00f6jor och jackor, mn kan t\u00e4nda ljus utan att det ser fjantigt ut, utekv\u00e4llarna p\u00e5 balkongen \u00e4r slut f\u00f6r i \u00e5r...det\u2026","rel":"","context":"I \u201dVardagsliv\u201d","block_context":{"text":"Vardagsliv","link":"https:\/\/blogg.fumei.se\/?cat=47"},"img":{"alt_text":"","src":"","width":0,"height":0},"classes":[]},{"id":2586,"url":"https:\/\/blogg.fumei.se\/?p=2586","url_meta":{"origin":3516,"position":2},"title":"S\u00f6ndagspromenad","author":"M :)","date":"2012-08-01","format":false,"excerpt":"Vi tog en l\u00e5ngpromenad med Stella. Det var ju fint v\u00e4der, s\u00e5 man fick ju passa p\u00e5, f\u00f6r man vet ju aldrig n\u00e4r det kan bli kasst v\u00e4der igen. Jag menar, det \u00e4r ju svensk sommar. 'Nuff said, liksom. Vi gick till Alphems arboretum, som ligger h\u00e4r i Floby. H\u00e4r\u00a0och\u00a0h\u00e4r\u00a0kan\u2026","rel":"","context":"I \u201dVardagsliv\u201d","block_context":{"text":"Vardagsliv","link":"https:\/\/blogg.fumei.se\/?cat=47"},"img":{"alt_text":"","src":"https:\/\/i0.wp.com\/blogg.fumei.se\/wp-content\/uploads\/2012\/08\/20120729_142252.jpg?resize=350%2C200","width":350,"height":200},"classes":[]},{"id":270,"url":"https:\/\/blogg.fumei.se\/?p=270","url_meta":{"origin":3516,"position":3},"title":"Fototriss &#8211; dubbelt upp!","author":"M :)","date":"2010-03-16","format":false,"excerpt":"I och med att min dator inte har funkat som jag velat att den skulle, s\u00e5 blev det ingen triss upplagd f\u00f6rra veckan. D\u00e4rf\u00f6r kommer det nu tv\u00e5 trissar i samma inl\u00e4gg.F\u00f6rra veckans tema var \"Gissa temat\". N\u00e5gon som \u00e4r duktig p\u00e5 g\u00e5tor?\u00a0 \u00a0 \u00a0 Den h\u00e4r veckan \u00e4r temat\u2026","rel":"","context":"I \u201dVardagsliv\u201d","block_context":{"text":"Vardagsliv","link":"https:\/\/blogg.fumei.se\/?cat=47"},"img":{"alt_text":"","src":"","width":0,"height":0},"classes":[]},{"id":3164,"url":"https:\/\/blogg.fumei.se\/?p=3164","url_meta":{"origin":3516,"position":4},"title":"Vad har h\u00e4nt sen sist?","author":"M :)","date":"2013-12-23","format":false,"excerpt":"Tja, jag jobbar och pluggar och pluggar och jobbar. I princip \u00e4r det vad jag g\u00f6r. Men jag har hunnit leka modell f\u00f6r en dag (eller r\u00e4ttare sagt tv\u00e5 timmar), g\u00e5 p\u00e5 lagtr\u00e4ff med arbetskamraterna och \u00e4ta underbar mat p\u00e5 Tara's, g\u00e5 p\u00e5 rockklubb och \u00e4ta julbordsmat som gjorde mig\u2026","rel":"","context":"I \u201dVardagsliv\u201d","block_context":{"text":"Vardagsliv","link":"https:\/\/blogg.fumei.se\/?cat=47"},"img":{"alt_text":"Julkort2010-emeff2010","src":"https:\/\/i0.wp.com\/blogg.fumei.se\/wp-content\/uploads\/2013\/12\/Julkort2010-emeff2010.gif?resize=350%2C200","width":350,"height":200},"classes":[]},{"id":3502,"url":"https:\/\/blogg.fumei.se\/?p=3502","url_meta":{"origin":3516,"position":5},"title":"Fototriss #2, 2015","author":"M :)","date":"2015-01-30","format":false,"excerpt":"Helena ger ett nytt \u00e4mne varje l\u00f6rdag, och s\u00e5 fotar man och postar. Enkelt och kul! Veckans \u00e4mne var \"prickar\". H\u00e4r \u00e4r min tolkning:","rel":"","context":"I \u201dVardagsliv\u201d","block_context":{"text":"Vardagsliv","link":"https:\/\/blogg.fumei.se\/?cat=47"},"img":{"alt_text":"","src":"","width":0,"height":0},"classes":[]}],"_links":{"self":[{"href":"https:\/\/blogg.fumei.se\/index.php?rest_route=\/wp\/v2\/posts\/3516","targetHints":{"allow":["GET"]}}],"collection":[{"href":"https:\/\/blogg.fumei.se\/index.php?rest_route=\/wp\/v2\/posts"}],"about":[{"href":"https:\/\/blogg.fumei.se\/index.php?rest_route=\/wp\/v2\/types\/post"}],"author":[{"embeddable":true,"href":"https:\/\/blogg.fumei.se\/index.php?rest_route=\/wp\/v2\/users\/1"}],"replies":[{"embeddable":true,"href":"https:\/\/blogg.fumei.se\/index.php?rest_route=%2Fwp%2Fv2%2Fcomments&post=3516"}],"version-history":[{"count":1,"href":"https:\/\/blogg.fumei.se\/index.php?rest_route=\/wp\/v2\/posts\/3516\/revisions"}],"predecessor-version":[{"id":3520,"href":"https:\/\/blogg.fumei.se\/index.php?rest_route=\/wp\/v2\/posts\/3516\/revisions\/3520"}],"wp:attachment":[{"href":"https:\/\/blogg.fumei.se\/index.php?rest_route=%2Fwp%2Fv2%2Fmedia&parent=3516"}],"wp:term":[{"taxonomy":"category","embeddable":true,"href":"https:\/\/blogg.fumei.se\/index.php?rest_route=%2Fwp%2Fv2%2Fcategories&post=3516"},{"taxonomy":"post_tag","embeddable":true,"href":"https:\/\/blogg.fumei.se\/index.php?rest_route=%2Fwp%2Fv2%2Ftags&post=3516"}],"curies":[{"name":"wp","href":"https:\/\/api.w.org\/{rel}","templated":true}]}}