{"id":3563,"date":"2015-04-15T06:00:54","date_gmt":"2015-04-15T04:00:54","guid":{"rendered":"http:\/\/blogg.fumei.se\/?p=3563"},"modified":"2015-04-15T06:00:57","modified_gmt":"2015-04-15T04:00:57","slug":"med-blommor-och-blader","status":"publish","type":"post","link":"https:\/\/blogg.fumei.se\/?p=3563","title":{"rendered":"Med blommor och blader"},"content":{"rendered":"<h4 style=\"text-align: center;\"><span style=\"color: #ff6600;\">firar vi denna dagen.<\/span><br \/>\n<span style=\"color: #ff6600;\"> V\u00e4rldens b\u00e4sta och finaste mamma och pappa fyller n\u00e4mligen \u00e5r!<\/span><\/h4>\n<h1 style=\"text-align: center;\"><span style=\"color: #ff6600;\">Hipp hurra och grattis!<\/span><\/h1>\n<p><a href=\"https:\/\/i0.wp.com\/blogg.fumei.se\/wp-content\/uploads\/2014\/04\/wpid-collage.jpg?ssl=1\"><img data-recalc-dims=\"1\" loading=\"lazy\" decoding=\"async\" data-attachment-id=\"3280\" data-permalink=\"https:\/\/blogg.fumei.se\/?attachment_id=3280\" data-orig-file=\"https:\/\/i0.wp.com\/blogg.fumei.se\/wp-content\/uploads\/2014\/04\/wpid-collage.jpg?fit=2000%2C2222&amp;ssl=1\" data-orig-size=\"2000,2222\" data-comments-opened=\"1\" data-image-meta=\"{&quot;aperture&quot;:&quot;0&quot;,&quot;credit&quot;:&quot;&quot;,&quot;camera&quot;:&quot;&quot;,&quot;caption&quot;:&quot;&quot;,&quot;created_timestamp&quot;:&quot;0&quot;,&quot;copyright&quot;:&quot;&quot;,&quot;focal_length&quot;:&quot;0&quot;,&quot;iso&quot;:&quot;0&quot;,&quot;shutter_speed&quot;:&quot;0&quot;,&quot;title&quot;:&quot;&quot;}\" data-image-title=\"wpid-collage.jpg\" data-image-description=\"\" data-image-caption=\"\" data-large-file=\"https:\/\/i0.wp.com\/blogg.fumei.se\/wp-content\/uploads\/2014\/04\/wpid-collage.jpg?fit=585%2C650&amp;ssl=1\" class=\"aligncenter size-large wp-image-3280\" src=\"https:\/\/i0.wp.com\/blogg.fumei.se\/wp-content\/uploads\/2014\/04\/wpid-collage.jpg?resize=585%2C650&#038;ssl=1\" alt=\"wpid-collage.jpg\" width=\"585\" height=\"650\" srcset=\"https:\/\/i0.wp.com\/blogg.fumei.se\/wp-content\/uploads\/2014\/04\/wpid-collage.jpg?resize=585%2C650&amp;ssl=1 585w, https:\/\/i0.wp.com\/blogg.fumei.se\/wp-content\/uploads\/2014\/04\/wpid-collage.jpg?resize=270%2C300&amp;ssl=1 270w, https:\/\/i0.wp.com\/blogg.fumei.se\/wp-content\/uploads\/2014\/04\/wpid-collage.jpg?w=2000&amp;ssl=1 2000w, https:\/\/i0.wp.com\/blogg.fumei.se\/wp-content\/uploads\/2014\/04\/wpid-collage.jpg?w=1280&amp;ssl=1 1280w, https:\/\/i0.wp.com\/blogg.fumei.se\/wp-content\/uploads\/2014\/04\/wpid-collage.jpg?w=1920&amp;ssl=1 1920w\" sizes=\"auto, (max-width: 585px) 100vw, 585px\" \/><\/a><\/p>\n","protected":false},"excerpt":{"rendered":"<p>firar vi denna dagen. V\u00e4rldens b\u00e4sta och finaste mamma och pappa fyller n\u00e4mligen \u00e5r! Hipp hurra och grattis!<\/p>\n","protected":false},"author":1,"featured_media":0,"comment_status":"open","ping_status":"open","sticky":false,"template":"","format":"standard","meta":{"jetpack_post_was_ever_published":false,"_jetpack_newsletter_access":"","_jetpack_dont_email_post_to_subs":false,"_jetpack_newsletter_tier_id":0,"_jetpack_memberships_contains_paywalled_content":false,"_jetpack_memberships_contains_paid_content":false,"footnotes":"","jetpack_publicize_message":"","jetpack_publicize_feature_enabled":true,"jetpack_social_post_already_shared":true,"jetpack_social_options":{"image_generator_settings":{"template":"highway","default_image_id":0,"font":"","enabled":false},"version":2}},"categories":[34],"tags":[220,106,357,356],"class_list":["post-3563","post","type-post","status-publish","format-standard","hentry","category-familjen","tag-fira","tag-fodelsedag","tag-foraldrar","tag-mapa"],"jetpack_publicize_connections":[],"jetpack_featured_media_url":"","jetpack_shortlink":"https:\/\/wp.me\/p3qko4-Vt","jetpack_sharing_enabled":true,"jetpack_likes_enabled":true,"jetpack-related-posts":[{"id":1194,"url":"https:\/\/blogg.fumei.se\/?p=1194","url_meta":{"origin":3563,"position":0},"title":"Tjejsnack vecka 45","author":"M :)","date":"2009-11-17","format":false,"excerpt":"Vill du ocks\u00e5 vara med? Du hittar Tjejsnack h\u00e4r. H\u00f6gtider 1. Finns det n\u00e5gon helgdag som du tycker \u00e4r helt on\u00f6dig?Nja, alla fyller de v\u00e4l n\u00e5got slags syfte, \u00e4ven om m\u00e5nga inte firar dem p\u00e5 traditionellt s\u00e4tt l\u00e4ngre. Men 1:a Maj tycker jag nog har gjort sitt. Den var ju\u2026","rel":"","context":"I \u201dVardagsliv\u201d","block_context":{"text":"Vardagsliv","link":"https:\/\/blogg.fumei.se\/?cat=47"},"img":{"alt_text":"","src":"","width":0,"height":0},"classes":[]},{"id":6961,"url":"https:\/\/blogg.fumei.se\/?p=6961","url_meta":{"origin":3563,"position":1},"title":"Sophia fyller \u00e5r!","author":"M :)","date":"2024-05-21","format":false,"excerpt":"Hurra hurra, vi firar dig idag! \u2764\ufe0f","rel":"","context":"I \u201dFamiljen\u201d","block_context":{"text":"Familjen","link":"https:\/\/blogg.fumei.se\/?cat=34"},"img":{"alt_text":"","src":"https:\/\/i0.wp.com\/blogg.fumei.se\/wp-content\/uploads\/2024\/05\/4D36779F-A286-4A32-8B55-95C2EB805483_1_105_c-edited.jpeg?resize=350%2C200&ssl=1","width":350,"height":200,"srcset":"https:\/\/i0.wp.com\/blogg.fumei.se\/wp-content\/uploads\/2024\/05\/4D36779F-A286-4A32-8B55-95C2EB805483_1_105_c-edited.jpeg?resize=350%2C200&ssl=1 1x, https:\/\/i0.wp.com\/blogg.fumei.se\/wp-content\/uploads\/2024\/05\/4D36779F-A286-4A32-8B55-95C2EB805483_1_105_c-edited.jpeg?resize=525%2C300&ssl=1 1.5x"},"classes":[]},{"id":6858,"url":"https:\/\/blogg.fumei.se\/?p=6858","url_meta":{"origin":3563,"position":2},"title":"10-\u00e5rskalas","author":"M :)","date":"2024-03-17","format":false,"excerpt":"Idag har vi varit i Skara f\u00f6r att fira Juliah som fyllde \u00e5r i fredags. Som vanligt med familjen fr\u00e5n b\u00e5de Sophias och Linus sidor, mat och t\u00e5rta och massor med presenter. Varken f\u00f6delsedagsbarnet eller hennes lillebror hade s\u00e4rskilt mycket tid \u00f6ver f\u00f6r oss vuxna, de mindre barnen stojade p\u00e5\u2026","rel":"","context":"I \u201dFamiljen\u201d","block_context":{"text":"Familjen","link":"https:\/\/blogg.fumei.se\/?cat=34"},"img":{"alt_text":"","src":"https:\/\/i0.wp.com\/blogg.fumei.se\/wp-content\/uploads\/2024\/05\/A1FCE805-849E-4461-87FD-478E2CE9195A_1_105_c-e1714560475637.jpeg?resize=350%2C200","width":350,"height":200,"srcset":"https:\/\/i0.wp.com\/blogg.fumei.se\/wp-content\/uploads\/2024\/05\/A1FCE805-849E-4461-87FD-478E2CE9195A_1_105_c-e1714560475637.jpeg?resize=350%2C200 1x, https:\/\/i0.wp.com\/blogg.fumei.se\/wp-content\/uploads\/2024\/05\/A1FCE805-849E-4461-87FD-478E2CE9195A_1_105_c-e1714560475637.jpeg?resize=525%2C300 1.5x, https:\/\/i0.wp.com\/blogg.fumei.se\/wp-content\/uploads\/2024\/05\/A1FCE805-849E-4461-87FD-478E2CE9195A_1_105_c-e1714560475637.jpeg?resize=700%2C400 2x"},"classes":[]},{"id":6852,"url":"https:\/\/blogg.fumei.se\/?p=6852","url_meta":{"origin":3563,"position":3},"title":"F\u00f6delsedagsbarn!","author":"M :)","date":"2024-03-15","format":false,"excerpt":"Idag firar vi att Juliah fyller 10 \u00e5r! Hurra, hurra, hurra hurra!","rel":"","context":"I \u201dFamiljen\u201d","block_context":{"text":"Familjen","link":"https:\/\/blogg.fumei.se\/?cat=34"},"img":{"alt_text":"","src":"https:\/\/i0.wp.com\/blogg.fumei.se\/wp-content\/uploads\/2024\/04\/2BCAC044-D7DA-4B74-ADF5-2624442159C1_1_105_c.jpeg?resize=350%2C200&ssl=1","width":350,"height":200,"srcset":"https:\/\/i0.wp.com\/blogg.fumei.se\/wp-content\/uploads\/2024\/04\/2BCAC044-D7DA-4B74-ADF5-2624442159C1_1_105_c.jpeg?resize=350%2C200&ssl=1 1x, https:\/\/i0.wp.com\/blogg.fumei.se\/wp-content\/uploads\/2024\/04\/2BCAC044-D7DA-4B74-ADF5-2624442159C1_1_105_c.jpeg?resize=525%2C300&ssl=1 1.5x, https:\/\/i0.wp.com\/blogg.fumei.se\/wp-content\/uploads\/2024\/04\/2BCAC044-D7DA-4B74-ADF5-2624442159C1_1_105_c.jpeg?resize=700%2C400&ssl=1 2x"},"classes":[]},{"id":5640,"url":"https:\/\/blogg.fumei.se\/?p=5640","url_meta":{"origin":3563,"position":4},"title":"Grattis \u00e4lskling!","author":"M :)","date":"2023-11-30","format":false,"excerpt":"Mikael fyller \u00e5r idag!Det firar vi med t\u00e5rta och paket, fondue och tv-spel.","rel":"","context":"I \u201dFamiljen\u201d","block_context":{"text":"Familjen","link":"https:\/\/blogg.fumei.se\/?cat=34"},"img":{"alt_text":"","src":"https:\/\/i0.wp.com\/blogg.fumei.se\/wp-content\/uploads\/2024\/01\/88B35080-BF34-4FA5-867F-2C60AF086C44_1_105_c.jpeg?resize=350%2C200&ssl=1","width":350,"height":200,"srcset":"https:\/\/i0.wp.com\/blogg.fumei.se\/wp-content\/uploads\/2024\/01\/88B35080-BF34-4FA5-867F-2C60AF086C44_1_105_c.jpeg?resize=350%2C200&ssl=1 1x, https:\/\/i0.wp.com\/blogg.fumei.se\/wp-content\/uploads\/2024\/01\/88B35080-BF34-4FA5-867F-2C60AF086C44_1_105_c.jpeg?resize=525%2C300&ssl=1 1.5x, https:\/\/i0.wp.com\/blogg.fumei.se\/wp-content\/uploads\/2024\/01\/88B35080-BF34-4FA5-867F-2C60AF086C44_1_105_c.jpeg?resize=700%2C400&ssl=1 2x"},"classes":[]},{"id":3659,"url":"https:\/\/blogg.fumei.se\/?p=3659","url_meta":{"origin":3563,"position":5},"title":"\u00c4nnu en f\u00f6delsedag","author":"M :)","date":"2015-05-23","format":false,"excerpt":"att fira, den h\u00e4r g\u00e5ngen \u00e4r det Tyra som fyller \u00e5r. GRATTIS p\u00e5 f\u00f6delsedagen \u00f6nskar moster, nonno & Lis, Robin, Fia & Linus & Juliah","rel":"","context":"I \u201dFamiljen\u201d","block_context":{"text":"Familjen","link":"https:\/\/blogg.fumei.se\/?cat=34"},"img":{"alt_text":"","src":"","width":0,"height":0},"classes":[]}],"_links":{"self":[{"href":"https:\/\/blogg.fumei.se\/index.php?rest_route=\/wp\/v2\/posts\/3563","targetHints":{"allow":["GET"]}}],"collection":[{"href":"https:\/\/blogg.fumei.se\/index.php?rest_route=\/wp\/v2\/posts"}],"about":[{"href":"https:\/\/blogg.fumei.se\/index.php?rest_route=\/wp\/v2\/types\/post"}],"author":[{"embeddable":true,"href":"https:\/\/blogg.fumei.se\/index.php?rest_route=\/wp\/v2\/users\/1"}],"replies":[{"embeddable":true,"href":"https:\/\/blogg.fumei.se\/index.php?rest_route=%2Fwp%2Fv2%2Fcomments&post=3563"}],"version-history":[{"count":2,"href":"https:\/\/blogg.fumei.se\/index.php?rest_route=\/wp\/v2\/posts\/3563\/revisions"}],"predecessor-version":[{"id":3565,"href":"https:\/\/blogg.fumei.se\/index.php?rest_route=\/wp\/v2\/posts\/3563\/revisions\/3565"}],"wp:attachment":[{"href":"https:\/\/blogg.fumei.se\/index.php?rest_route=%2Fwp%2Fv2%2Fmedia&parent=3563"}],"wp:term":[{"taxonomy":"category","embeddable":true,"href":"https:\/\/blogg.fumei.se\/index.php?rest_route=%2Fwp%2Fv2%2Fcategories&post=3563"},{"taxonomy":"post_tag","embeddable":true,"href":"https:\/\/blogg.fumei.se\/index.php?rest_route=%2Fwp%2Fv2%2Ftags&post=3563"}],"curies":[{"name":"wp","href":"https:\/\/api.w.org\/{rel}","templated":true}]}}