{"id":3566,"date":"2015-04-25T00:03:26","date_gmt":"2015-04-24T22:03:26","guid":{"rendered":"http:\/\/blogg.fumei.se\/?p=3566"},"modified":"2015-04-25T00:03:26","modified_gmt":"2015-04-24T22:03:26","slug":"jag-onskar-dig","status":"publish","type":"post","link":"https:\/\/blogg.fumei.se\/?p=3566","title":{"rendered":"Jag \u00f6nskar dig"},"content":{"rendered":"<p>&#8230;\u00a0inte guld, mitt barn<br \/>\nej heller pengar och makt.<\/p>\n<p>Jag \u00f6nskar dig modet att vara dig sj\u00e4lv<br \/>\noch st\u00e5 f\u00f6r det du har sagt.<\/p>\n<p>Jag \u00f6nskar dig inte en stenfri v\u00e4g,<br \/>\nmen kraften att v\u00e4gen g\u00e5.<\/p>\n<p>Jag \u00f6nskar dig v\u00e4nner i rikligt m\u00e5tt<br \/>\noch v\u00e4nner att lita p\u00e5.<\/p>\n<p>(Inger Th\u00f6rnqvist)<\/p>\n<p>Idag fyller du \u00e5r, min \u00e4lskade son! Allra st\u00f6rsta grattiskramen! Mycket har h\u00e4nt sen du fyllde 18, och \u00e4nnu mer sen du var den lille knatten p\u00e5 bilderna, och jag kan bara f\u00f6rs\u00f6ka sammanfatta det jag vill s\u00e4ga dig genom den lilla dikten. Jag \u00e4lskar dig! Jag \u00e4r stolt och glad \u00f6ver att f\u00e5 vara din mamma!<\/p>\n<p><a href=\"https:\/\/i0.wp.com\/blogg.fumei.se\/wp-content\/uploads\/2015\/04\/Robin19.jpg?ssl=1\"><img data-recalc-dims=\"1\" loading=\"lazy\" decoding=\"async\" data-attachment-id=\"3567\" data-permalink=\"https:\/\/blogg.fumei.se\/?attachment_id=3567\" data-orig-file=\"https:\/\/i0.wp.com\/blogg.fumei.se\/wp-content\/uploads\/2015\/04\/Robin19.jpg?fit=620%2C620&amp;ssl=1\" data-orig-size=\"620,620\" data-comments-opened=\"1\" data-image-meta=\"{&quot;aperture&quot;:&quot;0&quot;,&quot;credit&quot;:&quot;&quot;,&quot;camera&quot;:&quot;&quot;,&quot;caption&quot;:&quot;&quot;,&quot;created_timestamp&quot;:&quot;0&quot;,&quot;copyright&quot;:&quot;&quot;,&quot;focal_length&quot;:&quot;0&quot;,&quot;iso&quot;:&quot;0&quot;,&quot;shutter_speed&quot;:&quot;0&quot;,&quot;title&quot;:&quot;&quot;,&quot;orientation&quot;:&quot;0&quot;}\" data-image-title=\"Robin19\" data-image-description=\"\" data-image-caption=\"\" data-large-file=\"https:\/\/i0.wp.com\/blogg.fumei.se\/wp-content\/uploads\/2015\/04\/Robin19.jpg?fit=620%2C620&amp;ssl=1\" class=\"aligncenter size-full wp-image-3567\" src=\"https:\/\/i0.wp.com\/blogg.fumei.se\/wp-content\/uploads\/2015\/04\/Robin19.jpg?resize=620%2C620&#038;ssl=1\" alt=\"Robin19\" width=\"620\" height=\"620\" srcset=\"https:\/\/i0.wp.com\/blogg.fumei.se\/wp-content\/uploads\/2015\/04\/Robin19.jpg?w=620&amp;ssl=1 620w, https:\/\/i0.wp.com\/blogg.fumei.se\/wp-content\/uploads\/2015\/04\/Robin19.jpg?resize=180%2C180&amp;ssl=1 180w, https:\/\/i0.wp.com\/blogg.fumei.se\/wp-content\/uploads\/2015\/04\/Robin19.jpg?resize=300%2C300&amp;ssl=1 300w, https:\/\/i0.wp.com\/blogg.fumei.se\/wp-content\/uploads\/2015\/04\/Robin19.jpg?resize=210%2C210&amp;ssl=1 210w\" sizes=\"auto, (max-width: 620px) 100vw, 620px\" \/><\/a><\/p>\n","protected":false},"excerpt":{"rendered":"<p>&#8230;\u00a0inte guld, mitt barn ej heller pengar och makt. Jag \u00f6nskar dig modet att vara dig sj\u00e4lv och st\u00e5 f\u00f6r det du har sagt. Jag \u00f6nskar dig inte en stenfri v\u00e4g, men kraften att v\u00e4gen g\u00e5. Jag \u00f6nskar dig v\u00e4nner i rikligt m\u00e5tt och v\u00e4nner att lita p\u00e5. (Inger Th\u00f6rnqvist) Idag fyller du \u00e5r, min&#8230;<\/p>\n","protected":false},"author":1,"featured_media":0,"comment_status":"open","ping_status":"open","sticky":false,"template":"","format":"standard","meta":{"jetpack_post_was_ever_published":false,"_jetpack_newsletter_access":"","_jetpack_dont_email_post_to_subs":false,"_jetpack_newsletter_tier_id":0,"_jetpack_memberships_contains_paywalled_content":false,"_jetpack_memberships_contains_paid_content":false,"footnotes":"","jetpack_publicize_message":"","jetpack_publicize_feature_enabled":true,"jetpack_social_post_already_shared":true,"jetpack_social_options":{"image_generator_settings":{"template":"highway","default_image_id":0,"font":"","enabled":false},"version":2}},"categories":[34],"tags":[220,106],"class_list":["post-3566","post","type-post","status-publish","format-standard","hentry","category-familjen","tag-fira","tag-fodelsedag"],"jetpack_publicize_connections":[],"jetpack_featured_media_url":"","jetpack_shortlink":"https:\/\/wp.me\/p3qko4-Vw","jetpack_sharing_enabled":true,"jetpack_likes_enabled":true,"jetpack-related-posts":[{"id":4528,"url":"https:\/\/blogg.fumei.se\/?p=4528","url_meta":{"origin":3566,"position":0},"title":"Hur gick det d\u00e4r till?","author":"M :)","date":"2018-05-21","format":false,"excerpt":"Fia fyller 25 idag! Hur \u00e4r det ens m\u00f6jligt? Jag \u00e4r ju bara 27 fortfarande... Sk\u00e4mt \u00e5sido, jag kunde inte \u00f6nska mig en finare, go'are, rarare, sn\u00e4llare och b\u00e4ttre dotter \u00e4n dig! Jag \u00f6nskar att du f\u00e5r en underbar f\u00f6delsedag! Jag \u00e4lskar dig! GRATTIS! \u00f6nskar mamma Robin mormor Roberto &\u2026","rel":"","context":"I \u201dFamiljen\u201d","block_context":{"text":"Familjen","link":"https:\/\/blogg.fumei.se\/?cat=34"},"img":{"alt_text":"","src":"https:\/\/i0.wp.com\/blogg.fumei.se\/wp-content\/uploads\/2018\/05\/Fia25-emeff2018.png?resize=350%2C200","width":350,"height":200,"srcset":"https:\/\/i0.wp.com\/blogg.fumei.se\/wp-content\/uploads\/2018\/05\/Fia25-emeff2018.png?resize=350%2C200 1x, https:\/\/i0.wp.com\/blogg.fumei.se\/wp-content\/uploads\/2018\/05\/Fia25-emeff2018.png?resize=525%2C300 1.5x"},"classes":[]},{"id":935,"url":"https:\/\/blogg.fumei.se\/?p=935","url_meta":{"origin":3566,"position":1},"title":"Happy birthday to you","author":"M :)","date":"2009-05-21","format":false,"excerpt":"Idag fyller min \u00e4lskade Fia 16 \u00e5r. Grattis grattis grattis! Jag hoppas och \u00f6nskar att du f\u00e5r en h\u00e4rlig dag!","rel":"","context":"I \u201dVardagsliv\u201d","block_context":{"text":"Vardagsliv","link":"https:\/\/blogg.fumei.se\/?cat=47"},"img":{"alt_text":"","src":"","width":0,"height":0},"classes":[]},{"id":894,"url":"https:\/\/blogg.fumei.se\/?p=894","url_meta":{"origin":3566,"position":2},"title":"GRATTIS P\u00c5 F\u00d6DELSEDAGEN!!","author":"M :)","date":"2009-04-25","format":false,"excerpt":"Idag fyller min \u00e4lskade son \u00e5r! T\u00e4nk att du redan \u00e4r 13 \u00e5r, jag fattar inte hur fort tiden g\u00e5r ibland...Tyv\u00e4rr...\u00e4r du ju hos pappa i helgen, men jag \u00f6nskar att du f\u00e5r en helt underbar dag med massor av sol och skratt och s\u00e5 lite presenter s\u00e5klart! (Och n\u00e4sta\u2026","rel":"","context":"I \u201dVardagsliv\u201d","block_context":{"text":"Vardagsliv","link":"https:\/\/blogg.fumei.se\/?cat=47"},"img":{"alt_text":"","src":"","width":0,"height":0},"classes":[]},{"id":3655,"url":"https:\/\/blogg.fumei.se\/?p=3655","url_meta":{"origin":3566,"position":3},"title":"Fiadag","author":"M :)","date":"2015-05-21","format":false,"excerpt":"Idag klockan 13.32, fast f\u00f6r 22 \u00e5r sedan, f\u00f6ddes v\u00e4rldens finaste, b\u00e4sta och underbaraste dotter! Trots alla motg\u00e5ngar, h\u00e5rda ord och igensm\u00e4llda d\u00f6rrar genom \u00e5ren, s\u00e5 \u00e4lskar jag dig (och din bror) mest av alla i heeeela v\u00e4rlden!! GRATTIS p\u00e5 f\u00f6delsedagen \u00f6nskar mamsen","rel":"","context":"I \u201dFamiljen\u201d","block_context":{"text":"Familjen","link":"https:\/\/blogg.fumei.se\/?cat=34"},"img":{"alt_text":"fia22","src":"https:\/\/i0.wp.com\/blogg.fumei.se\/wp-content\/uploads\/2015\/05\/fia22.jpg?resize=350%2C200","width":350,"height":200,"srcset":"https:\/\/i0.wp.com\/blogg.fumei.se\/wp-content\/uploads\/2015\/05\/fia22.jpg?resize=350%2C200 1x, https:\/\/i0.wp.com\/blogg.fumei.se\/wp-content\/uploads\/2015\/05\/fia22.jpg?resize=525%2C300 1.5x"},"classes":[]},{"id":143,"url":"https:\/\/blogg.fumei.se\/?p=143","url_meta":{"origin":3566,"position":4},"title":"30-dagarslista","author":"M :)","date":"2011-01-01","format":false,"excerpt":"Dag 1: En bild p\u00e5 dig sj\u00e4lv och femton fakta om dig sj\u00e4lv.Dag 2; En bild p\u00e5 dig sj\u00e4lv och den person du varit v\u00e4n med l\u00e4ngst.Dag 3; En bild p\u00e5 dig och n\u00e5gon som f\u00e5r dig att skratta mycket.Dag 4; En bild p\u00e5 n\u00e5got du skulle vilja g\u00f6ra igen.Dag\u2026","rel":"","context":"I \u201dVardagsliv\u201d","block_context":{"text":"Vardagsliv","link":"https:\/\/blogg.fumei.se\/?cat=47"},"img":{"alt_text":"","src":"","width":0,"height":0},"classes":[]},{"id":4519,"url":"https:\/\/blogg.fumei.se\/?p=4519","url_meta":{"origin":3566,"position":5},"title":"Grattis lilla mamma!","author":"M :)","date":"2018-04-15","format":false,"excerpt":"Idag hurrar vi f\u00f6r v\u00e4rldens b\u00e4sta mamma som fyller 81 \u00e5r! GRATTIS! \u00f6nskar Marcella Sophia, Linus & Juliah Robin Roberto & Isabella Silvio Lovisa & Victor Ilse Magnus, Frida & Tyra Vi s\u00e4nder ocks\u00e5 en tanke till pappsen som firar n\u00e5gon annanstans\u00a0\u2764","rel":"","context":"I \u201dFamiljen\u201d","block_context":{"text":"Familjen","link":"https:\/\/blogg.fumei.se\/?cat=34"},"img":{"alt_text":"","src":"https:\/\/i0.wp.com\/blogg.fumei.se\/wp-content\/uploads\/2018\/04\/mamma81blog-emeff2018.png?resize=350%2C200","width":350,"height":200,"srcset":"https:\/\/i0.wp.com\/blogg.fumei.se\/wp-content\/uploads\/2018\/04\/mamma81blog-emeff2018.png?resize=350%2C200 1x, https:\/\/i0.wp.com\/blogg.fumei.se\/wp-content\/uploads\/2018\/04\/mamma81blog-emeff2018.png?resize=525%2C300 1.5x"},"classes":[]}],"_links":{"self":[{"href":"https:\/\/blogg.fumei.se\/index.php?rest_route=\/wp\/v2\/posts\/3566","targetHints":{"allow":["GET"]}}],"collection":[{"href":"https:\/\/blogg.fumei.se\/index.php?rest_route=\/wp\/v2\/posts"}],"about":[{"href":"https:\/\/blogg.fumei.se\/index.php?rest_route=\/wp\/v2\/types\/post"}],"author":[{"embeddable":true,"href":"https:\/\/blogg.fumei.se\/index.php?rest_route=\/wp\/v2\/users\/1"}],"replies":[{"embeddable":true,"href":"https:\/\/blogg.fumei.se\/index.php?rest_route=%2Fwp%2Fv2%2Fcomments&post=3566"}],"version-history":[{"count":1,"href":"https:\/\/blogg.fumei.se\/index.php?rest_route=\/wp\/v2\/posts\/3566\/revisions"}],"predecessor-version":[{"id":3568,"href":"https:\/\/blogg.fumei.se\/index.php?rest_route=\/wp\/v2\/posts\/3566\/revisions\/3568"}],"wp:attachment":[{"href":"https:\/\/blogg.fumei.se\/index.php?rest_route=%2Fwp%2Fv2%2Fmedia&parent=3566"}],"wp:term":[{"taxonomy":"category","embeddable":true,"href":"https:\/\/blogg.fumei.se\/index.php?rest_route=%2Fwp%2Fv2%2Fcategories&post=3566"},{"taxonomy":"post_tag","embeddable":true,"href":"https:\/\/blogg.fumei.se\/index.php?rest_route=%2Fwp%2Fv2%2Ftags&post=3566"}],"curies":[{"name":"wp","href":"https:\/\/api.w.org\/{rel}","templated":true}]}}