{"id":36,"date":"2011-06-01T20:32:00","date_gmt":"2011-06-01T20:32:00","guid":{"rendered":"\/Blogg\/post\/Trott-och-sliten.aspx"},"modified":"2011-06-01T20:32:00","modified_gmt":"2011-06-01T20:32:00","slug":"trott-och-sliten","status":"publish","type":"post","link":"https:\/\/blogg.fumei.se\/?p=36","title":{"rendered":"Tr\u00f6tt och sliten"},"content":{"rendered":"<p>De senaste tv&aring; velckorna&nbsp;har jag inte bara jobbat med mitt &#8221;vanliga&#8221; jobb, jag har &auml;ven &#8211; tillsammans med en kollega &#8211; gjort om i f&ouml;rr&aring;dsutrymmena p&aring; jobbet. Vi har lyft, burit, sl&auml;pat, h&auml;ngt upp, flyttat och fixat, och&nbsp;nu ser det s&aring; fint och &ouml;versk&aring;dligt ut och&nbsp;saker och ting har sin givna plats. Vi &auml;r riktigt stolta &ouml;ver allt jobb vi gjort, men s&aring; k&auml;nns det i kroppen nu ocks&aring;! F&ouml;r det &auml;r ju inte bara de tv&aring; dagarna som&nbsp;n&nbsp;vi har jobbat, och det har varit ganska fullbelagt p&aring; avdelningarna&nbsp;ett l&aring;ngt tag nu. Dessutom har jag idag burit och sl&auml;pat och lyft och grejat &auml;nnu mer eftersom jag hade f&ouml;rr&aring;dsdag idag. S&aring; det ska bli v&auml;ldigt sk&ouml;nt att vara ledig imorgon!<br \/>Imorgon kommer dessutom Anna hit! Det ska bli j&auml;tteroligt, f&ouml;r det blir s&aring; himla s&auml;llan som vi ses numera. Men imorgon ska vi ta igen lite tid.<\/p>\n<p>Dieten rullar p&aring;. Jag t&auml;nkte k&ouml;ra NO carb, hi fat ett par veckor f&ouml;r att f&aring; ig&aring;ng det ordentligt, men ig&aring;r blev det LCHF, f&ouml;r Maja gjorde sista dagen och bj&ouml;d p&aring; paj, s&aring; jag tog en liiiiten bit. Det var mums!<br \/>I &ouml;vrigt ig&aring;r &aring;t jag:<\/p>\n<ul>\n<li><strong>Frukost<\/strong><br \/>Yogurth med jordgubbar, n&ouml;tter och gojib&auml;r.<\/li>\n<li><strong>Lunch<\/strong><br \/>Resterna av chili con carne och sallad till det.<\/li>\n<li><strong>Middag<\/strong> <br \/>blev yogurth, frukt och kaffe (helt fel, jag vet, men jag &aring;t s&aring; himla mycket chili s&aring; jag var inte ens hungrig)<\/li>\n<li>En minimla pajbit med havrevaniljs&aring;s och kaffe till det. Och en glass. Fy p&aring; mig.<\/li>\n<\/ul>\n<div>Idag blev det ist&auml;llet:<\/div>\n<ul>\n<li><strong>Frukost<\/strong><br \/>yogurth med banan, kaffe<\/li>\n<li><strong>Lunch<\/strong><br \/>Kycklingsallad (jag petade i lite av allt som fanns p&aring; salladsbuff&egrave;n i matsalen)<\/li>\n<li><strong>Middag<\/strong><br \/>Grillad kyckling och sallad. Lite trist med upprepningar, men det funkar om det inte blir f&ouml;r ofta.<\/li>\n<\/ul>\n<div>Ig&aring;r uppt&auml;ckte vi att vi haft inbrott p&aring; vinden. Vi och tre andra hyresg&auml;ster har haft p&aring;h&auml;lsning av n&aring;gon som v&auml;nt upp och ner p&aring; allt som fanns i skrubbarna. &Auml;n s&aring; l&auml;nge har vi bara sett att J&#8217;s stora backpacker-rygga &auml;r borta. Den l&aring;g i en svart sops&auml;ck som nu var tom. P&aring; s&ouml;ndag n&auml;r jag &auml;r ledig n&auml;sta g&aring;ng ska vi g&aring; igenom allt och r&ouml;ja d&auml;r uppe s&aring; att vi kan g&ouml;ra en ordentlig f&ouml;rlustanm&auml;lan till polisen och eventuellt till f&ouml;rs&auml;kringsbolaget. (Jag &auml;r ledig imorgon ju, men t&auml;nker inte st&aring; och st&auml;da skrubb n&auml;r Anna &auml;r h&auml;r)<\/div>\n<div>Och ikv&auml;ll fick jag ta bort mattan ifr&aring;n vardagsrummet f&ouml;r att det l&aring;g en h&ouml;g med hund-poop p&aring; den. Mindre najs. Tur den g&aring;r att tv&auml;tta med mors &aring;ngmaskin.<\/div>\n","protected":false},"excerpt":{"rendered":"<p>De senaste tv&aring; velckorna&nbsp;har jag inte bara jobbat med mitt &#8221;vanliga&#8221; jobb, jag har &auml;ven &#8211; tillsammans med en kollega &#8211; gjort om i f&ouml;rr&aring;dsutrymmena p&aring; jobbet. Vi har lyft, burit, sl&auml;pat, h&auml;ngt upp, flyttat och fixat, och&nbsp;nu ser det s&aring; fint och &ouml;versk&aring;dligt ut och&nbsp;saker och ting har sin givna plats. Vi &auml;r riktigt&#8230;<\/p>\n","protected":false},"author":1,"featured_media":0,"comment_status":"open","ping_status":"open","sticky":false,"template":"","format":"standard","meta":{"jetpack_post_was_ever_published":false,"_jetpack_newsletter_access":"","_jetpack_dont_email_post_to_subs":false,"_jetpack_newsletter_tier_id":0,"_jetpack_memberships_contains_paywalled_content":false,"_jetpack_memberships_contains_paid_content":false,"footnotes":"","jetpack_publicize_message":"","jetpack_publicize_feature_enabled":true,"jetpack_social_post_already_shared":false,"jetpack_social_options":{"image_generator_settings":{"template":"highway","default_image_id":0,"font":"","enabled":false},"version":2}},"categories":[47],"tags":[],"class_list":["post-36","post","type-post","status-publish","format-standard","hentry","category-vardagsliv"],"jetpack_publicize_connections":[],"jetpack_featured_media_url":"","jetpack_shortlink":"https:\/\/wp.me\/p3qko4-A","jetpack_sharing_enabled":true,"jetpack_likes_enabled":true,"jetpack-related-posts":[{"id":756,"url":"https:\/\/blogg.fumei.se\/?p=756","url_meta":{"origin":36,"position":0},"title":"En dag som m\u00e5nga andra","author":"M :)","date":"2008-12-08","format":false,"excerpt":"har det varit idag. Inget ut\u00f6ver det vanliga att skriva om. Jag har jobbat och det var fortfarande mycket att g\u00f6ra\u00a0p\u00e5 avdelningen. Efter jobbet gick jag och Monika p\u00e5 stan en sv\u00e4ng innan jag for hem till barn, middag och nytt f\u00f6rs\u00f6k att f\u00e5 ordning p\u00e5 internet. Efter m\u00e5nga om\u2026","rel":"","context":"I \u201dVardagsliv\u201d","block_context":{"text":"Vardagsliv","link":"https:\/\/blogg.fumei.se\/?cat=47"},"img":{"alt_text":"","src":"","width":0,"height":0},"classes":[]},{"id":281,"url":"https:\/\/blogg.fumei.se\/?p=281","url_meta":{"origin":36,"position":1},"title":"Saker jag hade t\u00e4nkt g\u00f6ra idag","author":"M :)","date":"2010-03-03","format":false,"excerpt":"men som i brist p\u00e5 tid mellan jobb och t\u00e5gavg\u00e5ng f\u00e5r st\u00e5 tllbaka till imorgon: L\u00e4mna tillbaka b\u00f6cker p\u00e5 biblioteket. Mycket f\u00f6rsenade b\u00f6cker dessutom. Det jag f\u00e5r betala i f\u00f6rseningsavgift hade jag antagligen kunnat k\u00f6pa en ny bok f\u00f6r. K\u00f6pa tomma dvd f\u00f6r att br\u00e4nna ut resten av det jag\u2026","rel":"","context":"I \u201dVardagsliv\u201d","block_context":{"text":"Vardagsliv","link":"https:\/\/blogg.fumei.se\/?cat=47"},"img":{"alt_text":"","src":"","width":0,"height":0},"classes":[]},{"id":1887,"url":"https:\/\/blogg.fumei.se\/?p=1887","url_meta":{"origin":36,"position":2},"title":"Lite stress f\u00e5r det nog bli \u00e4nd\u00e5","author":"M :)","date":"2011-12-21","format":false,"excerpt":"Jobbar ju r\u00e4tt mycket de h\u00e4r sista dagarna innan jul, s\u00e5 de lediga stunder jag har blir ganska v\u00e4lfyllda med s\u00e5nt som ska g\u00f6ras. Men jag \u00e4r bra p\u00e5 att delegera d\u00e4r hemma s\u00e5 lite blir gjort \u00e4ven av dem! Idag \u00e4r en s\u00e5n d\u00e4r \"mellandag\" n\u00e4r man inte beh\u00f6ver\u2026","rel":"","context":"I \u201dVardagsliv\u201d","block_context":{"text":"Vardagsliv","link":"https:\/\/blogg.fumei.se\/?cat=47"},"img":{"alt_text":"","src":"","width":0,"height":0},"classes":[]},{"id":260,"url":"https:\/\/blogg.fumei.se\/?p=260","url_meta":{"origin":36,"position":3},"title":"Det var v\u00e4ldigt vad det g\u00e5r undan!","author":"EmEff","date":"2010-03-28","format":false,"excerpt":"Nu har det g\u00e5tt en vecka till och jag har knappt hunnit med att fatta att det var ny vecka f\u00f6rr\u00e4n den var slut! Som vanligt...Har varit ledig i helgen i alla fall, och det var sk\u00f6nt. \u00c4ven om arbetsveckan inte var superanstr\u00e4ngande s\u00e5 \u00e4r det \u00e4nd\u00e5 sk\u00f6nt med en\u2026","rel":"","context":"I \u201dVardagsliv\u201d","block_context":{"text":"Vardagsliv","link":"https:\/\/blogg.fumei.se\/?cat=47"},"img":{"alt_text":"","src":"","width":0,"height":0},"classes":[]},{"id":290,"url":"https:\/\/blogg.fumei.se\/?p=290","url_meta":{"origin":36,"position":4},"title":"Enformigt arbete","author":"EmEff","date":"2010-02-21","format":false,"excerpt":"Jag har roat mig en stund med att l\u00e4gga ut n\u00e5gra annonser p\u00e5 Tradera. Jag k\u00e4nner\u00a0att om jag nu ska g\u00f6ra mig av med en massa kl\u00e4der som bara ligger och skr\u00e4par, s\u00e5 kan jag lika g\u00e4rna f\u00f6rs\u00f6ka f\u00e5 n\u00e5gra korv\u00e4ren f\u00f6r dem, s\u00e5 jag har fotograferat och s\u00e5 har\u2026","rel":"","context":"I \u201dVardagsliv\u201d","block_context":{"text":"Vardagsliv","link":"https:\/\/blogg.fumei.se\/?cat=47"},"img":{"alt_text":"","src":"","width":0,"height":0},"classes":[]},{"id":191,"url":"https:\/\/blogg.fumei.se\/?p=191","url_meta":{"origin":36,"position":5},"title":"Det var ju det h\u00e4r med att komma ig\u00e5ng&#8230;","author":"EmEff","date":"2010-08-12","format":false,"excerpt":"Jag \u00e4r v\u00e4ldigt duktig p\u00e5 att s\u00e4ga att jag ska g\u00f6ra n\u00e5got, men inte riktigt lika bra p\u00e5 att verkligen g\u00f6ra de jag s\u00e4ger att jag ska\/vill g\u00f6ra. Men nu har jag sagt varje dag under hela v\u00e5ren att jag ska komma ig\u00e5ng ochh r\u00f6ra mer p\u00e5 mig, f\u00f6r att\u2026","rel":"","context":"I \u201dVardagsliv\u201d","block_context":{"text":"Vardagsliv","link":"https:\/\/blogg.fumei.se\/?cat=47"},"img":{"alt_text":"","src":"","width":0,"height":0},"classes":[]}],"_links":{"self":[{"href":"https:\/\/blogg.fumei.se\/index.php?rest_route=\/wp\/v2\/posts\/36","targetHints":{"allow":["GET"]}}],"collection":[{"href":"https:\/\/blogg.fumei.se\/index.php?rest_route=\/wp\/v2\/posts"}],"about":[{"href":"https:\/\/blogg.fumei.se\/index.php?rest_route=\/wp\/v2\/types\/post"}],"author":[{"embeddable":true,"href":"https:\/\/blogg.fumei.se\/index.php?rest_route=\/wp\/v2\/users\/1"}],"replies":[{"embeddable":true,"href":"https:\/\/blogg.fumei.se\/index.php?rest_route=%2Fwp%2Fv2%2Fcomments&post=36"}],"version-history":[{"count":0,"href":"https:\/\/blogg.fumei.se\/index.php?rest_route=\/wp\/v2\/posts\/36\/revisions"}],"wp:attachment":[{"href":"https:\/\/blogg.fumei.se\/index.php?rest_route=%2Fwp%2Fv2%2Fmedia&parent=36"}],"wp:term":[{"taxonomy":"category","embeddable":true,"href":"https:\/\/blogg.fumei.se\/index.php?rest_route=%2Fwp%2Fv2%2Fcategories&post=36"},{"taxonomy":"post_tag","embeddable":true,"href":"https:\/\/blogg.fumei.se\/index.php?rest_route=%2Fwp%2Fv2%2Ftags&post=36"}],"curies":[{"name":"wp","href":"https:\/\/api.w.org\/{rel}","templated":true}]}}