{"id":3615,"date":"2015-05-12T10:40:23","date_gmt":"2015-05-12T08:40:23","guid":{"rendered":"http:\/\/blogg.fumei.se\/?p=3615"},"modified":"2015-05-16T10:41:46","modified_gmt":"2015-05-16T08:41:46","slug":"konfirmationsdags-2","status":"publish","type":"post","link":"https:\/\/blogg.fumei.se\/?p=3615","title":{"rendered":"Konfirmationsdags"},"content":{"rendered":"<p>\u00c4ldsta brorsdottern, Isabella, har konfirmerat sig. I s\u00f6ndags \u00e5kte jag med mor och far i bilen ner till Torup och gratulerade och lyck\u00f6nskade unga fr\u00f6ken. I kyrkan var det som vanligt n\u00e4r det \u00e4r sk familjeh\u00f6gtider, dvs en himla massa sm\u00e5 barn som inte har ett dugg lust att sitta stilla och tysta i en b\u00e4nk, utan pratar h\u00f6gt och ljudligt och springer hit och dit och \u00e4r som barn \u00e4r mest&#8230;rastl\u00f6sa&#8230;<br \/>\nHemma hos Bella, i hennes mors hus, samlades sl\u00e4kt och v\u00e4nner fr\u00e5n Sverige och Danmark, fr\u00e5n v\u00e5r familj, fr\u00e5n hennes mammas familj och fr\u00e5n hennes mammas mans familj. En rej\u00e4l m\u00e4ngd med m\u00e4nniskor blev det. Och s\u00e5 blev det ganska tr\u00e5ngt inne i huset f\u00f6r n\u00e4stan ingen ville vara ute i tr\u00e4dg\u00e5rden och partyt\u00e4ltet som de hade st\u00e4llt upp, f\u00f6r regnet \u00f6ste ner och det var rent ut sagt svinkallt. Men det blev ju bra \u00e4nd\u00e5.<\/p>\n<p>Efter fika och present\u00f6ppning &#8211; hon fick en moppehj\u00e4lm av oss som komplement till moppen hon f\u00e5r av sin far &#8211; satte vi oss i bilen och \u00e5ket alla milen hem igen. Hur kan man f\u00f6rresten bli s\u00e5 tr\u00f6tt av att sitta i en bil? N\u00e4r jag kom hem var det str\u00e5lande solsken i G\u00f6teborg men jag var som sagt helt slut, s\u00e5 det blev inte m\u00e5nga steg f\u00f6r stegt\u00e4vlingen den dagen, f\u00f6r jag d\u00e4ckade i soffan!<\/p>\n<p><a href=\"https:\/\/i0.wp.com\/blogg.fumei.se\/wp-content\/uploads\/2015\/05\/bellakonf1.jpg?ssl=1\"><img data-recalc-dims=\"1\" loading=\"lazy\" decoding=\"async\" data-attachment-id=\"3605\" data-permalink=\"https:\/\/blogg.fumei.se\/?attachment_id=3605\" data-orig-file=\"https:\/\/i0.wp.com\/blogg.fumei.se\/wp-content\/uploads\/2015\/05\/bellakonf1.jpg?fit=1200%2C600&amp;ssl=1\" data-orig-size=\"1200,600\" data-comments-opened=\"1\" data-image-meta=\"{&quot;aperture&quot;:&quot;0&quot;,&quot;credit&quot;:&quot;&quot;,&quot;camera&quot;:&quot;&quot;,&quot;caption&quot;:&quot;&quot;,&quot;created_timestamp&quot;:&quot;0&quot;,&quot;copyright&quot;:&quot;&quot;,&quot;focal_length&quot;:&quot;0&quot;,&quot;iso&quot;:&quot;0&quot;,&quot;shutter_speed&quot;:&quot;0&quot;,&quot;title&quot;:&quot;&quot;,&quot;orientation&quot;:&quot;0&quot;}\" data-image-title=\"bellakonf1\" data-image-description=\"\" data-image-caption=\"\" data-large-file=\"https:\/\/i0.wp.com\/blogg.fumei.se\/wp-content\/uploads\/2015\/05\/bellakonf1.jpg?fit=640%2C320&amp;ssl=1\" class=\"aligncenter size-large wp-image-3605\" src=\"https:\/\/i0.wp.com\/blogg.fumei.se\/wp-content\/uploads\/2015\/05\/bellakonf1.jpg?resize=600%2C300&#038;ssl=1\" alt=\"bellakonf1\" width=\"600\" height=\"300\" srcset=\"https:\/\/i0.wp.com\/blogg.fumei.se\/wp-content\/uploads\/2015\/05\/bellakonf1.jpg?resize=650%2C325&amp;ssl=1 650w, https:\/\/i0.wp.com\/blogg.fumei.se\/wp-content\/uploads\/2015\/05\/bellakonf1.jpg?resize=300%2C150&amp;ssl=1 300w, https:\/\/i0.wp.com\/blogg.fumei.se\/wp-content\/uploads\/2015\/05\/bellakonf1.jpg?w=1200&amp;ssl=1 1200w\" sizes=\"auto, (max-width: 600px) 100vw, 600px\" \/><\/a><\/p>\n<p><a href=\"https:\/\/i0.wp.com\/blogg.fumei.se\/wp-content\/uploads\/2015\/05\/bellakonf2.jpg?ssl=1\"><img data-recalc-dims=\"1\" loading=\"lazy\" decoding=\"async\" data-attachment-id=\"3606\" data-permalink=\"https:\/\/blogg.fumei.se\/?attachment_id=3606\" data-orig-file=\"https:\/\/i0.wp.com\/blogg.fumei.se\/wp-content\/uploads\/2015\/05\/bellakonf2.jpg?fit=1200%2C600&amp;ssl=1\" data-orig-size=\"1200,600\" data-comments-opened=\"1\" data-image-meta=\"{&quot;aperture&quot;:&quot;0&quot;,&quot;credit&quot;:&quot;&quot;,&quot;camera&quot;:&quot;&quot;,&quot;caption&quot;:&quot;&quot;,&quot;created_timestamp&quot;:&quot;0&quot;,&quot;copyright&quot;:&quot;&quot;,&quot;focal_length&quot;:&quot;0&quot;,&quot;iso&quot;:&quot;0&quot;,&quot;shutter_speed&quot;:&quot;0&quot;,&quot;title&quot;:&quot;&quot;,&quot;orientation&quot;:&quot;0&quot;}\" data-image-title=\"bellakonf2\" data-image-description=\"\" data-image-caption=\"\" data-large-file=\"https:\/\/i0.wp.com\/blogg.fumei.se\/wp-content\/uploads\/2015\/05\/bellakonf2.jpg?fit=640%2C320&amp;ssl=1\" class=\"aligncenter size-large wp-image-3606\" src=\"https:\/\/i0.wp.com\/blogg.fumei.se\/wp-content\/uploads\/2015\/05\/bellakonf2.jpg?resize=600%2C300&#038;ssl=1\" alt=\"bellakonf2\" width=\"600\" height=\"300\" srcset=\"https:\/\/i0.wp.com\/blogg.fumei.se\/wp-content\/uploads\/2015\/05\/bellakonf2.jpg?resize=650%2C325&amp;ssl=1 650w, https:\/\/i0.wp.com\/blogg.fumei.se\/wp-content\/uploads\/2015\/05\/bellakonf2.jpg?resize=300%2C150&amp;ssl=1 300w, https:\/\/i0.wp.com\/blogg.fumei.se\/wp-content\/uploads\/2015\/05\/bellakonf2.jpg?w=1200&amp;ssl=1 1200w\" sizes=\"auto, (max-width: 600px) 100vw, 600px\" \/><\/a><\/p>\n","protected":false},"excerpt":{"rendered":"<p>\u00c4ldsta brorsdottern, Isabella, har konfirmerat sig. I s\u00f6ndags \u00e5kte jag med mor och far i bilen ner till Torup och gratulerade och lyck\u00f6nskade unga fr\u00f6ken. I kyrkan var det som vanligt n\u00e4r det \u00e4r sk familjeh\u00f6gtider, dvs en himla massa sm\u00e5 barn som inte har ett dugg lust att sitta stilla och tysta i en&#8230;<\/p>\n","protected":false},"author":1,"featured_media":0,"comment_status":"open","ping_status":"open","sticky":false,"template":"","format":"standard","meta":{"jetpack_post_was_ever_published":false,"_jetpack_newsletter_access":"","_jetpack_dont_email_post_to_subs":false,"_jetpack_newsletter_tier_id":0,"_jetpack_memberships_contains_paywalled_content":false,"_jetpack_memberships_contains_paid_content":false,"footnotes":"","jetpack_publicize_message":"Konfirmationsdags","jetpack_publicize_feature_enabled":true,"jetpack_social_post_already_shared":true,"jetpack_social_options":{"image_generator_settings":{"template":"highway","default_image_id":0,"font":"","enabled":false},"version":2}},"categories":[47],"tags":[],"class_list":["post-3615","post","type-post","status-publish","format-standard","hentry","category-vardagsliv"],"jetpack_publicize_connections":[],"jetpack_featured_media_url":"","jetpack_shortlink":"https:\/\/wp.me\/p3qko4-Wj","jetpack_sharing_enabled":true,"jetpack_likes_enabled":true,"jetpack-related-posts":[{"id":5843,"url":"https:\/\/blogg.fumei.se\/?p=5843","url_meta":{"origin":3615,"position":0},"title":"Mors dag igen","author":"M :)","date":"2023-05-28","format":false,"excerpt":"I \u00e5r fick det bli en blomma och ett ljus i minneslunden till mamma. Men ocks\u00e5, idag, p\u00e5 Mors dag, \u00e4r det de h\u00e4r tv\u00e5 jag har att tacka f\u00f6r att jag f\u00e5r r\u00e4knas in i mammornas skara. De \u00e4r det b\u00e4sta jag \u00e5stadkommit i mitt liv.H\u00f6ga berg och djupa\u2026","rel":"","context":"I \u201dFamiljen\u201d","block_context":{"text":"Familjen","link":"https:\/\/blogg.fumei.se\/?cat=34"},"img":{"alt_text":"","src":"https:\/\/i0.wp.com\/blogg.fumei.se\/wp-content\/uploads\/2024\/02\/AD86DB9E-E9B1-47D6-8E17-B8252FA56F9E.jpeg?resize=350%2C200&ssl=1","width":350,"height":200,"srcset":"https:\/\/i0.wp.com\/blogg.fumei.se\/wp-content\/uploads\/2024\/02\/AD86DB9E-E9B1-47D6-8E17-B8252FA56F9E.jpeg?resize=350%2C200&ssl=1 1x, https:\/\/i0.wp.com\/blogg.fumei.se\/wp-content\/uploads\/2024\/02\/AD86DB9E-E9B1-47D6-8E17-B8252FA56F9E.jpeg?resize=525%2C300&ssl=1 1.5x"},"classes":[]},{"id":1742,"url":"https:\/\/blogg.fumei.se\/?p=1742","url_meta":{"origin":3615,"position":1},"title":"Dan f\u00f6re dan, f\u00f6re dan, f\u00f6re&#8230;","author":"M :)","date":"2011-11-14","format":false,"excerpt":"Ja nu \u00e4r det knappt en och en halv m\u00e5nad kvar till julafton, det \u00e4r sv\u00e5rt att tro det, men almanackan ljuger ju s\u00e4llan (aldrig...). I \u00e5r \u00e4r det mitt lags tur att slippa jobba julen, och det \u00e4r min tur att ha barnen hemma p\u00e5 jul, det \u00e4r ju\u2026","rel":"","context":"I \u201dVardagsliv\u201d","block_context":{"text":"Vardagsliv","link":"https:\/\/blogg.fumei.se\/?cat=47"},"img":{"alt_text":"","src":"","width":0,"height":0},"classes":[]},{"id":5089,"url":"https:\/\/blogg.fumei.se\/?p=5089","url_meta":{"origin":3615,"position":2},"title":"Hej d\u00e5 mamma!","author":"M :)","date":"2022-04-01","format":false,"excerpt":"Ig\u00e5r h\u00f6ll vi begravningsceremoni f\u00f6r mamma. Det var en jobbig och tung, men samtidigt fin dag. Flera av mammas (och pappas) v\u00e4nner kom f\u00f6r att ta ett sista farv\u00e4l tillsammans med familjen, \u00e4ven Jorge d\u00f6k upp. Mamma hade valt att kremeras och att urnan skulle s\u00e4ttas ner i askgravlunden p\u00e5\u2026","rel":"","context":"I \u201dFamiljen\u201d","block_context":{"text":"Familjen","link":"https:\/\/blogg.fumei.se\/?cat=34"},"img":{"alt_text":"","src":"https:\/\/i0.wp.com\/blogg.fumei.se\/wp-content\/uploads\/2022\/11\/9DC6C70F-2A67-4157-B833-643FBDE5E2D5_1_105_c.jpeg?resize=350%2C200","width":350,"height":200,"srcset":"https:\/\/i0.wp.com\/blogg.fumei.se\/wp-content\/uploads\/2022\/11\/9DC6C70F-2A67-4157-B833-643FBDE5E2D5_1_105_c.jpeg?resize=350%2C200 1x, https:\/\/i0.wp.com\/blogg.fumei.se\/wp-content\/uploads\/2022\/11\/9DC6C70F-2A67-4157-B833-643FBDE5E2D5_1_105_c.jpeg?resize=525%2C300 1.5x, https:\/\/i0.wp.com\/blogg.fumei.se\/wp-content\/uploads\/2022\/11\/9DC6C70F-2A67-4157-B833-643FBDE5E2D5_1_105_c.jpeg?resize=700%2C400 2x"},"classes":[]},{"id":5818,"url":"https:\/\/blogg.fumei.se\/?p=5818","url_meta":{"origin":3615,"position":3},"title":"I g\u00f6mmorna","author":"M :)","date":"2018-07-16","format":false,"excerpt":"Jag har varit hos mamma och hj\u00e4lpt henne rensa och r\u00f6ja inf\u00f6r flytt. Hon ska flytta till Sk\u00e5ne och bli inneboende hos Roberto och hans sambo. L\u00e4genheten i Floby \u00e4r allladelse f\u00f6r stor f\u00f6r henne, s\u00e5 detta blir en bra l\u00f6sning eftersom det blir sv\u00e5rt att hitta en l\u00e4genhet med\u2026","rel":"","context":"I \u201dFamiljen\u201d","block_context":{"text":"Familjen","link":"https:\/\/blogg.fumei.se\/?cat=34"},"img":{"alt_text":"","src":"https:\/\/i0.wp.com\/blogg.fumei.se\/wp-content\/uploads\/2024\/02\/A11A8591-3CBF-44D2-9691-04D9625E02B7-scaled.jpeg?resize=350%2C200","width":350,"height":200,"srcset":"https:\/\/i0.wp.com\/blogg.fumei.se\/wp-content\/uploads\/2024\/02\/A11A8591-3CBF-44D2-9691-04D9625E02B7-scaled.jpeg?resize=350%2C200 1x, https:\/\/i0.wp.com\/blogg.fumei.se\/wp-content\/uploads\/2024\/02\/A11A8591-3CBF-44D2-9691-04D9625E02B7-scaled.jpeg?resize=525%2C300 1.5x, https:\/\/i0.wp.com\/blogg.fumei.se\/wp-content\/uploads\/2024\/02\/A11A8591-3CBF-44D2-9691-04D9625E02B7-scaled.jpeg?resize=700%2C400 2x, https:\/\/i0.wp.com\/blogg.fumei.se\/wp-content\/uploads\/2024\/02\/A11A8591-3CBF-44D2-9691-04D9625E02B7-scaled.jpeg?resize=1050%2C600 3x, https:\/\/i0.wp.com\/blogg.fumei.se\/wp-content\/uploads\/2024\/02\/A11A8591-3CBF-44D2-9691-04D9625E02B7-scaled.jpeg?resize=1400%2C800 4x"},"classes":[]},{"id":1038,"url":"https:\/\/blogg.fumei.se\/?p=1038","url_meta":{"origin":3615,"position":4},"title":"Jag ska fatta mig (ganska) kort","author":"M :)","date":"2009-07-07","format":false,"excerpt":"annars blir det en j\u00e4mrans l\u00e5ng uppdatering h\u00e4r! Jag har ju varit iv\u00e4g till mor och far ett par dagar. Egentligen skulle jag bara varit ut under m\u00e5ndagen f\u00f6r att tr\u00e4ffa syster med familj, men mamma hade snubblat \u00f6ver hundens koppel och tagit emot med h\u00f6gerhanden s\u00e5 illa att hon\u2026","rel":"","context":"I \u201dVardagsliv\u201d","block_context":{"text":"Vardagsliv","link":"https:\/\/blogg.fumei.se\/?cat=47"},"img":{"alt_text":"","src":"","width":0,"height":0},"classes":[]},{"id":5107,"url":"https:\/\/blogg.fumei.se\/?p=5107","url_meta":{"origin":3615,"position":5},"title":"\u2665\ufe0e Min mamma \u2665\ufe0e","author":"M :)","date":"2022-03-16","format":false,"excerpt":"Min mamma, Lis Fumei, f\u00f6ddes 15 April 1937 i Herning i Danmark. Hon var nummer sju av tolv barn till Ingeborg Elisabeth L\u00f8vstad och Aage Christian L\u00f8vstad.Pappa Aage var snickare vid j\u00e4rnv\u00e4gen och mamma Ingeborg var hemmafru med allt vad det innebar, med alla barnen och ett hush\u00e5ll att ta\u2026","rel":"","context":"I \u201dFamiljen\u201d","block_context":{"text":"Familjen","link":"https:\/\/blogg.fumei.se\/?cat=34"},"img":{"alt_text":"","src":"https:\/\/i0.wp.com\/blogg.fumei.se\/wp-content\/uploads\/2022\/11\/BEFDDF98-BDCB-4E63-B088-B3B56E759D0C_1_201_a.jpeg?resize=350%2C200&ssl=1","width":350,"height":200,"srcset":"https:\/\/i0.wp.com\/blogg.fumei.se\/wp-content\/uploads\/2022\/11\/BEFDDF98-BDCB-4E63-B088-B3B56E759D0C_1_201_a.jpeg?resize=350%2C200&ssl=1 1x, https:\/\/i0.wp.com\/blogg.fumei.se\/wp-content\/uploads\/2022\/11\/BEFDDF98-BDCB-4E63-B088-B3B56E759D0C_1_201_a.jpeg?resize=525%2C300&ssl=1 1.5x, https:\/\/i0.wp.com\/blogg.fumei.se\/wp-content\/uploads\/2022\/11\/BEFDDF98-BDCB-4E63-B088-B3B56E759D0C_1_201_a.jpeg?resize=700%2C400&ssl=1 2x"},"classes":[]}],"_links":{"self":[{"href":"https:\/\/blogg.fumei.se\/index.php?rest_route=\/wp\/v2\/posts\/3615","targetHints":{"allow":["GET"]}}],"collection":[{"href":"https:\/\/blogg.fumei.se\/index.php?rest_route=\/wp\/v2\/posts"}],"about":[{"href":"https:\/\/blogg.fumei.se\/index.php?rest_route=\/wp\/v2\/types\/post"}],"author":[{"embeddable":true,"href":"https:\/\/blogg.fumei.se\/index.php?rest_route=\/wp\/v2\/users\/1"}],"replies":[{"embeddable":true,"href":"https:\/\/blogg.fumei.se\/index.php?rest_route=%2Fwp%2Fv2%2Fcomments&post=3615"}],"version-history":[{"count":1,"href":"https:\/\/blogg.fumei.se\/index.php?rest_route=\/wp\/v2\/posts\/3615\/revisions"}],"predecessor-version":[{"id":3616,"href":"https:\/\/blogg.fumei.se\/index.php?rest_route=\/wp\/v2\/posts\/3615\/revisions\/3616"}],"wp:attachment":[{"href":"https:\/\/blogg.fumei.se\/index.php?rest_route=%2Fwp%2Fv2%2Fmedia&parent=3615"}],"wp:term":[{"taxonomy":"category","embeddable":true,"href":"https:\/\/blogg.fumei.se\/index.php?rest_route=%2Fwp%2Fv2%2Fcategories&post=3615"},{"taxonomy":"post_tag","embeddable":true,"href":"https:\/\/blogg.fumei.se\/index.php?rest_route=%2Fwp%2Fv2%2Ftags&post=3615"}],"curies":[{"name":"wp","href":"https:\/\/api.w.org\/{rel}","templated":true}]}}