{"id":3655,"date":"2015-05-21T05:32:05","date_gmt":"2015-05-21T03:32:05","guid":{"rendered":"http:\/\/blogg.fumei.se\/?p=3655"},"modified":"2015-05-20T22:37:43","modified_gmt":"2015-05-20T20:37:43","slug":"fiadag","status":"publish","type":"post","link":"https:\/\/blogg.fumei.se\/?p=3655","title":{"rendered":"Fiadag"},"content":{"rendered":"<p>Idag klockan 13.32, fast f\u00f6r 22 \u00e5r sedan, f\u00f6ddes v\u00e4rldens finaste, b\u00e4sta och underbaraste dotter! Trots alla motg\u00e5ngar, h\u00e5rda ord och igensm\u00e4llda d\u00f6rrar genom \u00e5ren, s\u00e5 \u00e4lskar jag dig (och din bror) mest av alla i heeeela v\u00e4rlden!!<\/p>\n<h1 style=\"text-align: center;\"><span style=\"color: #3366ff;\">GRATTIS<\/span><\/h1>\n<h3 style=\"text-align: center;\"><span style=\"color: #3366ff;\">p\u00e5 f\u00f6delsedagen<\/span><\/h3>\n<h3 style=\"text-align: center;\"><span style=\"color: #3366ff;\">\u00f6nskar mamsen<\/span><\/h3>\n<p><a href=\"https:\/\/i0.wp.com\/blogg.fumei.se\/wp-content\/uploads\/2015\/05\/fia22.jpg?ssl=1\"><img data-recalc-dims=\"1\" loading=\"lazy\" decoding=\"async\" data-attachment-id=\"3656\" data-permalink=\"https:\/\/blogg.fumei.se\/?attachment_id=3656\" data-orig-file=\"https:\/\/i0.wp.com\/blogg.fumei.se\/wp-content\/uploads\/2015\/05\/fia22.jpg?fit=600%2C600&amp;ssl=1\" data-orig-size=\"600,600\" data-comments-opened=\"1\" data-image-meta=\"{&quot;aperture&quot;:&quot;0&quot;,&quot;credit&quot;:&quot;&quot;,&quot;camera&quot;:&quot;&quot;,&quot;caption&quot;:&quot;&quot;,&quot;created_timestamp&quot;:&quot;0&quot;,&quot;copyright&quot;:&quot;&quot;,&quot;focal_length&quot;:&quot;0&quot;,&quot;iso&quot;:&quot;0&quot;,&quot;shutter_speed&quot;:&quot;0&quot;,&quot;title&quot;:&quot;&quot;,&quot;orientation&quot;:&quot;0&quot;}\" data-image-title=\"fia22\" data-image-description=\"\" data-image-caption=\"\" data-large-file=\"https:\/\/i0.wp.com\/blogg.fumei.se\/wp-content\/uploads\/2015\/05\/fia22.jpg?fit=600%2C600&amp;ssl=1\" class=\"aligncenter size-full wp-image-3656\" src=\"https:\/\/i0.wp.com\/blogg.fumei.se\/wp-content\/uploads\/2015\/05\/fia22.jpg?resize=600%2C600&#038;ssl=1\" alt=\"fia22\" width=\"600\" height=\"600\" srcset=\"https:\/\/i0.wp.com\/blogg.fumei.se\/wp-content\/uploads\/2015\/05\/fia22.jpg?w=600&amp;ssl=1 600w, https:\/\/i0.wp.com\/blogg.fumei.se\/wp-content\/uploads\/2015\/05\/fia22.jpg?resize=180%2C180&amp;ssl=1 180w, https:\/\/i0.wp.com\/blogg.fumei.se\/wp-content\/uploads\/2015\/05\/fia22.jpg?resize=300%2C300&amp;ssl=1 300w, https:\/\/i0.wp.com\/blogg.fumei.se\/wp-content\/uploads\/2015\/05\/fia22.jpg?resize=210%2C210&amp;ssl=1 210w\" sizes=\"auto, (max-width: 600px) 100vw, 600px\" \/><\/a><\/p>\n","protected":false},"excerpt":{"rendered":"<p>Idag klockan 13.32, fast f\u00f6r 22 \u00e5r sedan, f\u00f6ddes v\u00e4rldens finaste, b\u00e4sta och underbaraste dotter! Trots alla motg\u00e5ngar, h\u00e5rda ord och igensm\u00e4llda d\u00f6rrar genom \u00e5ren, s\u00e5 \u00e4lskar jag dig (och din bror) mest av alla i heeeela v\u00e4rlden!! GRATTIS p\u00e5 f\u00f6delsedagen \u00f6nskar mamsen<\/p>\n","protected":false},"author":1,"featured_media":0,"comment_status":"open","ping_status":"open","sticky":false,"template":"","format":"standard","meta":{"jetpack_post_was_ever_published":false,"_jetpack_newsletter_access":"","_jetpack_dont_email_post_to_subs":false,"_jetpack_newsletter_tier_id":0,"_jetpack_memberships_contains_paywalled_content":false,"_jetpack_memberships_contains_paid_content":false,"footnotes":"","jetpack_publicize_message":"","jetpack_publicize_feature_enabled":true,"jetpack_social_post_already_shared":true,"jetpack_social_options":{"image_generator_settings":{"template":"highway","default_image_id":0,"font":"","enabled":false},"version":2}},"categories":[34,47],"tags":[220,106,183],"class_list":["post-3655","post","type-post","status-publish","format-standard","hentry","category-familjen","category-vardagsliv","tag-fira","tag-fodelsedag","tag-sophia"],"jetpack_publicize_connections":[],"jetpack_featured_media_url":"","jetpack_shortlink":"https:\/\/wp.me\/s3qko4-fiadag","jetpack_sharing_enabled":true,"jetpack_likes_enabled":true,"jetpack-related-posts":[{"id":4646,"url":"https:\/\/blogg.fumei.se\/?p=4646","url_meta":{"origin":3655,"position":0},"title":"V\u00e4rldens b\u00e4sta mamma!","author":"M :)","date":"2019-04-15","format":false,"excerpt":"Idag \u00e4r det din dag, hela dagen! Stor grattiskram p\u00e5 din f\u00f6delsedag! GRATTIS! fr\u00e5n oss alla!","rel":"","context":"I \u201dFamiljen\u201d","block_context":{"text":"Familjen","link":"https:\/\/blogg.fumei.se\/?cat=34"},"img":{"alt_text":"","src":"https:\/\/i0.wp.com\/blogg.fumei.se\/wp-content\/uploads\/2019\/04\/mamma82blogg-emeff2019.png?resize=350%2C200&ssl=1","width":350,"height":200,"srcset":"https:\/\/i0.wp.com\/blogg.fumei.se\/wp-content\/uploads\/2019\/04\/mamma82blogg-emeff2019.png?resize=350%2C200&ssl=1 1x, https:\/\/i0.wp.com\/blogg.fumei.se\/wp-content\/uploads\/2019\/04\/mamma82blogg-emeff2019.png?resize=525%2C300&ssl=1 1.5x"},"classes":[]},{"id":3881,"url":"https:\/\/blogg.fumei.se\/?p=3881","url_meta":{"origin":3655,"position":1},"title":"V\u00e4rldens vackraste dotter","author":"M :)","date":"2016-05-21","format":false,"excerpt":"fyller \u00e5r idag! GRATTIS p\u00e5 f\u00f6delsedagen \u00f6nskar mamma Robin mormor & morfar (och Pixel...)","rel":"","context":"I \u201dFamiljen\u201d","block_context":{"text":"Familjen","link":"https:\/\/blogg.fumei.se\/?cat=34"},"img":{"alt_text":"Fia23-emeff2016","src":"https:\/\/i0.wp.com\/blogg.fumei.se\/wp-content\/uploads\/2016\/05\/Fia23-emeff2016.jpg?resize=350%2C200","width":350,"height":200,"srcset":"https:\/\/i0.wp.com\/blogg.fumei.se\/wp-content\/uploads\/2016\/05\/Fia23-emeff2016.jpg?resize=350%2C200 1x, https:\/\/i0.wp.com\/blogg.fumei.se\/wp-content\/uploads\/2016\/05\/Fia23-emeff2016.jpg?resize=525%2C300 1.5x"},"classes":[]},{"id":3665,"url":"https:\/\/blogg.fumei.se\/?p=3665","url_meta":{"origin":3655,"position":2},"title":"Fabulous forty!","author":"M :)","date":"2015-05-28","format":false,"excerpt":"Fantastiska f\u00f6rti, 2x20, 18 med 22 \u00e5rs erfarenhet, 39,95 plus moms...man kan kalla det mycket, men 40 \u00e4r vad v\u00e4rldens b\u00e4sta Sylwia fyller just idag! GRATTIS p\u00e5 f\u00f6delsedagen min fina v\u00e4n! Fira med stil! Puss\u00e5kram","rel":"","context":"I \u201dVardagsliv\u201d","block_context":{"text":"Vardagsliv","link":"https:\/\/blogg.fumei.se\/?cat=47"},"img":{"alt_text":"","src":"","width":0,"height":0},"classes":[]},{"id":3301,"url":"https:\/\/blogg.fumei.se\/?p=3301","url_meta":{"origin":3655,"position":3},"title":"\u8a95\u751f\u65e5(f\u00f6delsedag)","author":"M :)","date":"2014-04-25","format":false,"excerpt":"I 18 \u00e5r har jag f\u00e5tt \u00e4ran och gl\u00e4djen att vara din mamma. I 18 \u00e5r har du f\u00f6rundrat, f\u00f6rv\u00e5nat och fascinerat mig. Du f\u00f6ddes med ett litet handikapp, men trotsade det och visade alla att du kan g\u00f6ra saker du ocks\u00e5, om \u00e4n p\u00e5 ditt eget s\u00e4tt. Det finns\u00a0n\u00e5gra\u2026","rel":"","context":"I \u201dVardagsliv\u201d","block_context":{"text":"Vardagsliv","link":"https:\/\/blogg.fumei.se\/?cat=47"},"img":{"alt_text":"Robin18","src":"https:\/\/i0.wp.com\/blogg.fumei.se\/wp-content\/uploads\/2014\/04\/Robin18.png?resize=350%2C200","width":350,"height":200,"srcset":"https:\/\/i0.wp.com\/blogg.fumei.se\/wp-content\/uploads\/2014\/04\/Robin18.png?resize=350%2C200 1x, https:\/\/i0.wp.com\/blogg.fumei.se\/wp-content\/uploads\/2014\/04\/Robin18.png?resize=525%2C300 1.5x"},"classes":[]},{"id":5857,"url":"https:\/\/blogg.fumei.se\/?p=5857","url_meta":{"origin":3655,"position":4},"title":"Sophia 30 \u00e5r!","author":"M :)","date":"2023-05-21","format":false,"excerpt":"Liten blir stor! Idag f\u00f6r 30 \u00e5r sedan kom en liten flicka till v\u00e4rlden som f\u00f6r alltid f\u00f6r\u00e4ndrade mitt liv. Nu \u00e4r den lilla flickan vuxen och har sin egen lilla familj, men du kommer alltid att vara min lilla grodprinsessa! \u2764\ufe0f \u2764\ufe0f Grattis p\u00e5 f\u00f6delsedagen, \u00e4lskade unge!! \u2764\ufe0f","rel":"","context":"I \u201dFamiljen\u201d","block_context":{"text":"Familjen","link":"https:\/\/blogg.fumei.se\/?cat=34"},"img":{"alt_text":"","src":"https:\/\/i0.wp.com\/blogg.fumei.se\/wp-content\/uploads\/2024\/02\/8D2C49B5-D1DA-4E53-B51A-5310608CE236_4_5005_c-e1707663988725.jpeg?resize=350%2C200","width":350,"height":200},"classes":[]},{"id":2893,"url":"https:\/\/blogg.fumei.se\/?p=2893","url_meta":{"origin":3655,"position":5},"title":"Kalasdax","author":"M :)","date":"2013-01-09","format":false,"excerpt":"F\u00f6r idag fyller v\u00e4rldens b\u00e4sta Lovisa \u00e5r!! GRATTIS \u00f6nskar moster faster, Fia, Robin och Jorge!","rel":"","context":"I \u201dVardagsliv\u201d","block_context":{"text":"Vardagsliv","link":"https:\/\/blogg.fumei.se\/?cat=47"},"img":{"alt_text":"Lovisa5-emeff2013","src":"https:\/\/i0.wp.com\/blogg.fumei.se\/wp-content\/uploads\/2013\/01\/Lovisa5-emeff2013.png?resize=350%2C200","width":350,"height":200,"srcset":"https:\/\/i0.wp.com\/blogg.fumei.se\/wp-content\/uploads\/2013\/01\/Lovisa5-emeff2013.png?resize=350%2C200 1x, https:\/\/i0.wp.com\/blogg.fumei.se\/wp-content\/uploads\/2013\/01\/Lovisa5-emeff2013.png?resize=525%2C300 1.5x"},"classes":[]}],"_links":{"self":[{"href":"https:\/\/blogg.fumei.se\/index.php?rest_route=\/wp\/v2\/posts\/3655","targetHints":{"allow":["GET"]}}],"collection":[{"href":"https:\/\/blogg.fumei.se\/index.php?rest_route=\/wp\/v2\/posts"}],"about":[{"href":"https:\/\/blogg.fumei.se\/index.php?rest_route=\/wp\/v2\/types\/post"}],"author":[{"embeddable":true,"href":"https:\/\/blogg.fumei.se\/index.php?rest_route=\/wp\/v2\/users\/1"}],"replies":[{"embeddable":true,"href":"https:\/\/blogg.fumei.se\/index.php?rest_route=%2Fwp%2Fv2%2Fcomments&post=3655"}],"version-history":[{"count":1,"href":"https:\/\/blogg.fumei.se\/index.php?rest_route=\/wp\/v2\/posts\/3655\/revisions"}],"predecessor-version":[{"id":3657,"href":"https:\/\/blogg.fumei.se\/index.php?rest_route=\/wp\/v2\/posts\/3655\/revisions\/3657"}],"wp:attachment":[{"href":"https:\/\/blogg.fumei.se\/index.php?rest_route=%2Fwp%2Fv2%2Fmedia&parent=3655"}],"wp:term":[{"taxonomy":"category","embeddable":true,"href":"https:\/\/blogg.fumei.se\/index.php?rest_route=%2Fwp%2Fv2%2Fcategories&post=3655"},{"taxonomy":"post_tag","embeddable":true,"href":"https:\/\/blogg.fumei.se\/index.php?rest_route=%2Fwp%2Fv2%2Ftags&post=3655"}],"curies":[{"name":"wp","href":"https:\/\/api.w.org\/{rel}","templated":true}]}}