{"id":3659,"date":"2015-05-23T05:50:05","date_gmt":"2015-05-23T03:50:05","guid":{"rendered":"http:\/\/blogg.fumei.se\/?p=3659"},"modified":"2015-05-23T05:50:54","modified_gmt":"2015-05-23T03:50:54","slug":"annu-en-fodelsedag","status":"publish","type":"post","link":"https:\/\/blogg.fumei.se\/?p=3659","title":{"rendered":"\u00c4nnu en f\u00f6delsedag"},"content":{"rendered":"<p>att fira, den h\u00e4r g\u00e5ngen \u00e4r det Tyra som fyller \u00e5r.<\/p>\n<p><a href=\"https:\/\/i0.wp.com\/blogg.fumei.se\/wp-content\/uploads\/2015\/05\/wpid-4222015125155.jpg?ssl=1\"><img data-recalc-dims=\"1\" decoding=\"async\" title=\"4222015125155.jpg\" class=\"alignnone size-full\"  alt=\"image\" src=\"https:\/\/i0.wp.com\/blogg.fumei.se\/wp-content\/uploads\/2015\/05\/wpid-4222015125155.jpg?w=640&#038;ssl=1\" \/><\/a><\/p>\n<h1 style=\"text-align: center;\"><span style=\"color: #3366ff;\">GRATTIS<\/span><\/h1>\n<h3 style=\"text-align: center;\"><span style=\"color: #3366ff;\">p\u00e5 f\u00f6delsedagen<\/span><\/h3>\n<h3 style=\"text-align: center;\"><span style=\"color: #3366ff;\">\u00f6nskar moster, nonno &#038; Lis, Robin, Fia &#038; Linus &#038; Juliah<\/span><\/h3>\n","protected":false},"excerpt":{"rendered":"<p>att fira, den h\u00e4r g\u00e5ngen \u00e4r det Tyra som fyller \u00e5r. GRATTIS p\u00e5 f\u00f6delsedagen \u00f6nskar moster, nonno &#038; Lis, Robin, Fia &#038; Linus &#038; Juliah<\/p>\n","protected":false},"author":1,"featured_media":0,"comment_status":"open","ping_status":"open","sticky":false,"template":"","format":"standard","meta":{"jetpack_post_was_ever_published":false,"_jetpack_newsletter_access":"","_jetpack_dont_email_post_to_subs":false,"_jetpack_newsletter_tier_id":0,"_jetpack_memberships_contains_paywalled_content":false,"_jetpack_memberships_contains_paid_content":false,"footnotes":"","jetpack_publicize_message":"","jetpack_publicize_feature_enabled":true,"jetpack_social_post_already_shared":true,"jetpack_social_options":{"image_generator_settings":{"template":"highway","default_image_id":0,"font":"","enabled":false},"version":2}},"categories":[34],"tags":[220,106],"class_list":["post-3659","post","type-post","status-publish","format-standard","hentry","category-familjen","tag-fira","tag-fodelsedag"],"jetpack_publicize_connections":[],"jetpack_featured_media_url":"","jetpack_shortlink":"https:\/\/wp.me\/p3qko4-X1","jetpack_sharing_enabled":true,"jetpack_likes_enabled":true,"jetpack-related-posts":[{"id":4594,"url":"https:\/\/blogg.fumei.se\/?p=4594","url_meta":{"origin":3659,"position":0},"title":"En alldeles s\u00e4rskild dag","author":"M :)","date":"2018-11-30","format":false,"excerpt":"F\u00f6r det \u00e4r Mickes f\u00f6delsedag, och inte vilken f\u00f6delsedag som helst, han fyller ju 50!\u00a0\u2665 Vi befinner oss f\u00f6r tillf\u00e4llet i Barcelona och firar tillsammans med Melina och Max, men ett litet inl\u00e4gg p\u00e5 bloggen m\u00e5ste det ju bli n\u00e4r man fyller \u00e5r! S\u00e5 h\u00e4r kommer grattis och fina (eh...tja...)\u2026","rel":"","context":"I \u201dFamiljen\u201d","block_context":{"text":"Familjen","link":"https:\/\/blogg.fumei.se\/?cat=34"},"img":{"alt_text":"","src":"https:\/\/i0.wp.com\/blogg.fumei.se\/wp-content\/uploads\/2018\/11\/Micke50-EmEff2018.png?resize=350%2C200","width":350,"height":200,"srcset":"https:\/\/i0.wp.com\/blogg.fumei.se\/wp-content\/uploads\/2018\/11\/Micke50-EmEff2018.png?resize=350%2C200 1x, https:\/\/i0.wp.com\/blogg.fumei.se\/wp-content\/uploads\/2018\/11\/Micke50-EmEff2018.png?resize=525%2C300 1.5x"},"classes":[]},{"id":4569,"url":"https:\/\/blogg.fumei.se\/?p=4569","url_meta":{"origin":3659,"position":1},"title":"Fira Frida","author":"M :)","date":"2018-08-23","format":false,"excerpt":"F\u00f6delsedag i familjen Andersson, den h\u00e4r g\u00e5ngen \u00e4r det Frida som fyller \u00e5r! Det \u00e4r n\u00e5gra \u00e5r sen hon st\u00e4llde upp p\u00e5 bilder som de h\u00e4r :) GRATTIS! \u00f6nskar moster Robin Fia, Linus &Juliah mormor Lis Roberto & Isabella Silvio, Lovisa & Victor","rel":"","context":"I \u201dFamiljen\u201d","block_context":{"text":"Familjen","link":"https:\/\/blogg.fumei.se\/?cat=34"},"img":{"alt_text":"","src":"https:\/\/i0.wp.com\/blogg.fumei.se\/wp-content\/uploads\/2018\/08\/Frida16-emeff2018.png?resize=350%2C200","width":350,"height":200,"srcset":"https:\/\/i0.wp.com\/blogg.fumei.se\/wp-content\/uploads\/2018\/08\/Frida16-emeff2018.png?resize=350%2C200 1x, https:\/\/i0.wp.com\/blogg.fumei.se\/wp-content\/uploads\/2018\/08\/Frida16-emeff2018.png?resize=525%2C300 1.5x"},"classes":[]},{"id":3665,"url":"https:\/\/blogg.fumei.se\/?p=3665","url_meta":{"origin":3659,"position":2},"title":"Fabulous forty!","author":"M :)","date":"2015-05-28","format":false,"excerpt":"Fantastiska f\u00f6rti, 2x20, 18 med 22 \u00e5rs erfarenhet, 39,95 plus moms...man kan kalla det mycket, men 40 \u00e4r vad v\u00e4rldens b\u00e4sta Sylwia fyller just idag! GRATTIS p\u00e5 f\u00f6delsedagen min fina v\u00e4n! Fira med stil! Puss\u00e5kram","rel":"","context":"I \u201dVardagsliv\u201d","block_context":{"text":"Vardagsliv","link":"https:\/\/blogg.fumei.se\/?cat=47"},"img":{"alt_text":"","src":"","width":0,"height":0},"classes":[]},{"id":4263,"url":"https:\/\/blogg.fumei.se\/?p=4263","url_meta":{"origin":3659,"position":3},"title":"Mormors tjej","author":"M :)","date":"2017-03-15","format":false,"excerpt":"Idag \u00e4r ingen vanlig dag, f\u00f6r idag \u00e4r det Juliahs f\u00f6delsedag! GRATTIS \u00f6nskar mormor \u2665","rel":"","context":"I \u201dFamiljen\u201d","block_context":{"text":"Familjen","link":"https:\/\/blogg.fumei.se\/?cat=34"},"img":{"alt_text":"","src":"https:\/\/i0.wp.com\/blogg.fumei.se\/wp-content\/uploads\/2017\/03\/Juliah3-emeff2017.png?resize=350%2C200","width":350,"height":200,"srcset":"https:\/\/i0.wp.com\/blogg.fumei.se\/wp-content\/uploads\/2017\/03\/Juliah3-emeff2017.png?resize=350%2C200 1x, https:\/\/i0.wp.com\/blogg.fumei.se\/wp-content\/uploads\/2017\/03\/Juliah3-emeff2017.png?resize=525%2C300 1.5x"},"classes":[]},{"id":4638,"url":"https:\/\/blogg.fumei.se\/?p=4638","url_meta":{"origin":3659,"position":4},"title":"Bellas dag idag","author":"M :)","date":"2019-03-13","format":false,"excerpt":"Idag \u00e4r det \u00e4ldsta brorsdotterns tur att fira f\u00f6delsedag. GRATTIS! \u00f6nskarvi allesammans!","rel":"","context":"I \u201dFamiljen\u201d","block_context":{"text":"Familjen","link":"https:\/\/blogg.fumei.se\/?cat=34"},"img":{"alt_text":"","src":"https:\/\/i0.wp.com\/blogg.fumei.se\/wp-content\/uploads\/2019\/03\/Bella19-emeff2019.png?resize=350%2C200&ssl=1","width":350,"height":200,"srcset":"https:\/\/i0.wp.com\/blogg.fumei.se\/wp-content\/uploads\/2019\/03\/Bella19-emeff2019.png?resize=350%2C200&ssl=1 1x, https:\/\/i0.wp.com\/blogg.fumei.se\/wp-content\/uploads\/2019\/03\/Bella19-emeff2019.png?resize=525%2C300&ssl=1 1.5x"},"classes":[]},{"id":5876,"url":"https:\/\/blogg.fumei.se\/?p=5876","url_meta":{"origin":3659,"position":5},"title":"Juliah 9 \u00e5r","author":"M :)","date":"2023-03-15","format":false,"excerpt":"Hurra f\u00f6r Juliah idag p\u00e5 din f\u00f6delsedag! Grattis fr\u00e5n morrmor och Mikael \u2764\ufe0f","rel":"","context":"I \u201dFamiljen\u201d","block_context":{"text":"Familjen","link":"https:\/\/blogg.fumei.se\/?cat=34"},"img":{"alt_text":"","src":"https:\/\/i0.wp.com\/blogg.fumei.se\/wp-content\/uploads\/2024\/02\/05C2CD52-924B-4CEB-9A76-9B3F4669FCCC_1_105_c.jpeg?resize=350%2C200&ssl=1","width":350,"height":200,"srcset":"https:\/\/i0.wp.com\/blogg.fumei.se\/wp-content\/uploads\/2024\/02\/05C2CD52-924B-4CEB-9A76-9B3F4669FCCC_1_105_c.jpeg?resize=350%2C200&ssl=1 1x, https:\/\/i0.wp.com\/blogg.fumei.se\/wp-content\/uploads\/2024\/02\/05C2CD52-924B-4CEB-9A76-9B3F4669FCCC_1_105_c.jpeg?resize=525%2C300&ssl=1 1.5x, https:\/\/i0.wp.com\/blogg.fumei.se\/wp-content\/uploads\/2024\/02\/05C2CD52-924B-4CEB-9A76-9B3F4669FCCC_1_105_c.jpeg?resize=700%2C400&ssl=1 2x"},"classes":[]}],"_links":{"self":[{"href":"https:\/\/blogg.fumei.se\/index.php?rest_route=\/wp\/v2\/posts\/3659","targetHints":{"allow":["GET"]}}],"collection":[{"href":"https:\/\/blogg.fumei.se\/index.php?rest_route=\/wp\/v2\/posts"}],"about":[{"href":"https:\/\/blogg.fumei.se\/index.php?rest_route=\/wp\/v2\/types\/post"}],"author":[{"embeddable":true,"href":"https:\/\/blogg.fumei.se\/index.php?rest_route=\/wp\/v2\/users\/1"}],"replies":[{"embeddable":true,"href":"https:\/\/blogg.fumei.se\/index.php?rest_route=%2Fwp%2Fv2%2Fcomments&post=3659"}],"version-history":[{"count":2,"href":"https:\/\/blogg.fumei.se\/index.php?rest_route=\/wp\/v2\/posts\/3659\/revisions"}],"predecessor-version":[{"id":3661,"href":"https:\/\/blogg.fumei.se\/index.php?rest_route=\/wp\/v2\/posts\/3659\/revisions\/3661"}],"wp:attachment":[{"href":"https:\/\/blogg.fumei.se\/index.php?rest_route=%2Fwp%2Fv2%2Fmedia&parent=3659"}],"wp:term":[{"taxonomy":"category","embeddable":true,"href":"https:\/\/blogg.fumei.se\/index.php?rest_route=%2Fwp%2Fv2%2Fcategories&post=3659"},{"taxonomy":"post_tag","embeddable":true,"href":"https:\/\/blogg.fumei.se\/index.php?rest_route=%2Fwp%2Fv2%2Ftags&post=3659"}],"curies":[{"name":"wp","href":"https:\/\/api.w.org\/{rel}","templated":true}]}}