{"id":3665,"date":"2015-05-28T00:07:55","date_gmt":"2015-05-27T22:07:55","guid":{"rendered":"http:\/\/blogg.fumei.se\/?p=3665"},"modified":"2015-05-28T00:09:50","modified_gmt":"2015-05-27T22:09:50","slug":"fabulous-forty-2","status":"publish","type":"post","link":"https:\/\/blogg.fumei.se\/?p=3665","title":{"rendered":"Fabulous forty!"},"content":{"rendered":"<p>Fantastiska f\u00f6rti, 2&#215;20, 18 med 22 \u00e5rs erfarenhet, 39,95 plus moms&#8230;man kan kalla det mycket, men 40 \u00e4r vad v\u00e4rldens b\u00e4sta Sylwia fyller just idag!<\/p>\n<p><a href=\"http:\/\/i0.wp.com\/blogg.fumei.se\/wp-content\/uploads\/2015\/05\/sylwia40blogg.jpg?w=792\"><img decoding=\"async\" style=\"width:600px;max-width:600px;\" title=\"sylwia40blogg\" class=\"alignnone size-full\" alt=\"image\" src=\"http:\/\/i0.wp.com\/blogg.fumei.se\/wp-content\/uploads\/2015\/05\/sylwia40blogg.jpg?w=792?w=600\" \/><\/a><\/p>\n<h1 style=\"text-align: center;\"><strong><span style=\"color: #de1864;\">GRATTIS<\/span><\/strong><\/h1>\n<h3 style=\"text-align: center;\"><span style=\"color: #de1864;\">p\u00e5 f\u00f6delsedagen min fina v\u00e4n!<\/span><\/h3>\n<h3 style=\"text-align: center;\"><span style=\"color: #de1864;\">Fira med stil!<\/span><\/h3>\n<h3 style=\"text-align: center;\"><span style=\"color: #de1864;\">Puss\u00e5kram<\/span><\/h3>\n","protected":false},"excerpt":{"rendered":"<p>Fantastiska f\u00f6rti, 2&#215;20, 18 med 22 \u00e5rs erfarenhet, 39,95 plus moms&#8230;man kan kalla det mycket, men 40 \u00e4r vad v\u00e4rldens b\u00e4sta Sylwia fyller just idag! GRATTIS p\u00e5 f\u00f6delsedagen min fina v\u00e4n! Fira med stil! Puss\u00e5kram<\/p>\n","protected":false},"author":1,"featured_media":0,"comment_status":"open","ping_status":"open","sticky":false,"template":"","format":"standard","meta":{"jetpack_post_was_ever_published":false,"_jetpack_newsletter_access":"","_jetpack_dont_email_post_to_subs":false,"_jetpack_newsletter_tier_id":0,"_jetpack_memberships_contains_paywalled_content":false,"_jetpack_memberships_contains_paid_content":false,"footnotes":"","jetpack_publicize_message":"","jetpack_publicize_feature_enabled":true,"jetpack_social_post_already_shared":true,"jetpack_social_options":{"image_generator_settings":{"template":"highway","default_image_id":0,"font":"","enabled":false},"version":2}},"categories":[47],"tags":[220,106],"class_list":["post-3665","post","type-post","status-publish","format-standard","hentry","category-vardagsliv","tag-fira","tag-fodelsedag"],"jetpack_publicize_connections":[],"jetpack_featured_media_url":"","jetpack_shortlink":"https:\/\/wp.me\/p3qko4-X7","jetpack_sharing_enabled":true,"jetpack_likes_enabled":true,"jetpack-related-posts":[{"id":3659,"url":"https:\/\/blogg.fumei.se\/?p=3659","url_meta":{"origin":3665,"position":0},"title":"\u00c4nnu en f\u00f6delsedag","author":"M :)","date":"2015-05-23","format":false,"excerpt":"att fira, den h\u00e4r g\u00e5ngen \u00e4r det Tyra som fyller \u00e5r. GRATTIS p\u00e5 f\u00f6delsedagen \u00f6nskar moster, nonno & Lis, Robin, Fia & Linus & Juliah","rel":"","context":"I \u201dFamiljen\u201d","block_context":{"text":"Familjen","link":"https:\/\/blogg.fumei.se\/?cat=34"},"img":{"alt_text":"","src":"","width":0,"height":0},"classes":[]},{"id":4594,"url":"https:\/\/blogg.fumei.se\/?p=4594","url_meta":{"origin":3665,"position":1},"title":"En alldeles s\u00e4rskild dag","author":"M :)","date":"2018-11-30","format":false,"excerpt":"F\u00f6r det \u00e4r Mickes f\u00f6delsedag, och inte vilken f\u00f6delsedag som helst, han fyller ju 50!\u00a0\u2665 Vi befinner oss f\u00f6r tillf\u00e4llet i Barcelona och firar tillsammans med Melina och Max, men ett litet inl\u00e4gg p\u00e5 bloggen m\u00e5ste det ju bli n\u00e4r man fyller \u00e5r! S\u00e5 h\u00e4r kommer grattis och fina (eh...tja...)\u2026","rel":"","context":"I \u201dFamiljen\u201d","block_context":{"text":"Familjen","link":"https:\/\/blogg.fumei.se\/?cat=34"},"img":{"alt_text":"","src":"https:\/\/i0.wp.com\/blogg.fumei.se\/wp-content\/uploads\/2018\/11\/Micke50-EmEff2018.png?resize=350%2C200","width":350,"height":200,"srcset":"https:\/\/i0.wp.com\/blogg.fumei.se\/wp-content\/uploads\/2018\/11\/Micke50-EmEff2018.png?resize=350%2C200 1x, https:\/\/i0.wp.com\/blogg.fumei.se\/wp-content\/uploads\/2018\/11\/Micke50-EmEff2018.png?resize=525%2C300 1.5x"},"classes":[]},{"id":4569,"url":"https:\/\/blogg.fumei.se\/?p=4569","url_meta":{"origin":3665,"position":2},"title":"Fira Frida","author":"M :)","date":"2018-08-23","format":false,"excerpt":"F\u00f6delsedag i familjen Andersson, den h\u00e4r g\u00e5ngen \u00e4r det Frida som fyller \u00e5r! Det \u00e4r n\u00e5gra \u00e5r sen hon st\u00e4llde upp p\u00e5 bilder som de h\u00e4r :) GRATTIS! \u00f6nskar moster Robin Fia, Linus &Juliah mormor Lis Roberto & Isabella Silvio, Lovisa & Victor","rel":"","context":"I \u201dFamiljen\u201d","block_context":{"text":"Familjen","link":"https:\/\/blogg.fumei.se\/?cat=34"},"img":{"alt_text":"","src":"https:\/\/i0.wp.com\/blogg.fumei.se\/wp-content\/uploads\/2018\/08\/Frida16-emeff2018.png?resize=350%2C200","width":350,"height":200,"srcset":"https:\/\/i0.wp.com\/blogg.fumei.se\/wp-content\/uploads\/2018\/08\/Frida16-emeff2018.png?resize=350%2C200 1x, https:\/\/i0.wp.com\/blogg.fumei.se\/wp-content\/uploads\/2018\/08\/Frida16-emeff2018.png?resize=525%2C300 1.5x"},"classes":[]},{"id":4638,"url":"https:\/\/blogg.fumei.se\/?p=4638","url_meta":{"origin":3665,"position":3},"title":"Bellas dag idag","author":"M :)","date":"2019-03-13","format":false,"excerpt":"Idag \u00e4r det \u00e4ldsta brorsdotterns tur att fira f\u00f6delsedag. GRATTIS! \u00f6nskarvi allesammans!","rel":"","context":"I \u201dFamiljen\u201d","block_context":{"text":"Familjen","link":"https:\/\/blogg.fumei.se\/?cat=34"},"img":{"alt_text":"","src":"https:\/\/i0.wp.com\/blogg.fumei.se\/wp-content\/uploads\/2019\/03\/Bella19-emeff2019.png?resize=350%2C200&ssl=1","width":350,"height":200,"srcset":"https:\/\/i0.wp.com\/blogg.fumei.se\/wp-content\/uploads\/2019\/03\/Bella19-emeff2019.png?resize=350%2C200&ssl=1 1x, https:\/\/i0.wp.com\/blogg.fumei.se\/wp-content\/uploads\/2019\/03\/Bella19-emeff2019.png?resize=525%2C300&ssl=1 1.5x"},"classes":[]},{"id":4658,"url":"https:\/\/blogg.fumei.se\/?p=4658","url_meta":{"origin":3665,"position":4},"title":"Grattis Frida!","author":"M :)","date":"2019-08-23","format":false,"excerpt":"Grattis p\u00e5 f\u00f6delsedagen! \u00f6nskarmostermormor LisFia, Linus, Juliah & AmandusRoberto & IsabellaSilvio, Lovisa & Victor","rel":"","context":"I \u201dVardagsliv\u201d","block_context":{"text":"Vardagsliv","link":"https:\/\/blogg.fumei.se\/?cat=47"},"img":{"alt_text":"","src":"https:\/\/i0.wp.com\/blogg.fumei.se\/wp-content\/uploads\/2019\/08\/Frida17-emeff2019-1.png?resize=350%2C200&ssl=1","width":350,"height":200,"srcset":"https:\/\/i0.wp.com\/blogg.fumei.se\/wp-content\/uploads\/2019\/08\/Frida17-emeff2019-1.png?resize=350%2C200&ssl=1 1x, https:\/\/i0.wp.com\/blogg.fumei.se\/wp-content\/uploads\/2019\/08\/Frida17-emeff2019-1.png?resize=525%2C300&ssl=1 1.5x"},"classes":[]},{"id":4263,"url":"https:\/\/blogg.fumei.se\/?p=4263","url_meta":{"origin":3665,"position":5},"title":"Mormors tjej","author":"M :)","date":"2017-03-15","format":false,"excerpt":"Idag \u00e4r ingen vanlig dag, f\u00f6r idag \u00e4r det Juliahs f\u00f6delsedag! GRATTIS \u00f6nskar mormor \u2665","rel":"","context":"I \u201dFamiljen\u201d","block_context":{"text":"Familjen","link":"https:\/\/blogg.fumei.se\/?cat=34"},"img":{"alt_text":"","src":"https:\/\/i0.wp.com\/blogg.fumei.se\/wp-content\/uploads\/2017\/03\/Juliah3-emeff2017.png?resize=350%2C200","width":350,"height":200,"srcset":"https:\/\/i0.wp.com\/blogg.fumei.se\/wp-content\/uploads\/2017\/03\/Juliah3-emeff2017.png?resize=350%2C200 1x, https:\/\/i0.wp.com\/blogg.fumei.se\/wp-content\/uploads\/2017\/03\/Juliah3-emeff2017.png?resize=525%2C300 1.5x"},"classes":[]}],"_links":{"self":[{"href":"https:\/\/blogg.fumei.se\/index.php?rest_route=\/wp\/v2\/posts\/3665","targetHints":{"allow":["GET"]}}],"collection":[{"href":"https:\/\/blogg.fumei.se\/index.php?rest_route=\/wp\/v2\/posts"}],"about":[{"href":"https:\/\/blogg.fumei.se\/index.php?rest_route=\/wp\/v2\/types\/post"}],"author":[{"embeddable":true,"href":"https:\/\/blogg.fumei.se\/index.php?rest_route=\/wp\/v2\/users\/1"}],"replies":[{"embeddable":true,"href":"https:\/\/blogg.fumei.se\/index.php?rest_route=%2Fwp%2Fv2%2Fcomments&post=3665"}],"version-history":[{"count":2,"href":"https:\/\/blogg.fumei.se\/index.php?rest_route=\/wp\/v2\/posts\/3665\/revisions"}],"predecessor-version":[{"id":3667,"href":"https:\/\/blogg.fumei.se\/index.php?rest_route=\/wp\/v2\/posts\/3665\/revisions\/3667"}],"wp:attachment":[{"href":"https:\/\/blogg.fumei.se\/index.php?rest_route=%2Fwp%2Fv2%2Fmedia&parent=3665"}],"wp:term":[{"taxonomy":"category","embeddable":true,"href":"https:\/\/blogg.fumei.se\/index.php?rest_route=%2Fwp%2Fv2%2Fcategories&post=3665"},{"taxonomy":"post_tag","embeddable":true,"href":"https:\/\/blogg.fumei.se\/index.php?rest_route=%2Fwp%2Fv2%2Ftags&post=3665"}],"curies":[{"name":"wp","href":"https:\/\/api.w.org\/{rel}","templated":true}]}}