{"id":3689,"date":"2015-06-24T00:31:22","date_gmt":"2015-06-23T22:31:22","guid":{"rendered":"http:\/\/blogg.fumei.se\/?p=3689"},"modified":"2015-06-24T09:40:58","modified_gmt":"2015-06-24T07:40:58","slug":"det-ar-inte-latt-nar-det-ar-svart-2","status":"publish","type":"post","link":"https:\/\/blogg.fumei.se\/?p=3689","title":{"rendered":"Det \u00e4r inte l\u00e4tt n\u00e4r det \u00e4r sv\u00e5rt&#8230;"},"content":{"rendered":"<p>Urs\u00e4kta om jag verkar lite gn\u00e4llig och grinig, men hur j\u00e4vla sv\u00e5rt kan det vara??<\/p>\n<p>Fick en lapp i brevl\u00e5dan om att f\u00f6nstren skulle m\u00e5las i b\u00f6rjan av juni. Sen kom en lapp fr\u00e5n m\u00e5laren med exakt dag. N\u00e4r dagen kom hade jag gjort allt som de bett om, dvs plockat bort rubbet fr\u00e5n f\u00f6nstren och inom en meter ifr\u00e5n dem.<br \/>\nM\u00e5laren kom och blev ombedd att antingen ta av sig skorna eller anv\u00e4nda tossor (ni vet, s\u00e5na d\u00e4r bl\u00e5a man f\u00e5r p\u00e5 sjukhus och v\u00e5rdcentraler&#8230;jag tog hem fr\u00e5n jobbet enbart f\u00f6r detta). Han muttrade och t\u00e4nkte minsann inte ta p\u00e5 s\u00e5na d\u00e4r, s\u00e5 fine, han gjorde ett val.<br \/>\nSen \u00e4gnade han ett par timmar \u00e5t att skrapa lister och karmar innan han drog vidare till n\u00e4sta l\u00e4genhet. Fast innan han gick var han ju tvungen att tala om att han nu hade all skit under strumporna. D\u00e5 p\u00e5pekade jag att <em>han<\/em> inte beh\u00f6ver st\u00e4da efter honom och att <em>jag<\/em> avg\u00f6r vem som f\u00e5r ha skor p\u00e5 inomhus i mitt hem. Han d\u00e4ngde igen d\u00f6rren och f\u00f6rsvann.<br \/>\n(Ska kanske till\u00e4gga att det var samma m\u00e5lare som m\u00e5lade bla vardagsrummet n\u00e4r jag just flyttat in. Han som hade s\u00e5 br\u00e5ttom att bli klar f\u00f6re midsommar att han varken skrapade bort f\u00e4rg som hamnat p\u00e5 f\u00f6nster och golv och som inte grundade skarvar s\u00e5 det var stora sprickor i f\u00e4rgen efter en vecka.)<\/p>\n<p>N\u00e4sta morgon kom han invalsande, ringde visserligen p\u00e5 d\u00f6rren men stack nyckeln i l\u00e5set innan jag hann ut i hallen ens. Jag sa att han kunde gott lugna sig lite s\u00e5 en annan hann med, han menade att han hade m\u00e5nga l\u00e4genheter att fixa.<br \/>\nHan undrade om han skulle ta mitt sovrum f\u00f6rst, jag sa att du f\u00e5r b\u00f6rja var du vill, varp\u00e5 han s\u00e4ger att han trodde att jag skulle g\u00e5 och l\u00e4gga mig igen.<br \/>\nUrs\u00e4kta? L\u00e4gga mig? Med en fr\u00e4mmande karl som traskar omkring i mitt hem och visslar falskt? I don&#8217;t think so&#8230;<\/p>\n<p>Ett par timmar senare \u00e4r han klar med m\u00e5leriet och hojtar in till mig d\u00e4r jag st\u00e5r i badrummet att han ska g\u00e5 och att jag ska kolla s\u00e5 inte f\u00f6nstren har fastnat n\u00e4r f\u00e4rgen har torkat. Ok, funkar v\u00e4l.<\/p>\n<p>N\u00e4r jag i min tur ska g\u00e5 till jobbet f\u00e5r jag hela handen full med f\u00e4rg n\u00e4r jag tar i handtaget p\u00e5 ytterd\u00f6rren. Tv\u00e4ttar hand och handtag med aceton innan jag g\u00e5r iv\u00e4g.<br \/>\nDagen efter testar jag om alla f\u00f6nster g\u00e5r att \u00f6ppna och det g\u00e5r bra p\u00e5 alla utom lilla v\u00e4dringsf\u00f6nstret i vardagsrummet. Sv\u00e5rare \u00e4r det att <em>st\u00e4nga <\/em>f\u00f6nstren igen, s\u00e4rskilt v\u00e4dringsf\u00f6nstret i k\u00f6ket, d\u00e4r ena l\u00e5svredet har lossnat och ramlat av, samt f\u00f6nstren i vardagsrummet d\u00e4r det inte g\u00e5r att st\u00e4nga igen f\u00f6nstren s\u00e5 mycket att vredena g\u00e5r att vrida fast. B\u00e5da fungerade finfint <em>innan<\/em> m\u00e5larkludden var d\u00e4r. Dessutom fick jag torka alla handtag och f\u00f6nsterbr\u00e4dor med lacknafta f\u00f6r allt var f\u00e4rgkladdigt&#8230;<\/p>\n<p>Ringer fastighetssk\u00f6taren och f\u00f6rklarar att jag inte kan st\u00e4nga d\u00f6nstren ordentligt, han s\u00e4ger att han inte har tid men kommer och kollar p\u00e5 det m\u00e5ndag eller tisdag n\u00e4sta vecka. Ok s\u00e4ger jag.<br \/>\n&#8221;N\u00e4sta vecka&#8221; var f\u00f6r en vecka sen.<br \/>\nRingde fastighetssk\u00f6taren igen och p\u00e5minner om att han skulle kolla mina f\u00f6nster. Han p\u00e5st\u00e5r att jag missuppfattat honom och f\u00f6rs\u00f6ker sen f\u00e5 det till att om m\u00e5laren m\u00e4rkt n\u00e5t konstigt med f\u00f6nstren hade han sagt till mig. Jag s\u00e4ger att han var nog lite sur p\u00e5 mig pga det d\u00e4r med skorna s\u00e5 han ville nog ha s\u00e5 lite som m\u00f6jligt med mig att g\u00f6ra. Fastighetssk\u00f6taren s\u00e4ger att han kommer om en timme.<\/p>\n<p>N\u00e4r jag kommer hem fr\u00e5n jobbet ikv\u00e4ll \u00e4r det l\u00f6sa vredet till k\u00f6ksf\u00f6nstret borta, f\u00f6nstren i vardagsrummet g\u00e5r fortfarande inte att st\u00e4nga och i b\u00e5da sovrummen st\u00e5r blommorna p\u00e5 golvet nedanf\u00f6r f\u00f6nstren, dessutom \u00e4r en t\u00e4tningslist helt l\u00f6s i mitt sovrumsf\u00f6nster.<\/p>\n<p>Verkar som det f\u00e5r bli \u00e4nnu ett mejl till f\u00f6rvaltaren. Bara f\u00f6r att de inte kan g\u00f6ra r\u00e4tt fr\u00e5n b\u00f6rjan&#8230;snacka om f\u00f6ljetong&#8230;<\/p>\n","protected":false},"excerpt":{"rendered":"<p>Urs\u00e4kta om jag verkar lite gn\u00e4llig och grinig, men hur j\u00e4vla sv\u00e5rt kan det vara?? Fick en lapp i brevl\u00e5dan om att f\u00f6nstren skulle m\u00e5las i b\u00f6rjan av juni. Sen kom en lapp fr\u00e5n m\u00e5laren med exakt dag. N\u00e4r dagen kom hade jag gjort allt som de bett om, dvs plockat bort rubbet fr\u00e5n f\u00f6nstren&#8230;<\/p>\n","protected":false},"author":1,"featured_media":0,"comment_status":"open","ping_status":"open","sticky":false,"template":"","format":"standard","meta":{"jetpack_post_was_ever_published":false,"_jetpack_newsletter_access":"","_jetpack_dont_email_post_to_subs":false,"_jetpack_newsletter_tier_id":0,"_jetpack_memberships_contains_paywalled_content":false,"_jetpack_memberships_contains_paid_content":false,"footnotes":"","jetpack_publicize_message":"","jetpack_publicize_feature_enabled":true,"jetpack_social_post_already_shared":true,"jetpack_social_options":{"image_generator_settings":{"template":"highway","default_image_id":0,"font":"","enabled":false},"version":2}},"categories":[47],"tags":[],"class_list":["post-3689","post","type-post","status-publish","format-standard","hentry","category-vardagsliv"],"jetpack_publicize_connections":[],"jetpack_featured_media_url":"","jetpack_shortlink":"https:\/\/wp.me\/p3qko4-Xv","jetpack_sharing_enabled":true,"jetpack_likes_enabled":true,"jetpack-related-posts":[{"id":3693,"url":"https:\/\/blogg.fumei.se\/?p=3693","url_meta":{"origin":3689,"position":0},"title":"&#8230;och hur t\u00e4nkte han h\u00e4r?","author":"M :)","date":"2015-06-25","format":false,"excerpt":"Eller \"Problem som uppst\u00e5r n\u00e4r man v\u00e4ljer hantverkare utifr\u00e5n pris\", del 643. Eller n\u00e5t s\u00e5nt. I m\u00e5ndags blev jag ju lite irriterad n\u00e4r jag kom hem, s\u00e5 ig\u00e5r ringde jag \u00e5terigen till fastighetssk\u00f6taren. Fr\u00e5gade vad han egentligen gjorde n\u00e4r han var h\u00e4r p\u00e5 m\u00e5ndagen. Han sa att han tagit med\u2026","rel":"","context":"I \u201dHemmet\u201d","block_context":{"text":"Hemmet","link":"https:\/\/blogg.fumei.se\/?cat=31"},"img":{"alt_text":"","src":"","width":0,"height":0},"classes":[]},{"id":697,"url":"https:\/\/blogg.fumei.se\/?p=697","url_meta":{"origin":3689,"position":1},"title":"Mja&#8230;","author":"M :)","date":"2008-11-04","format":false,"excerpt":"s\u00e5 var denna dag \u00f6ver ocks\u00e5. Det gick bra hos l\u00e4karen. Robin har bra r\u00f6rlighet i benen och f\u00f6tterna och har inga andra problem \u00e4n att han fortfarande inte kan cykla p\u00e5 en vanlig cykel, men det \u00e4r ju en v\u00e4rldslig fr\u00e5ga (som vi ska ta tag i igen till\u2026","rel":"","context":"I \u201dVardagsliv\u201d","block_context":{"text":"Vardagsliv","link":"https:\/\/blogg.fumei.se\/?cat=47"},"img":{"alt_text":"","src":"","width":0,"height":0},"classes":[]},{"id":3013,"url":"https:\/\/blogg.fumei.se\/?p=3013","url_meta":{"origin":3689,"position":2},"title":"Lagom snurrigt","author":"M :)","date":"2013-07-06","format":false,"excerpt":"Jag lovar och sv\u00e4r att n\u00e4sta vecka ska jag knappt g\u00e5 n\u00e5nstans! Har g\u00e5tt flera mil de h\u00e4r dagarna, och har nu s\u00e5 j\u00e4kla ont i f\u00f6tter och benhinnor att jag ibland stapplar fram som en gammal gumma! Bl\u00e4! \u00c5terigen en natt med bara ett par timmars s\u00f6mn, idag somnade\u2026","rel":"","context":"I \u201dVardagsliv\u201d","block_context":{"text":"Vardagsliv","link":"https:\/\/blogg.fumei.se\/?cat=47"},"img":{"alt_text":"","src":"","width":0,"height":0},"classes":[]},{"id":1033,"url":"https:\/\/blogg.fumei.se\/?p=1033","url_meta":{"origin":3689,"position":3},"title":"Tjejsnack vecka 28","author":"M :)","date":"2009-07-09","format":false,"excerpt":"Vill du ocks\u00e5 vara med? Du hittar Tjejsnack h\u00e4r. Barndom 1. Ditt f\u00f6rsta barndomsminne? Mitt f\u00f6rsta riktigt klara minne \u00e4r fr\u00e5n n\u00e4r vi flyttade fr\u00e5n V\u00e4ster\u00e5s till Trollh\u00e4ttan. Jag var 4 1\/2 \u00e5r och minns att jag kom in i det rummet som skulle bli mitt rum i den nya\u2026","rel":"","context":"I \u201dVardagsliv\u201d","block_context":{"text":"Vardagsliv","link":"https:\/\/blogg.fumei.se\/?cat=47"},"img":{"alt_text":"","src":"","width":0,"height":0},"classes":[]},{"id":1734,"url":"https:\/\/blogg.fumei.se\/?p=1734","url_meta":{"origin":3689,"position":4},"title":"(G\u00e5r-)dagens lilla rolighet","author":"M :)","date":"2011-11-12","format":false,"excerpt":"Robin hade best\u00e4llt hamburgare till middag, men eftersom det tog en del b\u00e5de ork och tid att ta mig fram och tillbaka till v\u00e5rdcentralen, s\u00e5 hade jag inte handlat, utan det fick han g\u00f6ra n\u00e4r han kom hem fr\u00e5n skolan. Medan han drog p\u00e5 sig jackan sa han att det\u2026","rel":"","context":"I \u201dVardagsliv\u201d","block_context":{"text":"Vardagsliv","link":"https:\/\/blogg.fumei.se\/?cat=47"},"img":{"alt_text":"","src":"","width":0,"height":0},"classes":[]},{"id":1057,"url":"https:\/\/blogg.fumei.se\/?p=1057","url_meta":{"origin":3689,"position":5},"title":"Ut p\u00e5 \u00e4ventyr, del 1","author":"M :)","date":"2009-08-25","format":false,"excerpt":"Nu vet jag att det \u00e4r flera som \u00e4r ganska nyfikna p\u00e5 hur jag har haft det de senaste dagarna, s\u00e5 jag f\u00e5r v\u00e4l uppdatera er lite grann h\u00e4r d\u00e5. Det blir inga maffiga detaljer om ni tror det, vissa saker vill men dels ha f\u00f6r sig sj\u00e4lv, dels vill\u2026","rel":"","context":"I \u201dVardagsliv\u201d","block_context":{"text":"Vardagsliv","link":"https:\/\/blogg.fumei.se\/?cat=47"},"img":{"alt_text":"","src":"","width":0,"height":0},"classes":[]}],"_links":{"self":[{"href":"https:\/\/blogg.fumei.se\/index.php?rest_route=\/wp\/v2\/posts\/3689","targetHints":{"allow":["GET"]}}],"collection":[{"href":"https:\/\/blogg.fumei.se\/index.php?rest_route=\/wp\/v2\/posts"}],"about":[{"href":"https:\/\/blogg.fumei.se\/index.php?rest_route=\/wp\/v2\/types\/post"}],"author":[{"embeddable":true,"href":"https:\/\/blogg.fumei.se\/index.php?rest_route=\/wp\/v2\/users\/1"}],"replies":[{"embeddable":true,"href":"https:\/\/blogg.fumei.se\/index.php?rest_route=%2Fwp%2Fv2%2Fcomments&post=3689"}],"version-history":[{"count":2,"href":"https:\/\/blogg.fumei.se\/index.php?rest_route=\/wp\/v2\/posts\/3689\/revisions"}],"predecessor-version":[{"id":3692,"href":"https:\/\/blogg.fumei.se\/index.php?rest_route=\/wp\/v2\/posts\/3689\/revisions\/3692"}],"wp:attachment":[{"href":"https:\/\/blogg.fumei.se\/index.php?rest_route=%2Fwp%2Fv2%2Fmedia&parent=3689"}],"wp:term":[{"taxonomy":"category","embeddable":true,"href":"https:\/\/blogg.fumei.se\/index.php?rest_route=%2Fwp%2Fv2%2Fcategories&post=3689"},{"taxonomy":"post_tag","embeddable":true,"href":"https:\/\/blogg.fumei.se\/index.php?rest_route=%2Fwp%2Fv2%2Ftags&post=3689"}],"curies":[{"name":"wp","href":"https:\/\/api.w.org\/{rel}","templated":true}]}}