{"id":3693,"date":"2015-06-25T10:54:36","date_gmt":"2015-06-25T08:54:36","guid":{"rendered":"http:\/\/blogg.fumei.se\/?p=3693"},"modified":"2015-06-25T10:54:36","modified_gmt":"2015-06-25T08:54:36","slug":"och-hur-tankte-han-har","status":"publish","type":"post","link":"https:\/\/blogg.fumei.se\/?p=3693","title":{"rendered":"&#8230;och hur t\u00e4nkte han h\u00e4r?"},"content":{"rendered":"<p>Eller &#8221;Problem som uppst\u00e5r n\u00e4r man v\u00e4ljer hantverkare utifr\u00e5n pris&#8221;, del 643. Eller n\u00e5t s\u00e5nt.<\/p>\n<p><a href=\"https:\/\/blogg.fumei.se\/?p=3689\" target=\"_blank\">I m\u00e5ndags blev jag ju lite irriterad n\u00e4r jag kom hem<\/a>, s\u00e5 ig\u00e5r ringde jag <em>\u00e5terigen<\/em> till fastighetssk\u00f6taren. Fr\u00e5gade vad han egentligen gjorde n\u00e4r han var h\u00e4r p\u00e5 m\u00e5ndagen. Han sa att han tagit med sig det trasiga handtaget och hade k\u00f6pt ett nytt, som han t\u00e4nkte komma tillbaka och s\u00e4tta in p\u00e5 f\u00f6rmiddagen (tisdag, dvs ig\u00e5r). Jag fr\u00e5gade vad han gjort i sovrummen eftersom jag inte sagt n\u00e5got om de f\u00f6nstren. Han hade bara kollat att de gick att \u00f6ppna, s\u00e5 de inte hade fastnat av f\u00e4rgen, f\u00f6r flera hyresg\u00e4ster hade tydligen haft problem med det. Jag talade om att nu h\u00e4nger ju t\u00e4tningslisten trasig p\u00e5 insidan av f\u00f6nstret, han sa att jo men det t\u00e4nkte han fixa samtidigt som han \u00e4nd\u00e5 var d\u00e4r med handtaget.<\/p>\n<p>En kvart senare d\u00f6k han upp. Fixade handtaget och satte in ny list i mitt sovrumsf\u00f6nster. Sen gick han vidare till vardagsrummet. D\u00e4r fick han inte upp v\u00e4dringsf\u00f6nstret. Han slet och drog och b\u00e4nde med b\u00e5de kniv och mejsel, och han tom svor och muttrade \u00f6ver m\u00e5laren. Sed\u00e4rja, sk\u00f6nt att han fick se med egna \u00f6gon hur j\u00e4vla slarvigt m\u00e5larkludden jobbar.<br \/>\nNu var jag ju tvungen att g\u00e5 till jobbet, men n\u00e4r jag gick hade han fortfarande inte f\u00e5tt upp f\u00f6nstret, men hade ist\u00e4llet gett sig p\u00e5 att byta t\u00e4tningslisten i de stora f\u00f6nstren.<\/p>\n<p>N\u00e4r jag kom hem var de stora f\u00f6nstren st\u00e4ngda ordentligt med alla vreden, och draget fr\u00e5n underkanten av f\u00f6nstren var borta. Hade ju varit sk\u00f6nt om jag sluppit det i h\u00f6stas och vintras n\u00e4r det var svinkallt b\u00e5de ute och inne&#8230;<br \/>\nV\u00e4dringsf\u00f6nstret har jag inte v\u00e5gat testa att \u00f6ppna. \u00c4n.<\/p>\n<p>Men att ett bostadsbolag inte har b\u00e4ttre koll p\u00e5 vilka hantverkare de hyr in f\u00f6r att g\u00f6ra olika arbeten, det \u00e4r j\u00e4kligt d\u00e5ligt. Gissar att det mestadels beror p\u00e5 att de flesta hyresg\u00e4sterna h\u00e4r \u00e4r icke-svenskar och kanske inte vet varken hur de ska g\u00f6ra f\u00f6r att klaga p\u00e5 service och arbeten, eller att de inte vet att de har r\u00e4tt att g\u00f6ra det ens. Vi \u00e4r n\u00e5gra svenskspr\u00e5kiga hyresg\u00e4ster, men n\u00e5gra har tr\u00f6ttnat p\u00e5 att klaga f\u00f6r det h\u00e4nder \u00e4nd\u00e5 aldrig n\u00e5got, s\u00e4ger de. Fasen heller, betalar jag hyra ska jag ha den service jag har r\u00e4tt till! S\u00e5 jag forts\u00e4tter klaga tills det blir r\u00e4tt. S\u00e5 f\u00e5r jag v\u00e4l vara den d\u00e4r obekv\u00e4ma hyresg\u00e4sten, d\u00e5&#8230;<\/p>\n","protected":false},"excerpt":{"rendered":"<p>Eller &#8221;Problem som uppst\u00e5r n\u00e4r man v\u00e4ljer hantverkare utifr\u00e5n pris&#8221;, del 643. Eller n\u00e5t s\u00e5nt. I m\u00e5ndags blev jag ju lite irriterad n\u00e4r jag kom hem, s\u00e5 ig\u00e5r ringde jag \u00e5terigen till fastighetssk\u00f6taren. Fr\u00e5gade vad han egentligen gjorde n\u00e4r han var h\u00e4r p\u00e5 m\u00e5ndagen. Han sa att han tagit med sig det trasiga handtaget och&#8230;<\/p>\n","protected":false},"author":1,"featured_media":0,"comment_status":"open","ping_status":"open","sticky":false,"template":"","format":"standard","meta":{"jetpack_post_was_ever_published":false,"_jetpack_newsletter_access":"","_jetpack_dont_email_post_to_subs":false,"_jetpack_newsletter_tier_id":0,"_jetpack_memberships_contains_paywalled_content":false,"_jetpack_memberships_contains_paid_content":false,"footnotes":"","jetpack_publicize_message":"","jetpack_publicize_feature_enabled":true,"jetpack_social_post_already_shared":true,"jetpack_social_options":{"image_generator_settings":{"template":"highway","default_image_id":0,"font":"","enabled":false},"version":2}},"categories":[31],"tags":[366,364,365,367],"class_list":["post-3693","post","type-post","status-publish","format-standard","hentry","category-hemmet","tag-fastighetsskotare","tag-fonster","tag-hantverkare","tag-trottsamt"],"jetpack_publicize_connections":[],"jetpack_featured_media_url":"","jetpack_shortlink":"https:\/\/wp.me\/p3qko4-Xz","jetpack_sharing_enabled":true,"jetpack_likes_enabled":true,"jetpack-related-posts":[{"id":3225,"url":"https:\/\/blogg.fumei.se\/?p=3225","url_meta":{"origin":3693,"position":0},"title":"Stillast\u00e5ende","author":"M :)","date":"2014-02-14","format":false,"excerpt":"Badrumsrenoveringen p\u00e5g\u00e5r fortfarande, fast senaste veckan har det inte h\u00e4nt ett smack. N\u00e4r hantverkarna var h\u00e4r uppt\u00e4ckte de att det bokstavligt talat rann fukt utmed v\u00e4ggarna, s\u00e5 de sa till v\u00e4rden att de inte kunde g\u00f6ra n\u00e5got f\u00f6rr\u00e4n det hade torkat. Han tyckte att de bara skulle k\u00f6ra p\u00e5, men\u2026","rel":"","context":"I \u201dHemmet\u201d","block_context":{"text":"Hemmet","link":"https:\/\/blogg.fumei.se\/?cat=31"},"img":{"alt_text":"2014-02-14 13.17.07","src":"https:\/\/i0.wp.com\/blogg.fumei.se\/wp-content\/uploads\/2014\/02\/2014-02-14-13.17.07.jpg?resize=350%2C200","width":350,"height":200,"srcset":"https:\/\/i0.wp.com\/blogg.fumei.se\/wp-content\/uploads\/2014\/02\/2014-02-14-13.17.07.jpg?resize=350%2C200 1x, https:\/\/i0.wp.com\/blogg.fumei.se\/wp-content\/uploads\/2014\/02\/2014-02-14-13.17.07.jpg?resize=525%2C300 1.5x"},"classes":[]},{"id":3689,"url":"https:\/\/blogg.fumei.se\/?p=3689","url_meta":{"origin":3693,"position":1},"title":"Det \u00e4r inte l\u00e4tt n\u00e4r det \u00e4r sv\u00e5rt&#8230;","author":"M :)","date":"2015-06-24","format":false,"excerpt":"Urs\u00e4kta om jag verkar lite gn\u00e4llig och grinig, men hur j\u00e4vla sv\u00e5rt kan det vara?? Fick en lapp i brevl\u00e5dan om att f\u00f6nstren skulle m\u00e5las i b\u00f6rjan av juni. Sen kom en lapp fr\u00e5n m\u00e5laren med exakt dag. N\u00e4r dagen kom hade jag gjort allt som de bett om, dvs\u2026","rel":"","context":"I \u201dVardagsliv\u201d","block_context":{"text":"Vardagsliv","link":"https:\/\/blogg.fumei.se\/?cat=47"},"img":{"alt_text":"","src":"","width":0,"height":0},"classes":[]},{"id":848,"url":"https:\/\/blogg.fumei.se\/?p=848","url_meta":{"origin":3693,"position":2},"title":"Titta, kom och titta","author":"M :)","date":"2009-02-16","format":false,"excerpt":"Alldeles f\u00f6r en stund sedan ringde fastighetssk\u00f6taren i huset vi ska flytta till. han sa att om vi vill och hinner innan 16.00 s\u00e5 f\u00e5r vi j\u00e4tteg\u00e4rna komma och titta, f\u00f6r de hade t\u00e4nkt b\u00f6rja med taptsering nu s\u00e5 vi kunde f\u00e5 ha lite synpunkter p\u00e5 det, om vi ville.\u2026","rel":"","context":"I \u201dVardagsliv\u201d","block_context":{"text":"Vardagsliv","link":"https:\/\/blogg.fumei.se\/?cat=47"},"img":{"alt_text":"","src":"","width":0,"height":0},"classes":[]},{"id":1659,"url":"https:\/\/blogg.fumei.se\/?p=1659","url_meta":{"origin":3693,"position":3},"title":"Ledig vecka. Typ. N\u00e4stan i alla fall.","author":"M :)","date":"2011-10-26","format":false,"excerpt":"F\u00f6rra veckan och den h\u00e4r blir det inte m\u00e5nga arbetsdagar. Jag har bytt ett par pass med en kollega, s\u00e5 f\u00f6rra veckan jobbade jag tisdag, onsdag och torsdag, och den h\u00e4r veckan jobbar jag tisdag, fredag och l\u00f6rdag. Pappas kommentar var \"n\u00e4r jobbar du egentligen?\". Men det \u00e4r sk\u00f6nt att\u2026","rel":"","context":"I \u201dHemmet\u201d","block_context":{"text":"Hemmet","link":"https:\/\/blogg.fumei.se\/?cat=31"},"img":{"alt_text":"","src":"","width":0,"height":0},"classes":[]},{"id":3236,"url":"https:\/\/blogg.fumei.se\/?p=3236","url_meta":{"origin":3693,"position":4},"title":"Pl\u00f6tsligt h\u00e4nder det!","author":"M :)","date":"2014-03-01","format":false,"excerpt":"Efter 12 \u00e5r som ofrivillig sm\u00e5stadsbo och sen 7 \u00e5r i bostadsk\u00f6, efter otaliga ans\u00f6kningar, brev och telefonsamtal till diverse bostadsbolag och privata hyresv\u00e4rdar blev det \u00e4ntligen min tur! Jag har i ett par \u00e5rs tid varit extra flitig mef att kolla BoPlats G\u00f6teborgs sida. Varje morgon och varje kv\u00e4ll\u2026","rel":"","context":"I \u201dHemmet\u201d","block_context":{"text":"Hemmet","link":"https:\/\/blogg.fumei.se\/?cat=31"},"img":{"alt_text":"","src":"","width":0,"height":0},"classes":[]},{"id":1180,"url":"https:\/\/blogg.fumei.se\/?p=1180","url_meta":{"origin":3693,"position":5},"title":"Slutet \u00e4r n\u00e4ra&#8230;","author":"M :)","date":"2009-11-30","format":false,"excerpt":"Idag \u00e4r det officiellt h\u00f6stens sista dag, och imorgon \u00e4r det 1:a December och den f\u00f6rsta vinterm\u00e5naden b\u00f6rjar. Ska bli intressant att se hur l\u00e4nge v\u00e4dret envist t\u00e4nker h\u00e5lla sig kvar i h\u00f6sten innan vi f\u00e5r sn\u00f6 och riktig vinter.Ig\u00e5r var det f\u00f6rsta Advent. Jag orkade inte blogga ig\u00e5r, f\u00f6r\u2026","rel":"","context":"I \u201dVardagsliv\u201d","block_context":{"text":"Vardagsliv","link":"https:\/\/blogg.fumei.se\/?cat=47"},"img":{"alt_text":"","src":"","width":0,"height":0},"classes":[]}],"_links":{"self":[{"href":"https:\/\/blogg.fumei.se\/index.php?rest_route=\/wp\/v2\/posts\/3693","targetHints":{"allow":["GET"]}}],"collection":[{"href":"https:\/\/blogg.fumei.se\/index.php?rest_route=\/wp\/v2\/posts"}],"about":[{"href":"https:\/\/blogg.fumei.se\/index.php?rest_route=\/wp\/v2\/types\/post"}],"author":[{"embeddable":true,"href":"https:\/\/blogg.fumei.se\/index.php?rest_route=\/wp\/v2\/users\/1"}],"replies":[{"embeddable":true,"href":"https:\/\/blogg.fumei.se\/index.php?rest_route=%2Fwp%2Fv2%2Fcomments&post=3693"}],"version-history":[{"count":1,"href":"https:\/\/blogg.fumei.se\/index.php?rest_route=\/wp\/v2\/posts\/3693\/revisions"}],"predecessor-version":[{"id":3694,"href":"https:\/\/blogg.fumei.se\/index.php?rest_route=\/wp\/v2\/posts\/3693\/revisions\/3694"}],"wp:attachment":[{"href":"https:\/\/blogg.fumei.se\/index.php?rest_route=%2Fwp%2Fv2%2Fmedia&parent=3693"}],"wp:term":[{"taxonomy":"category","embeddable":true,"href":"https:\/\/blogg.fumei.se\/index.php?rest_route=%2Fwp%2Fv2%2Fcategories&post=3693"},{"taxonomy":"post_tag","embeddable":true,"href":"https:\/\/blogg.fumei.se\/index.php?rest_route=%2Fwp%2Fv2%2Ftags&post=3693"}],"curies":[{"name":"wp","href":"https:\/\/api.w.org\/{rel}","templated":true}]}}