{"id":3735,"date":"2015-09-30T11:11:35","date_gmt":"2015-09-30T09:11:35","guid":{"rendered":"http:\/\/blogg.fumei.se\/?p=3735"},"modified":"2015-09-30T11:12:27","modified_gmt":"2015-09-30T09:12:27","slug":"ett-sent-grattis","status":"publish","type":"post","link":"https:\/\/blogg.fumei.se\/?p=3735","title":{"rendered":"Ett sent grattis"},"content":{"rendered":"<p>Eftersom bloggen var ur spel ett tag blev det ingen f\u00f6delsedagsh\u00e4lsning n\u00e4r Frida fyllde ton\u00e5ring. Men b\u00e4ttre sent \u00e4n aldrig, s\u00e5 h\u00e4r kommer den nu ist\u00e4llet!<\/p>\n<h1 style=\"text-align: center;\"><span style=\"color: #008080;\">Grattis<\/span><\/h1>\n<h3 style=\"text-align: center;\"><span style=\"color: #008080;\"> \u00f6nskar <\/span><br \/>\n<span style=\"color: #008080;\">moster<\/span><br \/>\n<span style=\"color: #008080;\">Robin<\/span><br \/>\n<span style=\"color: #008080;\">Nonno och Lis<\/span><br \/>\n<span style=\"color: #008080;\">Fia, Linus och Juliah<\/span><\/h3>\n<p><a href=\"https:\/\/i0.wp.com\/blogg.fumei.se\/wp-content\/uploads\/2015\/09\/Frida13-emeff2015.jpg?ssl=1\"><img data-recalc-dims=\"1\" loading=\"lazy\" decoding=\"async\" data-attachment-id=\"3736\" data-permalink=\"https:\/\/blogg.fumei.se\/?attachment_id=3736\" data-orig-file=\"https:\/\/i0.wp.com\/blogg.fumei.se\/wp-content\/uploads\/2015\/09\/Frida13-emeff2015.jpg?fit=600%2C600&amp;ssl=1\" data-orig-size=\"600,600\" data-comments-opened=\"1\" data-image-meta=\"{&quot;aperture&quot;:&quot;0&quot;,&quot;credit&quot;:&quot;&quot;,&quot;camera&quot;:&quot;&quot;,&quot;caption&quot;:&quot;&quot;,&quot;created_timestamp&quot;:&quot;0&quot;,&quot;copyright&quot;:&quot;&quot;,&quot;focal_length&quot;:&quot;0&quot;,&quot;iso&quot;:&quot;0&quot;,&quot;shutter_speed&quot;:&quot;0&quot;,&quot;title&quot;:&quot;&quot;,&quot;orientation&quot;:&quot;0&quot;}\" data-image-title=\"Frida13-emeff2015\" data-image-description=\"\" data-image-caption=\"\" data-large-file=\"https:\/\/i0.wp.com\/blogg.fumei.se\/wp-content\/uploads\/2015\/09\/Frida13-emeff2015.jpg?fit=600%2C600&amp;ssl=1\" class=\"aligncenter size-full wp-image-3736\" src=\"https:\/\/i0.wp.com\/blogg.fumei.se\/wp-content\/uploads\/2015\/09\/Frida13-emeff2015.jpg?resize=600%2C600&#038;ssl=1\" alt=\"Frida13-emeff2015\" width=\"600\" height=\"600\" srcset=\"https:\/\/i0.wp.com\/blogg.fumei.se\/wp-content\/uploads\/2015\/09\/Frida13-emeff2015.jpg?w=600&amp;ssl=1 600w, https:\/\/i0.wp.com\/blogg.fumei.se\/wp-content\/uploads\/2015\/09\/Frida13-emeff2015.jpg?resize=180%2C180&amp;ssl=1 180w, https:\/\/i0.wp.com\/blogg.fumei.se\/wp-content\/uploads\/2015\/09\/Frida13-emeff2015.jpg?resize=300%2C300&amp;ssl=1 300w, https:\/\/i0.wp.com\/blogg.fumei.se\/wp-content\/uploads\/2015\/09\/Frida13-emeff2015.jpg?resize=210%2C210&amp;ssl=1 210w\" sizes=\"auto, (max-width: 600px) 100vw, 600px\" \/><\/a><\/p>\n","protected":false},"excerpt":{"rendered":"<p>Eftersom bloggen var ur spel ett tag blev det ingen f\u00f6delsedagsh\u00e4lsning n\u00e4r Frida fyllde ton\u00e5ring. Men b\u00e4ttre sent \u00e4n aldrig, s\u00e5 h\u00e4r kommer den nu ist\u00e4llet! Grattis \u00f6nskar moster Robin Nonno och Lis Fia, Linus och Juliah<\/p>\n","protected":false},"author":1,"featured_media":0,"comment_status":"open","ping_status":"open","sticky":false,"template":"","format":"standard","meta":{"jetpack_post_was_ever_published":false,"_jetpack_newsletter_access":"","_jetpack_dont_email_post_to_subs":false,"_jetpack_newsletter_tier_id":0,"_jetpack_memberships_contains_paywalled_content":false,"_jetpack_memberships_contains_paid_content":false,"footnotes":"","jetpack_publicize_message":"","jetpack_publicize_feature_enabled":true,"jetpack_social_post_already_shared":true,"jetpack_social_options":{"image_generator_settings":{"template":"highway","default_image_id":0,"font":"","enabled":false},"version":2}},"categories":[34],"tags":[106,334,298],"class_list":["post-3735","post","type-post","status-publish","format-standard","hentry","category-familjen","tag-fodelsedag","tag-frida","tag-grattis"],"jetpack_publicize_connections":[],"jetpack_featured_media_url":"","jetpack_shortlink":"https:\/\/wp.me\/p3qko4-Yf","jetpack_sharing_enabled":true,"jetpack_likes_enabled":true,"jetpack-related-posts":[{"id":1052,"url":"https:\/\/blogg.fumei.se\/?p=1052","url_meta":{"origin":3735,"position":0},"title":"B\u00e4ttre sent \u00e4n aldrig","author":"M :)","date":"2009-08-27","format":false,"excerpt":"Med en faster moster som \u00e4r ute och fl\u00e4nger och sen g\u00e5r och blir sjuk och som dessutom jobbar alltf\u00f6r mycket som vanligt, s\u00e5 f\u00e5r man ibland v\u00e4nta lite p\u00e5 vissa saker. Men jag hoppas du f\u00f6rl\u00e5ter mig n\u00e4r du f\u00e5r den h\u00e4r, Frida. GRATTIS i efterskott! Jag hoppas du\u2026","rel":"","context":"I \u201dVardagsliv\u201d","block_context":{"text":"Vardagsliv","link":"https:\/\/blogg.fumei.se\/?cat=47"},"img":{"alt_text":"","src":"","width":0,"height":0},"classes":[]},{"id":4658,"url":"https:\/\/blogg.fumei.se\/?p=4658","url_meta":{"origin":3735,"position":1},"title":"Grattis Frida!","author":"M :)","date":"2019-08-23","format":false,"excerpt":"Grattis p\u00e5 f\u00f6delsedagen! \u00f6nskarmostermormor LisFia, Linus, Juliah & AmandusRoberto & IsabellaSilvio, Lovisa & Victor","rel":"","context":"I \u201dVardagsliv\u201d","block_context":{"text":"Vardagsliv","link":"https:\/\/blogg.fumei.se\/?cat=47"},"img":{"alt_text":"","src":"https:\/\/i0.wp.com\/blogg.fumei.se\/wp-content\/uploads\/2019\/08\/Frida17-emeff2019-1.png?resize=350%2C200&ssl=1","width":350,"height":200,"srcset":"https:\/\/i0.wp.com\/blogg.fumei.se\/wp-content\/uploads\/2019\/08\/Frida17-emeff2019-1.png?resize=350%2C200&ssl=1 1x, https:\/\/i0.wp.com\/blogg.fumei.se\/wp-content\/uploads\/2019\/08\/Frida17-emeff2019-1.png?resize=525%2C300&ssl=1 1.5x"},"classes":[]},{"id":4569,"url":"https:\/\/blogg.fumei.se\/?p=4569","url_meta":{"origin":3735,"position":2},"title":"Fira Frida","author":"M :)","date":"2018-08-23","format":false,"excerpt":"F\u00f6delsedag i familjen Andersson, den h\u00e4r g\u00e5ngen \u00e4r det Frida som fyller \u00e5r! Det \u00e4r n\u00e5gra \u00e5r sen hon st\u00e4llde upp p\u00e5 bilder som de h\u00e4r :) GRATTIS! \u00f6nskar moster Robin Fia, Linus &Juliah mormor Lis Roberto & Isabella Silvio, Lovisa & Victor","rel":"","context":"I \u201dFamiljen\u201d","block_context":{"text":"Familjen","link":"https:\/\/blogg.fumei.se\/?cat=34"},"img":{"alt_text":"","src":"https:\/\/i0.wp.com\/blogg.fumei.se\/wp-content\/uploads\/2018\/08\/Frida16-emeff2018.png?resize=350%2C200","width":350,"height":200,"srcset":"https:\/\/i0.wp.com\/blogg.fumei.se\/wp-content\/uploads\/2018\/08\/Frida16-emeff2018.png?resize=350%2C200 1x, https:\/\/i0.wp.com\/blogg.fumei.se\/wp-content\/uploads\/2018\/08\/Frida16-emeff2018.png?resize=525%2C300 1.5x"},"classes":[]},{"id":4507,"url":"https:\/\/blogg.fumei.se\/?p=4507","url_meta":{"origin":3735,"position":3},"title":"Grattis Bella!","author":"M :)","date":"2018-03-13","format":false,"excerpt":"Idag fyller \u00e4ldsta brorsdottern myndig. Vi hurrar och gratulerar f\u00f6r dig idag! GRATTIS \u00f6nskar pappa farmor faster Fia, Linus, Juliah Robin Silvio Lovisa & Victor Ilse & Magnus Frida & Tyra","rel":"","context":"I \u201dFamiljen\u201d","block_context":{"text":"Familjen","link":"https:\/\/blogg.fumei.se\/?cat=34"},"img":{"alt_text":"","src":"https:\/\/i0.wp.com\/blogg.fumei.se\/wp-content\/uploads\/2018\/03\/Bella18-emeff2018.png?resize=350%2C200","width":350,"height":200,"srcset":"https:\/\/i0.wp.com\/blogg.fumei.se\/wp-content\/uploads\/2018\/03\/Bella18-emeff2018.png?resize=350%2C200 1x, https:\/\/i0.wp.com\/blogg.fumei.se\/wp-content\/uploads\/2018\/03\/Bella18-emeff2018.png?resize=525%2C300 1.5x"},"classes":[]},{"id":4626,"url":"https:\/\/blogg.fumei.se\/?p=4626","url_meta":{"origin":3735,"position":4},"title":"Victors dag","author":"M :)","date":"2019-01-17","format":false,"excerpt":"Idag fyller brorsonen 10 \u00e5r! GRATTIS! \u00f6nskarfasterfarmorRobinFia, Linus, Juliah & AmandusRoberto & IsabellaIlse, Magnus, Frida & Tyra","rel":"","context":"I \u201dFamiljen\u201d","block_context":{"text":"Familjen","link":"https:\/\/blogg.fumei.se\/?cat=34"},"img":{"alt_text":"","src":"https:\/\/i0.wp.com\/blogg.fumei.se\/wp-content\/uploads\/2019\/01\/Victor10-emeff2019.png?resize=350%2C200&ssl=1","width":350,"height":200,"srcset":"https:\/\/i0.wp.com\/blogg.fumei.se\/wp-content\/uploads\/2019\/01\/Victor10-emeff2019.png?resize=350%2C200&ssl=1 1x, https:\/\/i0.wp.com\/blogg.fumei.se\/wp-content\/uploads\/2019\/01\/Victor10-emeff2019.png?resize=525%2C300&ssl=1 1.5x"},"classes":[]},{"id":4519,"url":"https:\/\/blogg.fumei.se\/?p=4519","url_meta":{"origin":3735,"position":5},"title":"Grattis lilla mamma!","author":"M :)","date":"2018-04-15","format":false,"excerpt":"Idag hurrar vi f\u00f6r v\u00e4rldens b\u00e4sta mamma som fyller 81 \u00e5r! GRATTIS! \u00f6nskar Marcella Sophia, Linus & Juliah Robin Roberto & Isabella Silvio Lovisa & Victor Ilse Magnus, Frida & Tyra Vi s\u00e4nder ocks\u00e5 en tanke till pappsen som firar n\u00e5gon annanstans\u00a0\u2764","rel":"","context":"I \u201dFamiljen\u201d","block_context":{"text":"Familjen","link":"https:\/\/blogg.fumei.se\/?cat=34"},"img":{"alt_text":"","src":"https:\/\/i0.wp.com\/blogg.fumei.se\/wp-content\/uploads\/2018\/04\/mamma81blog-emeff2018.png?resize=350%2C200","width":350,"height":200,"srcset":"https:\/\/i0.wp.com\/blogg.fumei.se\/wp-content\/uploads\/2018\/04\/mamma81blog-emeff2018.png?resize=350%2C200 1x, https:\/\/i0.wp.com\/blogg.fumei.se\/wp-content\/uploads\/2018\/04\/mamma81blog-emeff2018.png?resize=525%2C300 1.5x"},"classes":[]}],"_links":{"self":[{"href":"https:\/\/blogg.fumei.se\/index.php?rest_route=\/wp\/v2\/posts\/3735","targetHints":{"allow":["GET"]}}],"collection":[{"href":"https:\/\/blogg.fumei.se\/index.php?rest_route=\/wp\/v2\/posts"}],"about":[{"href":"https:\/\/blogg.fumei.se\/index.php?rest_route=\/wp\/v2\/types\/post"}],"author":[{"embeddable":true,"href":"https:\/\/blogg.fumei.se\/index.php?rest_route=\/wp\/v2\/users\/1"}],"replies":[{"embeddable":true,"href":"https:\/\/blogg.fumei.se\/index.php?rest_route=%2Fwp%2Fv2%2Fcomments&post=3735"}],"version-history":[{"count":4,"href":"https:\/\/blogg.fumei.se\/index.php?rest_route=\/wp\/v2\/posts\/3735\/revisions"}],"predecessor-version":[{"id":3740,"href":"https:\/\/blogg.fumei.se\/index.php?rest_route=\/wp\/v2\/posts\/3735\/revisions\/3740"}],"wp:attachment":[{"href":"https:\/\/blogg.fumei.se\/index.php?rest_route=%2Fwp%2Fv2%2Fmedia&parent=3735"}],"wp:term":[{"taxonomy":"category","embeddable":true,"href":"https:\/\/blogg.fumei.se\/index.php?rest_route=%2Fwp%2Fv2%2Fcategories&post=3735"},{"taxonomy":"post_tag","embeddable":true,"href":"https:\/\/blogg.fumei.se\/index.php?rest_route=%2Fwp%2Fv2%2Ftags&post=3735"}],"curies":[{"name":"wp","href":"https:\/\/api.w.org\/{rel}","templated":true}]}}