{"id":3765,"date":"2015-11-16T09:52:26","date_gmt":"2015-11-16T08:52:26","guid":{"rendered":"http:\/\/blogg.fumei.se\/?p=3765"},"modified":"2015-11-16T09:52:26","modified_gmt":"2015-11-16T08:52:26","slug":"just-ja-holl-pa-att-glomma","status":"publish","type":"post","link":"https:\/\/blogg.fumei.se\/?p=3765","title":{"rendered":"Just ja, h\u00f6ll p\u00e5 att gl\u00f6mma&#8230;"},"content":{"rendered":"<p>Jag gjorde det igen&#8230;<\/p>\n<p><a href=\"https:\/\/i0.wp.com\/blogg.fumei.se\/wp-content\/uploads\/2015\/11\/vvmblogg.jpg?ssl=1\"><img data-recalc-dims=\"1\" loading=\"lazy\" decoding=\"async\" data-attachment-id=\"3766\" data-permalink=\"https:\/\/blogg.fumei.se\/?attachment_id=3766\" data-orig-file=\"https:\/\/i0.wp.com\/blogg.fumei.se\/wp-content\/uploads\/2015\/11\/vvmblogg.jpg?fit=540%2C360&amp;ssl=1\" data-orig-size=\"540,360\" data-comments-opened=\"1\" data-image-meta=\"{&quot;aperture&quot;:&quot;0&quot;,&quot;credit&quot;:&quot;&quot;,&quot;camera&quot;:&quot;&quot;,&quot;caption&quot;:&quot;&quot;,&quot;created_timestamp&quot;:&quot;0&quot;,&quot;copyright&quot;:&quot;&quot;,&quot;focal_length&quot;:&quot;0&quot;,&quot;iso&quot;:&quot;0&quot;,&quot;shutter_speed&quot;:&quot;0&quot;,&quot;title&quot;:&quot;&quot;,&quot;orientation&quot;:&quot;0&quot;}\" data-image-title=\"vvmblogg\" data-image-description=\"\" data-image-caption=\"\" data-large-file=\"https:\/\/i0.wp.com\/blogg.fumei.se\/wp-content\/uploads\/2015\/11\/vvmblogg.jpg?fit=540%2C360&amp;ssl=1\" class=\"aligncenter size-full wp-image-3766\" src=\"https:\/\/i0.wp.com\/blogg.fumei.se\/wp-content\/uploads\/2015\/11\/vvmblogg.jpg?resize=540%2C360&#038;ssl=1\" alt=\"vvmblogg\" width=\"540\" height=\"360\" srcset=\"https:\/\/i0.wp.com\/blogg.fumei.se\/wp-content\/uploads\/2015\/11\/vvmblogg.jpg?w=540&amp;ssl=1 540w, https:\/\/i0.wp.com\/blogg.fumei.se\/wp-content\/uploads\/2015\/11\/vvmblogg.jpg?resize=300%2C200&amp;ssl=1 300w\" sizes=\"auto, (max-width: 540px) 100vw, 540px\" \/><\/a><\/p>\n<p>St\u00e4llde upp i Vem Vet Mest, allts\u00e5. Denna g\u00e5ngen i Revanschveckan. \u00c4nnu en heldag med galet vetgiriga och duktiga m\u00e4nniskor och det h\u00e4rliga VVM-teamet p\u00e5 SVT G\u00f6teborg!<\/p>\n<p>S\u00e4ndningsdatum 9 Februari. Och ni f\u00e5r helt enkelt h\u00e5lla er tills dess. \u00a0Lite ledsamt att jag inte f\u00e5r vara med fler g\u00e5nger, dock. Och det \u00e4r <strong><em>inte<\/em> <\/strong>en spoiler! Reglerna s\u00e4ger n\u00e4mligen att om man vunnit en fredagsfinal <em>eller<\/em> deltagit i revanschveckan s\u00e5 har man gjort slut p\u00e5 sina chanser att st\u00e4lla upp igen. S\u00e5 \u00e4r det, tyv\u00e4rr.<\/p>\n<p>Men det finns ju andra t\u00e4vlingsprogram&#8230;<\/p>\n","protected":false},"excerpt":{"rendered":"<p>Jag gjorde det igen&#8230; St\u00e4llde upp i Vem Vet Mest, allts\u00e5. Denna g\u00e5ngen i Revanschveckan. \u00c4nnu en heldag med galet vetgiriga och duktiga m\u00e4nniskor och det h\u00e4rliga VVM-teamet p\u00e5 SVT G\u00f6teborg! S\u00e4ndningsdatum 9 Februari. Och ni f\u00e5r helt enkelt h\u00e5lla er tills dess. \u00a0Lite ledsamt att jag inte f\u00e5r vara med fler g\u00e5nger, dock. Och&#8230;<\/p>\n","protected":false},"author":1,"featured_media":0,"comment_status":"open","ping_status":"open","sticky":false,"template":"","format":"standard","meta":{"jetpack_post_was_ever_published":false,"_jetpack_newsletter_access":"","_jetpack_dont_email_post_to_subs":false,"_jetpack_newsletter_tier_id":0,"_jetpack_memberships_contains_paywalled_content":false,"_jetpack_memberships_contains_paid_content":false,"footnotes":"","jetpack_publicize_message":"","jetpack_publicize_feature_enabled":true,"jetpack_social_post_already_shared":true,"jetpack_social_options":{"image_generator_settings":{"template":"highway","default_image_id":0,"font":"","enabled":false},"version":2}},"categories":[47],"tags":[],"class_list":["post-3765","post","type-post","status-publish","format-standard","hentry","category-vardagsliv"],"jetpack_publicize_connections":[],"jetpack_featured_media_url":"","jetpack_shortlink":"https:\/\/wp.me\/p3qko4-YJ","jetpack_sharing_enabled":true,"jetpack_likes_enabled":true,"jetpack-related-posts":[{"id":1725,"url":"https:\/\/blogg.fumei.se\/?p=1725","url_meta":{"origin":3765,"position":0},"title":"Livstecken","author":"M :)","date":"2011-11-11","format":false,"excerpt":"Mina n\u00e4ra och k\u00e4ra (och n\u00e5gra till) vet att J bara fick tillf\u00e4lligt uppeh\u00e5llstillst\u00e5nd n\u00e4r han flyttade hit. Den 16 Juni i \u00e5r var sista dagen p\u00e5 det tillst\u00e5ndet, s\u00e5 i b\u00f6rjan av Maj skickade han in ans\u00f6kan om f\u00f6rl\u00e4ngning av uppeh\u00e5llstillst\u00e5nd till migrationsverket. Enligt dem kan det ta upp\u2026","rel":"","context":"I \u201dFamiljen\u201d","block_context":{"text":"Familjen","link":"https:\/\/blogg.fumei.se\/?cat=34"},"img":{"alt_text":"","src":"https:\/\/i0.wp.com\/blogg.fumei.se\/wp-content\/uploads\/2011\/11\/kallelesintervju-650x473.jpg?resize=350%2C200","width":350,"height":200,"srcset":"https:\/\/i0.wp.com\/blogg.fumei.se\/wp-content\/uploads\/2011\/11\/kallelesintervju-650x473.jpg?resize=350%2C200 1x, https:\/\/i0.wp.com\/blogg.fumei.se\/wp-content\/uploads\/2011\/11\/kallelesintervju-650x473.jpg?resize=525%2C300 1.5x"},"classes":[]},{"id":1145,"url":"https:\/\/blogg.fumei.se\/?p=1145","url_meta":{"origin":3765,"position":1},"title":"Travel and change of place impart new vigor to the mind","author":"M :)","date":"2009-10-19","format":false,"excerpt":"Sagt av Seneca\u00a0n\u00e5gon g\u00e5ng mellan \u00e5r 4 fKr och \u00e5r 65 eKr. Men det var inte honom jag skulle skriva om, det bara k\u00e4ndes s\u00e5 passande med ett citat om resor och resande h\u00e4r.Jag ska ju n\u00e4mligen ut och resa. Igen. Fast inte s\u00e5 l\u00e5ngt den h\u00e4r g\u00e5ngen. Heller. Jag\u2026","rel":"","context":"I \u201dVardagsliv\u201d","block_context":{"text":"Vardagsliv","link":"https:\/\/blogg.fumei.se\/?cat=47"},"img":{"alt_text":"","src":"","width":0,"height":0},"classes":[]},{"id":1186,"url":"https:\/\/blogg.fumei.se\/?p=1186","url_meta":{"origin":3765,"position":2},"title":"Blah","author":"M :)","date":"2009-11-24","format":false,"excerpt":"Rubriks\u00e4ttaren \u00e4r p\u00e5 semester i Maldiverna s\u00e5 jag f\u00e5r s\u00e4tta egna rubriker och det g\u00e5r s\u00e5d\u00e4r, som ni kan se...Dags f\u00f6r en flera dagars uppdatering igen, ser jag. Tja, helgen var lugn, jag jobbade l\u00f6rdag kv\u00e4ll, och det var inte s\u00e5 mycket att g\u00f6ra, vi var dessutom gott om personal\u2026","rel":"","context":"I \u201dVardagsliv\u201d","block_context":{"text":"Vardagsliv","link":"https:\/\/blogg.fumei.se\/?cat=47"},"img":{"alt_text":"","src":"","width":0,"height":0},"classes":[]},{"id":957,"url":"https:\/\/blogg.fumei.se\/?p=957","url_meta":{"origin":3765,"position":3},"title":"Shoppingrunda","author":"M :)","date":"2009-05-05","format":false,"excerpt":"Jag for iv\u00e4g till G\u00f6teborg. Inget ovanligt i och f\u00f6r sig, men den h\u00e4r g\u00e5ngen skulle jag inte jobba, jag skulle k\u00f6pa skor. I Gbg ligger n\u00e4mligen, inte n\u00e4rmaste, men dock mest l\u00e4tt\u00e5tkomliga (f\u00f6r min del) Sko-Punkten.Och eftersom vi beh\u00f6vde nya skor alla tre i familjen, s\u00e5 var det inte\u2026","rel":"","context":"I \u201dVardagsliv\u201d","block_context":{"text":"Vardagsliv","link":"https:\/\/blogg.fumei.se\/?cat=47"},"img":{"alt_text":"","src":"","width":0,"height":0},"classes":[]},{"id":6884,"url":"https:\/\/blogg.fumei.se\/?p=6884","url_meta":{"origin":3765,"position":4},"title":"Planering p\u00e5g\u00e5r","author":"M :)","date":"2024-03-16","format":false,"excerpt":"Vi ska ut och resa igen. Den h\u00e4r g\u00e5ngen g\u00e5r f\u00e4rden till New York. Jag har inte varit d\u00e4r, men Mikael har varit d\u00e4r en g\u00e5ng f\u00f6r 9 \u00e5r sedan.S\u00e5 nu har vi bokat flygresa och hotell, och s\u00e5 ska vi f\u00f6rs\u00f6ka hitta aktiviteter som vi b\u00e5da vill g\u00f6ra n\u00e4r\u2026","rel":"","context":"I \u201dFamiljen\u201d","block_context":{"text":"Familjen","link":"https:\/\/blogg.fumei.se\/?cat=34"},"img":{"alt_text":"","src":"","width":0,"height":0},"classes":[]},{"id":2089,"url":"https:\/\/blogg.fumei.se\/?p=2089","url_meta":{"origin":3765,"position":5},"title":"Man kanske borde ge sig p\u00e5 en liten uppdatering","author":"M :)","date":"2012-02-15","format":false,"excerpt":"Inte f\u00f6r att det finns s\u00e5 mycket att skriva om. Eller? Det som h\u00e4nt senaste tiden \u00e4r att jag och Fia \u00e4r sams igen, vi har k\u00f6pt en nya soffa och vi planerar semestern. Br\u00e5ket orkar jag helt enkelt inte skriva n\u00e5got om, det r\u00e4cker gott att vi \u00e4r sams\u2026","rel":"","context":"I \u201dHemmet\u201d","block_context":{"text":"Hemmet","link":"https:\/\/blogg.fumei.se\/?cat=31"},"img":{"alt_text":"","src":"https:\/\/i0.wp.com\/blogg.fumei.se\/wp-content\/uploads\/2012\/02\/2012-02-15-12.57.18-300x225.jpg?resize=350%2C200","width":350,"height":200},"classes":[]}],"_links":{"self":[{"href":"https:\/\/blogg.fumei.se\/index.php?rest_route=\/wp\/v2\/posts\/3765","targetHints":{"allow":["GET"]}}],"collection":[{"href":"https:\/\/blogg.fumei.se\/index.php?rest_route=\/wp\/v2\/posts"}],"about":[{"href":"https:\/\/blogg.fumei.se\/index.php?rest_route=\/wp\/v2\/types\/post"}],"author":[{"embeddable":true,"href":"https:\/\/blogg.fumei.se\/index.php?rest_route=\/wp\/v2\/users\/1"}],"replies":[{"embeddable":true,"href":"https:\/\/blogg.fumei.se\/index.php?rest_route=%2Fwp%2Fv2%2Fcomments&post=3765"}],"version-history":[{"count":1,"href":"https:\/\/blogg.fumei.se\/index.php?rest_route=\/wp\/v2\/posts\/3765\/revisions"}],"predecessor-version":[{"id":3767,"href":"https:\/\/blogg.fumei.se\/index.php?rest_route=\/wp\/v2\/posts\/3765\/revisions\/3767"}],"wp:attachment":[{"href":"https:\/\/blogg.fumei.se\/index.php?rest_route=%2Fwp%2Fv2%2Fmedia&parent=3765"}],"wp:term":[{"taxonomy":"category","embeddable":true,"href":"https:\/\/blogg.fumei.se\/index.php?rest_route=%2Fwp%2Fv2%2Fcategories&post=3765"},{"taxonomy":"post_tag","embeddable":true,"href":"https:\/\/blogg.fumei.se\/index.php?rest_route=%2Fwp%2Fv2%2Ftags&post=3765"}],"curies":[{"name":"wp","href":"https:\/\/api.w.org\/{rel}","templated":true}]}}