{"id":38,"date":"2011-05-29T21:22:00","date_gmt":"2011-05-29T21:22:00","guid":{"rendered":"\/Blogg\/post\/Happy-Mothers-Day.aspx"},"modified":"2011-08-28T11:18:49","modified_gmt":"2011-08-28T09:18:49","slug":"happy-mothers-day","status":"publish","type":"post","link":"https:\/\/blogg.fumei.se\/?p=38","title":{"rendered":"Happy Mothers Day"},"content":{"rendered":"<p>Idag\u00a0best\u00e4mde jag mig f\u00f6r att\u00a0J skulle f\u00e5 dansa efter min pipa idag eftersom det \u00e4r Mors Dag. Det l\u00e5ter mycket v\u00e4rre \u00e4n det var, f\u00f6r det enda jag ville var en heldag med att g\u00e5 i aff\u00e4rer och kanske tom handla n\u00e5got litet till mig sj\u00e4lv. Det h\u00e4nder tamigfasiken inte ofta, det!\u00a0Nu gillar ju han ocks\u00e5 att g\u00e5 i aff\u00e4rer och kika emellan\u00e5t, s\u00e5 han var med p\u00e5 noterna.<br \/>\nVi skulle \u00e4nd\u00e5 storhandla mat, s\u00e5 vi l\u00e5nade bilen av far (han f\u00e5r inte k\u00f6ra p\u00e5 minst tv\u00e5 m\u00e5nader \u00e4nd\u00e5, eftersom han fick en (liten) stroke f\u00f6rra veckan) och styrde kosan mot Trollh\u00e4ttan och \u00d6verby K\u00f6pcenter.\u00a0<\/p>\n<p>Nya kl\u00e4der till mig, man och sonen (dottern f\u00e5r en peng ist\u00e4llet s\u00e5 slipper jag gn\u00e4ll om fel val) och <strong><a href=\"http:\/\/www.samsung.com\/se\/consumer\/mobile\/mobilephones\/mobilephones\/GT-I5500YKAXEE\/index.idx?pagetype=prd_detail\" target=\"_blank\">[en ny leksak till mig]<\/a><\/strong>. Storhandlat och fyllt frys och kyl gjorde vi ocks\u00e5, och sen kalasade vi p\u00e5 MorsDags-t\u00e5rta hos f\u00f6r\u00e4ldrarna. Modern fick en tjusig tunika som hon gillade skarpt. Jag \u00e4r en sn\u00e4ll dotter, jag \ud83d\ude09<\/p>\n<p>Nu \u00e4r det strax l\u00e4ggdags och imorgon \u00e4r det omorganisering och h\u00e5rt arbete som g\u00e4ller.<\/p>\n<div data-carousel-extra='{&quot;blog_id&quot;:1,&quot;permalink&quot;:&quot;https:\/\/blogg.fumei.se\/?p=38&quot;}' id='gallery-1' class='gallery galleryid-38 gallery-columns-2 gallery-size-thumbnail'><figure class='gallery-item'>\n\t\t\t<div class='gallery-icon portrait'>\n\t\t\t\t<a href=\"https:\/\/i0.wp.com\/blogg.fumei.se\/wp-content\/uploads\/2011\/05\/blus.jpg?ssl=1\"><img loading=\"lazy\" decoding=\"async\" width=\"150\" height=\"150\" src=\"https:\/\/i0.wp.com\/blogg.fumei.se\/wp-content\/uploads\/2011\/05\/blus.jpg?resize=150%2C150&amp;ssl=1\" class=\"attachment-thumbnail size-thumbnail\" alt=\"\" srcset=\"https:\/\/i0.wp.com\/blogg.fumei.se\/wp-content\/uploads\/2011\/05\/blus.jpg?resize=150%2C150&amp;ssl=1 150w, https:\/\/i0.wp.com\/blogg.fumei.se\/wp-content\/uploads\/2011\/05\/blus.jpg?zoom=2&amp;resize=150%2C150&amp;ssl=1 300w\" sizes=\"auto, (max-width: 150px) 100vw, 150px\" data-attachment-id=\"1252\" data-permalink=\"https:\/\/blogg.fumei.se\/?attachment_id=1252\" data-orig-file=\"https:\/\/i0.wp.com\/blogg.fumei.se\/wp-content\/uploads\/2011\/05\/blus.jpg?fit=400%2C534&amp;ssl=1\" data-orig-size=\"400,534\" data-comments-opened=\"1\" data-image-meta=\"{&quot;aperture&quot;:&quot;0&quot;,&quot;credit&quot;:&quot;&quot;,&quot;camera&quot;:&quot;&quot;,&quot;caption&quot;:&quot;&quot;,&quot;created_timestamp&quot;:&quot;0&quot;,&quot;copyright&quot;:&quot;&quot;,&quot;focal_length&quot;:&quot;0&quot;,&quot;iso&quot;:&quot;0&quot;,&quot;shutter_speed&quot;:&quot;0&quot;,&quot;title&quot;:&quot;&quot;}\" data-image-title=\"blus\" data-image-description=\"\" data-image-caption=\"\" data-large-file=\"https:\/\/i0.wp.com\/blogg.fumei.se\/wp-content\/uploads\/2011\/05\/blus.jpg?fit=400%2C534&amp;ssl=1\" \/><\/a>\n\t\t\t<\/div><\/figure><figure class='gallery-item'>\n\t\t\t<div class='gallery-icon landscape'>\n\t\t\t\t<a href=\"https:\/\/i0.wp.com\/blogg.fumei.se\/wp-content\/uploads\/2011\/05\/morsdagt%C3%A5rta.jpg?ssl=1\"><img loading=\"lazy\" decoding=\"async\" width=\"150\" height=\"150\" src=\"https:\/\/i0.wp.com\/blogg.fumei.se\/wp-content\/uploads\/2011\/05\/morsdagt%C3%A5rta.jpg?resize=150%2C150&amp;ssl=1\" class=\"attachment-thumbnail size-thumbnail\" alt=\"\" data-attachment-id=\"1253\" data-permalink=\"https:\/\/blogg.fumei.se\/?attachment_id=1253\" data-orig-file=\"https:\/\/i0.wp.com\/blogg.fumei.se\/wp-content\/uploads\/2011\/05\/morsdagt%C3%A5rta.jpg?fit=600%2C450&amp;ssl=1\" data-orig-size=\"600,450\" data-comments-opened=\"1\" data-image-meta=\"{&quot;aperture&quot;:&quot;0&quot;,&quot;credit&quot;:&quot;&quot;,&quot;camera&quot;:&quot;&quot;,&quot;caption&quot;:&quot;&quot;,&quot;created_timestamp&quot;:&quot;0&quot;,&quot;copyright&quot;:&quot;&quot;,&quot;focal_length&quot;:&quot;0&quot;,&quot;iso&quot;:&quot;0&quot;,&quot;shutter_speed&quot;:&quot;0&quot;,&quot;title&quot;:&quot;&quot;}\" data-image-title=\"morsdagt\u00e5rta\" data-image-description=\"\" data-image-caption=\"\" data-large-file=\"https:\/\/i0.wp.com\/blogg.fumei.se\/wp-content\/uploads\/2011\/05\/morsdagt%C3%A5rta.jpg?fit=600%2C450&amp;ssl=1\" \/><\/a>\n\t\t\t<\/div><\/figure>\n\t\t<\/div>\n\n","protected":false},"excerpt":{"rendered":"<p>Idag\u00a0best\u00e4mde jag mig f\u00f6r att\u00a0J skulle f\u00e5 dansa efter min pipa idag eftersom det \u00e4r Mors Dag. Det l\u00e5ter mycket v\u00e4rre \u00e4n det var, f\u00f6r det enda jag ville var en heldag med att g\u00e5 i aff\u00e4rer och kanske tom handla n\u00e5got litet till mig sj\u00e4lv. Det h\u00e4nder tamigfasiken inte ofta, det!\u00a0Nu gillar ju han&#8230;<\/p>\n","protected":false},"author":1,"featured_media":0,"comment_status":"open","ping_status":"open","sticky":false,"template":"","format":"standard","meta":{"jetpack_post_was_ever_published":false,"_jetpack_newsletter_access":"","_jetpack_dont_email_post_to_subs":false,"_jetpack_newsletter_tier_id":0,"_jetpack_memberships_contains_paywalled_content":false,"_jetpack_memberships_contains_paid_content":false,"footnotes":"","jetpack_publicize_message":"","jetpack_publicize_feature_enabled":true,"jetpack_social_post_already_shared":false,"jetpack_social_options":{"image_generator_settings":{"template":"highway","default_image_id":0,"font":"","enabled":false},"version":2}},"categories":[47],"tags":[],"class_list":["post-38","post","type-post","status-publish","format-standard","hentry","category-vardagsliv"],"jetpack_publicize_connections":[],"jetpack_featured_media_url":"","jetpack_shortlink":"https:\/\/wp.me\/p3qko4-C","jetpack_sharing_enabled":true,"jetpack_likes_enabled":true,"jetpack-related-posts":[{"id":246,"url":"https:\/\/blogg.fumei.se\/?p=246","url_meta":{"origin":38,"position":0},"title":"Nj\u00e4e&#8230;","author":"M :)","date":"2010-04-29","format":false,"excerpt":"Det d\u00e4r med att g\u00e5 p\u00e5 pulverdiet \u00e4r nog inte riktigt min grej. F\u00f6r det f\u00f6rsta var jag hungrig hela tiden mellan \"m\u00e5len\", trots att jag hinkade vatten och kaffe, f\u00f6r det andra blev jag alldeles vimsig och k\u00e4nde mig - inte yr, men n\u00e4rap\u00e5 i alla fall (f\u00f6rmodligen p\u00e5\u2026","rel":"","context":"I \u201dVardagsliv\u201d","block_context":{"text":"Vardagsliv","link":"https:\/\/blogg.fumei.se\/?cat=47"},"img":{"alt_text":"","src":"","width":0,"height":0},"classes":[]},{"id":310,"url":"https:\/\/blogg.fumei.se\/?p=310","url_meta":{"origin":38,"position":1},"title":"M\u00e5ndag. Igen.","author":"M :)","date":"2010-02-01","format":false,"excerpt":"Var p\u00e5 vippen att skriva \"hur m\u00e5nga m\u00e5ndagar finns det egentligen?\", men kom p\u00e5 att det kunde nog uppfattas lite blont haha. Men ibland k\u00e4nns det som om det nyss var b\u00f6rjan p\u00e5 veckan, och s\u00e5 \u00e4r det pl\u00f6tsligt det igen! Jag \u00e4r i alla fall ledig idag, och har\u2026","rel":"","context":"I \u201dVardagsliv\u201d","block_context":{"text":"Vardagsliv","link":"https:\/\/blogg.fumei.se\/?cat=47"},"img":{"alt_text":"","src":"","width":0,"height":0},"classes":[]},{"id":970,"url":"https:\/\/blogg.fumei.se\/?p=970","url_meta":{"origin":38,"position":2},"title":"*pustar*","author":"M :)","date":"2009-06-27","format":false,"excerpt":"Djisus vad h\u00e4rligt det \u00e4r att det \u00e4r s\u00e5 varmt och sk\u00f6nt och somrigt! Det enda som \u00e4r lite jobbigt \u00e4r n\u00e4r man m\u00e5ste g\u00f6ra anstr\u00e4ngande saker, som att k\u00e5nka sina saker till stationen, eller storhandla...det blir fort svettigt d\u00e5.Idag var sista dagen p\u00e5 mitt f\u00f6rsta bes\u00f6k i V\u00e4xj\u00f6. Vi\u2026","rel":"","context":"I \u201dVardagsliv\u201d","block_context":{"text":"Vardagsliv","link":"https:\/\/blogg.fumei.se\/?cat=47"},"img":{"alt_text":"","src":"","width":0,"height":0},"classes":[]},{"id":1795,"url":"https:\/\/blogg.fumei.se\/?p=1795","url_meta":{"origin":38,"position":3},"title":"1:a Advent 2011","author":"M :)","date":"2011-11-27","format":false,"excerpt":"Herregud vilken trist rubrik, men jag har verkligen ingen fantasi f\u00f6r det just nu! \u00c4r hur tr\u00f6tt som helst, och har fortfarande inte str\u00e4ckt ut kroppen ordentligt efter att vi satt i bilen i flera timmar ig\u00e5r. Det var ju dags f\u00f6r operation l\u00e4mna-bilen-i-V\u00e4xj\u00f6, s\u00e5 J och jag k\u00f6rde ner\u2026","rel":"","context":"I \u201dVardagsliv\u201d","block_context":{"text":"Vardagsliv","link":"https:\/\/blogg.fumei.se\/?cat=47"},"img":{"alt_text":"","src":"https:\/\/i0.wp.com\/blogg.fumei.se\/wp-content\/uploads\/2011\/11\/2011-11-26-15.54.29-300x225.jpg?resize=350%2C200","width":350,"height":200},"classes":[]},{"id":2386,"url":"https:\/\/blogg.fumei.se\/?p=2386","url_meta":{"origin":38,"position":4},"title":"H\u00e4nt i veckan","author":"M :)","date":"2012-05-27","format":false,"excerpt":"Eller ja. Det blir nog mer \u00e4n i veckan, men ni fattar. Jag har jobbat. Kors i taket, det g\u00f6r jag ju s\u00e5 s\u00e4llan. Inte. Ibland k\u00e4nns det som att jag \u00e4r mer p\u00e5 jobbet \u00e4n hemma. Inte blir det b\u00e4ttre nu under sommaren heller, f\u00f6r d\u00e5 m\u00e5ste vi som\u2026","rel":"","context":"I \u201dVardagsliv\u201d","block_context":{"text":"Vardagsliv","link":"https:\/\/blogg.fumei.se\/?cat=47"},"img":{"alt_text":"","src":"","width":0,"height":0},"classes":[]},{"id":1091,"url":"https:\/\/blogg.fumei.se\/?p=1091","url_meta":{"origin":38,"position":5},"title":"Blandad konfekt","author":"M :)","date":"2009-09-27","format":false,"excerpt":"t\u00e4nkte v\u00e4l mest uppdatera vad jag har gjort sen jag skrev h\u00e4r sist. Vilket var i fredags torsdags (vilken koll jag har...).Det blev ingen bokm\u00e4ssa. Jag sov j\u00e4tted\u00e5ligt p\u00e5 natten s\u00e5 jag orkade helt enkelt inte pallra mig upp och iv\u00e4g. Men det g\u00f6r inget, f\u00f6r sen kom jag p\u00e5\u2026","rel":"","context":"I \u201dVardagsliv\u201d","block_context":{"text":"Vardagsliv","link":"https:\/\/blogg.fumei.se\/?cat=47"},"img":{"alt_text":"","src":"","width":0,"height":0},"classes":[]}],"_links":{"self":[{"href":"https:\/\/blogg.fumei.se\/index.php?rest_route=\/wp\/v2\/posts\/38","targetHints":{"allow":["GET"]}}],"collection":[{"href":"https:\/\/blogg.fumei.se\/index.php?rest_route=\/wp\/v2\/posts"}],"about":[{"href":"https:\/\/blogg.fumei.se\/index.php?rest_route=\/wp\/v2\/types\/post"}],"author":[{"embeddable":true,"href":"https:\/\/blogg.fumei.se\/index.php?rest_route=\/wp\/v2\/users\/1"}],"replies":[{"embeddable":true,"href":"https:\/\/blogg.fumei.se\/index.php?rest_route=%2Fwp%2Fv2%2Fcomments&post=38"}],"version-history":[{"count":1,"href":"https:\/\/blogg.fumei.se\/index.php?rest_route=\/wp\/v2\/posts\/38\/revisions"}],"predecessor-version":[{"id":1254,"href":"https:\/\/blogg.fumei.se\/index.php?rest_route=\/wp\/v2\/posts\/38\/revisions\/1254"}],"wp:attachment":[{"href":"https:\/\/blogg.fumei.se\/index.php?rest_route=%2Fwp%2Fv2%2Fmedia&parent=38"}],"wp:term":[{"taxonomy":"category","embeddable":true,"href":"https:\/\/blogg.fumei.se\/index.php?rest_route=%2Fwp%2Fv2%2Fcategories&post=38"},{"taxonomy":"post_tag","embeddable":true,"href":"https:\/\/blogg.fumei.se\/index.php?rest_route=%2Fwp%2Fv2%2Ftags&post=38"}],"curies":[{"name":"wp","href":"https:\/\/api.w.org\/{rel}","templated":true}]}}