{"id":3804,"date":"2016-01-09T14:16:49","date_gmt":"2016-01-09T13:16:49","guid":{"rendered":"http:\/\/blogg.fumei.se\/?p=3804"},"modified":"2016-01-09T14:16:49","modified_gmt":"2016-01-09T13:16:49","slug":"arets-forsta-fodelsedag","status":"publish","type":"post","link":"https:\/\/blogg.fumei.se\/?p=3804","title":{"rendered":"\u00c5rets f\u00f6rsta f\u00f6delsedag"},"content":{"rendered":"<p style=\"text-align: center;\">\u00e4r Lovisas, s\u00e5 idag hurrar vi f\u00f6r henne p\u00e5 8-\u00e5rsdagen!<\/p>\n<h1 style=\"text-align: center;\"><span style=\"color: #ff00ff;\">GRATTIS<\/span><\/h1>\n<h4 style=\"text-align: center;\"><span style=\"color: #ff00ff;\">\u00f6nskar faster, farmor, farfar, Robin,<\/span><br \/>\n<span style=\"color: #ff00ff;\">Fia, Linus och Juliah<\/span><\/h4>\n<p><a href=\"https:\/\/i0.wp.com\/blogg.fumei.se\/wp-content\/uploads\/2016\/01\/lovisa8-emeff2016.jpg?ssl=1\" rel=\"attachment wp-att-3805\"><img data-recalc-dims=\"1\" loading=\"lazy\" decoding=\"async\" data-attachment-id=\"3805\" data-permalink=\"https:\/\/blogg.fumei.se\/?attachment_id=3805\" data-orig-file=\"https:\/\/i0.wp.com\/blogg.fumei.se\/wp-content\/uploads\/2016\/01\/lovisa8-emeff2016.jpg?fit=600%2C600&amp;ssl=1\" data-orig-size=\"600,600\" data-comments-opened=\"1\" data-image-meta=\"{&quot;aperture&quot;:&quot;0&quot;,&quot;credit&quot;:&quot;&quot;,&quot;camera&quot;:&quot;&quot;,&quot;caption&quot;:&quot;&quot;,&quot;created_timestamp&quot;:&quot;0&quot;,&quot;copyright&quot;:&quot;&quot;,&quot;focal_length&quot;:&quot;0&quot;,&quot;iso&quot;:&quot;0&quot;,&quot;shutter_speed&quot;:&quot;0&quot;,&quot;title&quot;:&quot;&quot;,&quot;orientation&quot;:&quot;0&quot;}\" data-image-title=\"lovisa8-emeff2016\" data-image-description=\"\" data-image-caption=\"\" data-large-file=\"https:\/\/i0.wp.com\/blogg.fumei.se\/wp-content\/uploads\/2016\/01\/lovisa8-emeff2016.jpg?fit=600%2C600&amp;ssl=1\" class=\"aligncenter size-full wp-image-3805\" src=\"https:\/\/i0.wp.com\/blogg.fumei.se\/wp-content\/uploads\/2016\/01\/lovisa8-emeff2016.jpg?resize=600%2C600&#038;ssl=1\" alt=\"lovisa8-emeff2016\" width=\"600\" height=\"600\" srcset=\"https:\/\/i0.wp.com\/blogg.fumei.se\/wp-content\/uploads\/2016\/01\/lovisa8-emeff2016.jpg?w=600&amp;ssl=1 600w, https:\/\/i0.wp.com\/blogg.fumei.se\/wp-content\/uploads\/2016\/01\/lovisa8-emeff2016.jpg?resize=180%2C180&amp;ssl=1 180w, https:\/\/i0.wp.com\/blogg.fumei.se\/wp-content\/uploads\/2016\/01\/lovisa8-emeff2016.jpg?resize=300%2C300&amp;ssl=1 300w\" sizes=\"auto, (max-width: 600px) 100vw, 600px\" \/><\/a><\/p>\n","protected":false},"excerpt":{"rendered":"<p>\u00e4r Lovisas, s\u00e5 idag hurrar vi f\u00f6r henne p\u00e5 8-\u00e5rsdagen! GRATTIS \u00f6nskar faster, farmor, farfar, Robin, Fia, Linus och Juliah<\/p>\n","protected":false},"author":1,"featured_media":0,"comment_status":"open","ping_status":"open","sticky":false,"template":"","format":"standard","meta":{"jetpack_post_was_ever_published":false,"_jetpack_newsletter_access":"","_jetpack_dont_email_post_to_subs":false,"_jetpack_newsletter_tier_id":0,"_jetpack_memberships_contains_paywalled_content":false,"_jetpack_memberships_contains_paid_content":false,"footnotes":"","jetpack_publicize_message":"","jetpack_publicize_feature_enabled":true,"jetpack_social_post_already_shared":true,"jetpack_social_options":{"image_generator_settings":{"template":"highway","default_image_id":0,"font":"","enabled":false},"version":2}},"categories":[34],"tags":[220,106],"class_list":["post-3804","post","type-post","status-publish","format-standard","hentry","category-familjen","tag-fira","tag-fodelsedag"],"jetpack_publicize_connections":[],"jetpack_featured_media_url":"","jetpack_shortlink":"https:\/\/wp.me\/p3qko4-Zm","jetpack_sharing_enabled":true,"jetpack_likes_enabled":true,"jetpack-related-posts":[{"id":3659,"url":"https:\/\/blogg.fumei.se\/?p=3659","url_meta":{"origin":3804,"position":0},"title":"\u00c4nnu en f\u00f6delsedag","author":"M :)","date":"2015-05-23","format":false,"excerpt":"att fira, den h\u00e4r g\u00e5ngen \u00e4r det Tyra som fyller \u00e5r. GRATTIS p\u00e5 f\u00f6delsedagen \u00f6nskar moster, nonno & Lis, Robin, Fia & Linus & Juliah","rel":"","context":"I \u201dFamiljen\u201d","block_context":{"text":"Familjen","link":"https:\/\/blogg.fumei.se\/?cat=34"},"img":{"alt_text":"","src":"","width":0,"height":0},"classes":[]},{"id":243,"url":"https:\/\/blogg.fumei.se\/?p=243","url_meta":{"origin":3804,"position":1},"title":"Tjej&#038;Killsnack vecka 16","author":"EmEff","date":"2010-05-04","format":false,"excerpt":"Veckans fr\u00e5gor. L\u00e4s mer om vad TJEJ&KILLSNACK \u00e4r\/hitta alla fr\u00e5gor h\u00e4r F\u00f6delsedag 1. Vad fyller du n\u00e4sta g\u00e5ng?41 2. Hur firade du din senaste f\u00f6delsedag?Jag och n\u00e5gra kompisar var ute och \u00e5t. Himla trevligt och skojigt, och massor med god mat. 3. Vad \u00f6nskar du dig till din n\u00e4sta f\u00f6delsedag?Oj...ett\u2026","rel":"","context":"I \u201dVardagsliv\u201d","block_context":{"text":"Vardagsliv","link":"https:\/\/blogg.fumei.se\/?cat=47"},"img":{"alt_text":"","src":"","width":0,"height":0},"classes":[]},{"id":7147,"url":"https:\/\/blogg.fumei.se\/?p=7147","url_meta":{"origin":3804,"position":2},"title":"Grattis min \u00e4lskade","author":"M :)","date":"2024-11-30","format":false,"excerpt":"Idag p\u00e5 din f\u00f6delsedag!","rel":"","context":"I \u201dFamiljen\u201d","block_context":{"text":"Familjen","link":"https:\/\/blogg.fumei.se\/?cat=34"},"img":{"alt_text":"","src":"","width":0,"height":0},"classes":[]},{"id":4594,"url":"https:\/\/blogg.fumei.se\/?p=4594","url_meta":{"origin":3804,"position":3},"title":"En alldeles s\u00e4rskild dag","author":"M :)","date":"2018-11-30","format":false,"excerpt":"F\u00f6r det \u00e4r Mickes f\u00f6delsedag, och inte vilken f\u00f6delsedag som helst, han fyller ju 50!\u00a0\u2665 Vi befinner oss f\u00f6r tillf\u00e4llet i Barcelona och firar tillsammans med Melina och Max, men ett litet inl\u00e4gg p\u00e5 bloggen m\u00e5ste det ju bli n\u00e4r man fyller \u00e5r! S\u00e5 h\u00e4r kommer grattis och fina (eh...tja...)\u2026","rel":"","context":"I \u201dFamiljen\u201d","block_context":{"text":"Familjen","link":"https:\/\/blogg.fumei.se\/?cat=34"},"img":{"alt_text":"","src":"https:\/\/i0.wp.com\/blogg.fumei.se\/wp-content\/uploads\/2018\/11\/Micke50-EmEff2018.png?resize=350%2C200","width":350,"height":200,"srcset":"https:\/\/i0.wp.com\/blogg.fumei.se\/wp-content\/uploads\/2018\/11\/Micke50-EmEff2018.png?resize=350%2C200 1x, https:\/\/i0.wp.com\/blogg.fumei.se\/wp-content\/uploads\/2018\/11\/Micke50-EmEff2018.png?resize=525%2C300 1.5x"},"classes":[]},{"id":3420,"url":"https:\/\/blogg.fumei.se\/?p=3420","url_meta":{"origin":3804,"position":4},"title":"Fridas f\u00f6delsedag!!","author":"M :)","date":"2014-08-23","format":false,"excerpt":"Ett \u00e5r kvar till ton\u00e5ring!\u00a0 GRATTIS fr\u00e5n moster och kusinerna!","rel":"","context":"I \u201dVardagsliv\u201d","block_context":{"text":"Vardagsliv","link":"https:\/\/blogg.fumei.se\/?cat=47"},"img":{"alt_text":"Frida12-emeff2014","src":"https:\/\/i0.wp.com\/blogg.fumei.se\/wp-content\/uploads\/2014\/08\/Frida12-emeff2014.png?resize=350%2C200","width":350,"height":200,"srcset":"https:\/\/i0.wp.com\/blogg.fumei.se\/wp-content\/uploads\/2014\/08\/Frida12-emeff2014.png?resize=350%2C200 1x, https:\/\/i0.wp.com\/blogg.fumei.se\/wp-content\/uploads\/2014\/08\/Frida12-emeff2014.png?resize=525%2C300 1.5x"},"classes":[]},{"id":3301,"url":"https:\/\/blogg.fumei.se\/?p=3301","url_meta":{"origin":3804,"position":5},"title":"\u8a95\u751f\u65e5(f\u00f6delsedag)","author":"M :)","date":"2014-04-25","format":false,"excerpt":"I 18 \u00e5r har jag f\u00e5tt \u00e4ran och gl\u00e4djen att vara din mamma. I 18 \u00e5r har du f\u00f6rundrat, f\u00f6rv\u00e5nat och fascinerat mig. Du f\u00f6ddes med ett litet handikapp, men trotsade det och visade alla att du kan g\u00f6ra saker du ocks\u00e5, om \u00e4n p\u00e5 ditt eget s\u00e4tt. Det finns\u00a0n\u00e5gra\u2026","rel":"","context":"I \u201dVardagsliv\u201d","block_context":{"text":"Vardagsliv","link":"https:\/\/blogg.fumei.se\/?cat=47"},"img":{"alt_text":"Robin18","src":"https:\/\/i0.wp.com\/blogg.fumei.se\/wp-content\/uploads\/2014\/04\/Robin18.png?resize=350%2C200","width":350,"height":200,"srcset":"https:\/\/i0.wp.com\/blogg.fumei.se\/wp-content\/uploads\/2014\/04\/Robin18.png?resize=350%2C200 1x, https:\/\/i0.wp.com\/blogg.fumei.se\/wp-content\/uploads\/2014\/04\/Robin18.png?resize=525%2C300 1.5x"},"classes":[]}],"_links":{"self":[{"href":"https:\/\/blogg.fumei.se\/index.php?rest_route=\/wp\/v2\/posts\/3804","targetHints":{"allow":["GET"]}}],"collection":[{"href":"https:\/\/blogg.fumei.se\/index.php?rest_route=\/wp\/v2\/posts"}],"about":[{"href":"https:\/\/blogg.fumei.se\/index.php?rest_route=\/wp\/v2\/types\/post"}],"author":[{"embeddable":true,"href":"https:\/\/blogg.fumei.se\/index.php?rest_route=\/wp\/v2\/users\/1"}],"replies":[{"embeddable":true,"href":"https:\/\/blogg.fumei.se\/index.php?rest_route=%2Fwp%2Fv2%2Fcomments&post=3804"}],"version-history":[{"count":1,"href":"https:\/\/blogg.fumei.se\/index.php?rest_route=\/wp\/v2\/posts\/3804\/revisions"}],"predecessor-version":[{"id":3806,"href":"https:\/\/blogg.fumei.se\/index.php?rest_route=\/wp\/v2\/posts\/3804\/revisions\/3806"}],"wp:attachment":[{"href":"https:\/\/blogg.fumei.se\/index.php?rest_route=%2Fwp%2Fv2%2Fmedia&parent=3804"}],"wp:term":[{"taxonomy":"category","embeddable":true,"href":"https:\/\/blogg.fumei.se\/index.php?rest_route=%2Fwp%2Fv2%2Fcategories&post=3804"},{"taxonomy":"post_tag","embeddable":true,"href":"https:\/\/blogg.fumei.se\/index.php?rest_route=%2Fwp%2Fv2%2Ftags&post=3804"}],"curies":[{"name":"wp","href":"https:\/\/api.w.org\/{rel}","templated":true}]}}