{"id":3843,"date":"2016-03-15T22:49:18","date_gmt":"2016-03-15T21:49:18","guid":{"rendered":"http:\/\/blogg.fumei.se\/?p=3843"},"modified":"2016-03-16T00:50:48","modified_gmt":"2016-03-15T23:50:48","slug":"hipp-hurra-for-juliah-idag","status":"publish","type":"post","link":"https:\/\/blogg.fumei.se\/?p=3843","title":{"rendered":"Hipp hurra f\u00f6r Juliah idag!"},"content":{"rendered":"<p>Idag har den h\u00e4r lilla filuren fyllt 2 \u00e5r, men mormodern som alltid skriver om s\u00e5nt p\u00e5 bloggen har varit p\u00e5 vift i huvudstaden hela dagen, s\u00e5 d\u00e4rf\u00f6r kommer inl\u00e4gget lite sent. Men b\u00e4ttre sent \u00e4n aldrig, och nu tar vi i fr\u00e5n t\u00e5rna och s\u00e4ger<\/p>\n<h1 style=\"text-align: center;\"><span style=\"color: #d63a88;\">GRATTIS<\/span><\/h1>\n<h4 style=\"text-align: center;\"><span style=\"color: #d63a88;\">p\u00e5 f\u00f6delsedagen<br \/>\n<\/span><span style=\"color: #d63a88;\">fr\u00e5n mormor<br \/>\n<\/span><span style=\"color: #d63a88;\">nonno &amp; nonna<br \/>\n<\/span><span style=\"color: #d63a88;\">Robin<\/span><\/h4>\n<p><a href=\"https:\/\/i0.wp.com\/blogg.fumei.se\/wp-content\/uploads\/2016\/03\/juliah2-emeff2016.jpg?ssl=1\" rel=\"attachment wp-att-3844\"><img data-recalc-dims=\"1\" loading=\"lazy\" decoding=\"async\" data-attachment-id=\"3844\" data-permalink=\"https:\/\/blogg.fumei.se\/?attachment_id=3844\" data-orig-file=\"https:\/\/i0.wp.com\/blogg.fumei.se\/wp-content\/uploads\/2016\/03\/juliah2-emeff2016.jpg?fit=600%2C600&amp;ssl=1\" data-orig-size=\"600,600\" data-comments-opened=\"1\" data-image-meta=\"{&quot;aperture&quot;:&quot;0&quot;,&quot;credit&quot;:&quot;&quot;,&quot;camera&quot;:&quot;&quot;,&quot;caption&quot;:&quot;&quot;,&quot;created_timestamp&quot;:&quot;0&quot;,&quot;copyright&quot;:&quot;&quot;,&quot;focal_length&quot;:&quot;0&quot;,&quot;iso&quot;:&quot;0&quot;,&quot;shutter_speed&quot;:&quot;0&quot;,&quot;title&quot;:&quot;&quot;,&quot;orientation&quot;:&quot;0&quot;}\" data-image-title=\"juliah2-emeff2016\" data-image-description=\"\" data-image-caption=\"\" data-large-file=\"https:\/\/i0.wp.com\/blogg.fumei.se\/wp-content\/uploads\/2016\/03\/juliah2-emeff2016.jpg?fit=600%2C600&amp;ssl=1\" class=\"aligncenter size-full wp-image-3844\" src=\"https:\/\/i0.wp.com\/blogg.fumei.se\/wp-content\/uploads\/2016\/03\/juliah2-emeff2016.jpg?resize=600%2C600&#038;ssl=1\" alt=\"juliah2-emeff2016\" width=\"600\" height=\"600\" srcset=\"https:\/\/i0.wp.com\/blogg.fumei.se\/wp-content\/uploads\/2016\/03\/juliah2-emeff2016.jpg?w=600&amp;ssl=1 600w, https:\/\/i0.wp.com\/blogg.fumei.se\/wp-content\/uploads\/2016\/03\/juliah2-emeff2016.jpg?resize=180%2C180&amp;ssl=1 180w, https:\/\/i0.wp.com\/blogg.fumei.se\/wp-content\/uploads\/2016\/03\/juliah2-emeff2016.jpg?resize=300%2C300&amp;ssl=1 300w, https:\/\/i0.wp.com\/blogg.fumei.se\/wp-content\/uploads\/2016\/03\/juliah2-emeff2016.jpg?resize=210%2C210&amp;ssl=1 210w\" sizes=\"auto, (max-width: 600px) 100vw, 600px\" \/><\/a><\/p>\n","protected":false},"excerpt":{"rendered":"<p>Idag har den h\u00e4r lilla filuren fyllt 2 \u00e5r, men mormodern som alltid skriver om s\u00e5nt p\u00e5 bloggen har varit p\u00e5 vift i huvudstaden hela dagen, s\u00e5 d\u00e4rf\u00f6r kommer inl\u00e4gget lite sent. Men b\u00e4ttre sent \u00e4n aldrig, och nu tar vi i fr\u00e5n t\u00e5rna och s\u00e4ger GRATTIS p\u00e5 f\u00f6delsedagen fr\u00e5n mormor nonno &amp; nonna Robin<\/p>\n","protected":false},"author":1,"featured_media":0,"comment_status":"open","ping_status":"open","sticky":false,"template":"","format":"standard","meta":{"jetpack_post_was_ever_published":false,"_jetpack_newsletter_access":"","_jetpack_dont_email_post_to_subs":false,"_jetpack_newsletter_tier_id":0,"_jetpack_memberships_contains_paywalled_content":false,"_jetpack_memberships_contains_paid_content":false,"footnotes":"","jetpack_publicize_message":"","jetpack_publicize_feature_enabled":true,"jetpack_social_post_already_shared":true,"jetpack_social_options":{"image_generator_settings":{"template":"highway","default_image_id":0,"font":"","enabled":false},"version":2}},"categories":[34],"tags":[106,309],"class_list":["post-3843","post","type-post","status-publish","format-standard","hentry","category-familjen","tag-fodelsedag","tag-juliah"],"jetpack_publicize_connections":[],"jetpack_featured_media_url":"","jetpack_shortlink":"https:\/\/wp.me\/p3qko4-ZZ","jetpack_sharing_enabled":true,"jetpack_likes_enabled":true,"jetpack-related-posts":[{"id":3735,"url":"https:\/\/blogg.fumei.se\/?p=3735","url_meta":{"origin":3843,"position":0},"title":"Ett sent grattis","author":"M :)","date":"2015-09-30","format":false,"excerpt":"Eftersom bloggen var ur spel ett tag blev det ingen f\u00f6delsedagsh\u00e4lsning n\u00e4r Frida fyllde ton\u00e5ring. Men b\u00e4ttre sent \u00e4n aldrig, s\u00e5 h\u00e4r kommer den nu ist\u00e4llet! Grattis \u00f6nskar moster Robin Nonno och Lis Fia, Linus och Juliah","rel":"","context":"I \u201dFamiljen\u201d","block_context":{"text":"Familjen","link":"https:\/\/blogg.fumei.se\/?cat=34"},"img":{"alt_text":"Frida13-emeff2015","src":"https:\/\/i0.wp.com\/blogg.fumei.se\/wp-content\/uploads\/2015\/09\/Frida13-emeff2015.jpg?resize=350%2C200","width":350,"height":200,"srcset":"https:\/\/i0.wp.com\/blogg.fumei.se\/wp-content\/uploads\/2015\/09\/Frida13-emeff2015.jpg?resize=350%2C200 1x, https:\/\/i0.wp.com\/blogg.fumei.se\/wp-content\/uploads\/2015\/09\/Frida13-emeff2015.jpg?resize=525%2C300 1.5x"},"classes":[]},{"id":5876,"url":"https:\/\/blogg.fumei.se\/?p=5876","url_meta":{"origin":3843,"position":1},"title":"Juliah 9 \u00e5r","author":"M :)","date":"2023-03-15","format":false,"excerpt":"Hurra f\u00f6r Juliah idag p\u00e5 din f\u00f6delsedag! Grattis fr\u00e5n morrmor och Mikael \u2764\ufe0f","rel":"","context":"I \u201dFamiljen\u201d","block_context":{"text":"Familjen","link":"https:\/\/blogg.fumei.se\/?cat=34"},"img":{"alt_text":"","src":"https:\/\/i0.wp.com\/blogg.fumei.se\/wp-content\/uploads\/2024\/02\/05C2CD52-924B-4CEB-9A76-9B3F4669FCCC_1_105_c.jpeg?resize=350%2C200&ssl=1","width":350,"height":200,"srcset":"https:\/\/i0.wp.com\/blogg.fumei.se\/wp-content\/uploads\/2024\/02\/05C2CD52-924B-4CEB-9A76-9B3F4669FCCC_1_105_c.jpeg?resize=350%2C200&ssl=1 1x, https:\/\/i0.wp.com\/blogg.fumei.se\/wp-content\/uploads\/2024\/02\/05C2CD52-924B-4CEB-9A76-9B3F4669FCCC_1_105_c.jpeg?resize=525%2C300&ssl=1 1.5x, https:\/\/i0.wp.com\/blogg.fumei.se\/wp-content\/uploads\/2024\/02\/05C2CD52-924B-4CEB-9A76-9B3F4669FCCC_1_105_c.jpeg?resize=700%2C400&ssl=1 2x"},"classes":[]},{"id":4066,"url":"https:\/\/blogg.fumei.se\/?p=4066","url_meta":{"origin":3843,"position":2},"title":"Grattis i efterskott!","author":"M :)","date":"2017-01-18","format":false,"excerpt":"Ig\u00e5r var det f\u00f6delsedagsdags igen i sl\u00e4kten. Dels min egen, men ocks\u00e5 lillprins Victors \u00e5ttonde f\u00f6delsedag! F\u00f6rl\u00e5t s\u00e5 j\u00e4ttemycket att det inte kom p\u00e5 bloggen p\u00e5 den r\u00e4tta dagen, men faster jobbade b\u00e5de ig\u00e5r och idag, och ig\u00e5r ville jag ju inte sitta vid datorn n\u00e4r jag hade g\u00e4ster hemma,\u2026","rel":"","context":"I \u201dFamiljen\u201d","block_context":{"text":"Familjen","link":"https:\/\/blogg.fumei.se\/?cat=34"},"img":{"alt_text":"","src":"https:\/\/i0.wp.com\/blogg.fumei.se\/wp-content\/uploads\/2017\/01\/Victor8%C3%A5r-emeff2017.png?resize=350%2C200","width":350,"height":200,"srcset":"https:\/\/i0.wp.com\/blogg.fumei.se\/wp-content\/uploads\/2017\/01\/Victor8%C3%A5r-emeff2017.png?resize=350%2C200 1x, https:\/\/i0.wp.com\/blogg.fumei.se\/wp-content\/uploads\/2017\/01\/Victor8%C3%A5r-emeff2017.png?resize=525%2C300 1.5x"},"classes":[]},{"id":3310,"url":"https:\/\/blogg.fumei.se\/?p=3310","url_meta":{"origin":3843,"position":3},"title":"Hurra f\u00f6r Tyra idag!","author":"M :)","date":"2014-05-23","format":false,"excerpt":"Grattis p\u00e5 f\u00f6delsedagen \u00f6nskar moster, Fia, Robin, nonno, Lis, Linus och Juliah","rel":"","context":"I \u201dFamiljen\u201d","block_context":{"text":"Familjen","link":"https:\/\/blogg.fumei.se\/?cat=34"},"img":{"alt_text":"Tyra7-emeff2014","src":"https:\/\/i0.wp.com\/blogg.fumei.se\/wp-content\/uploads\/2014\/05\/Tyra7-emeff2014.jpg?resize=350%2C200","width":350,"height":200,"srcset":"https:\/\/i0.wp.com\/blogg.fumei.se\/wp-content\/uploads\/2014\/05\/Tyra7-emeff2014.jpg?resize=350%2C200 1x, https:\/\/i0.wp.com\/blogg.fumei.se\/wp-content\/uploads\/2014\/05\/Tyra7-emeff2014.jpg?resize=525%2C300 1.5x"},"classes":[]},{"id":3874,"url":"https:\/\/blogg.fumei.se\/?p=3874","url_meta":{"origin":3843,"position":4},"title":"Med en enkel tulipan&#8230;","author":"M :)","date":"2016-04-15","format":false,"excerpt":"Vi har den \u00e4ran idag, att gratulera! Hurra f\u00f6r mamma och pappa p\u00e5 f\u00f6delsedagen! GRATTIS \u00f6nskar Tella Robin Sophia, Linus & Juliah","rel":"","context":"I \u201dFamiljen\u201d","block_context":{"text":"Familjen","link":"https:\/\/blogg.fumei.se\/?cat=34"},"img":{"alt_text":"mapa2016-emeff","src":"https:\/\/i0.wp.com\/blogg.fumei.se\/wp-content\/uploads\/2016\/04\/mapa2016-emeff.jpg?resize=350%2C200","width":350,"height":200,"srcset":"https:\/\/i0.wp.com\/blogg.fumei.se\/wp-content\/uploads\/2016\/04\/mapa2016-emeff.jpg?resize=350%2C200 1x, https:\/\/i0.wp.com\/blogg.fumei.se\/wp-content\/uploads\/2016\/04\/mapa2016-emeff.jpg?resize=525%2C300 1.5x"},"classes":[]},{"id":3831,"url":"https:\/\/blogg.fumei.se\/?p=3831","url_meta":{"origin":3843,"position":5},"title":"Tralla lala lala lala","author":"M :)","date":"2016-03-13","format":false,"excerpt":"hon \u00e4r 16 \u00e5r idag... GRATTIS p\u00e5 f\u00f6delsedagen ISABELLA \u00f6nskar faster farmor & farfar Robin Fia, Linus & Juliah","rel":"","context":"I \u201dFamiljen\u201d","block_context":{"text":"Familjen","link":"https:\/\/blogg.fumei.se\/?cat=34"},"img":{"alt_text":"Bella16-emeff2016","src":"https:\/\/i0.wp.com\/blogg.fumei.se\/wp-content\/uploads\/2016\/03\/Bella16-emeff2016-650x278.jpg?resize=350%2C200","width":350,"height":200,"srcset":"https:\/\/i0.wp.com\/blogg.fumei.se\/wp-content\/uploads\/2016\/03\/Bella16-emeff2016-650x278.jpg?resize=350%2C200 1x, https:\/\/i0.wp.com\/blogg.fumei.se\/wp-content\/uploads\/2016\/03\/Bella16-emeff2016-650x278.jpg?resize=525%2C300 1.5x"},"classes":[]}],"_links":{"self":[{"href":"https:\/\/blogg.fumei.se\/index.php?rest_route=\/wp\/v2\/posts\/3843","targetHints":{"allow":["GET"]}}],"collection":[{"href":"https:\/\/blogg.fumei.se\/index.php?rest_route=\/wp\/v2\/posts"}],"about":[{"href":"https:\/\/blogg.fumei.se\/index.php?rest_route=\/wp\/v2\/types\/post"}],"author":[{"embeddable":true,"href":"https:\/\/blogg.fumei.se\/index.php?rest_route=\/wp\/v2\/users\/1"}],"replies":[{"embeddable":true,"href":"https:\/\/blogg.fumei.se\/index.php?rest_route=%2Fwp%2Fv2%2Fcomments&post=3843"}],"version-history":[{"count":1,"href":"https:\/\/blogg.fumei.se\/index.php?rest_route=\/wp\/v2\/posts\/3843\/revisions"}],"predecessor-version":[{"id":3845,"href":"https:\/\/blogg.fumei.se\/index.php?rest_route=\/wp\/v2\/posts\/3843\/revisions\/3845"}],"wp:attachment":[{"href":"https:\/\/blogg.fumei.se\/index.php?rest_route=%2Fwp%2Fv2%2Fmedia&parent=3843"}],"wp:term":[{"taxonomy":"category","embeddable":true,"href":"https:\/\/blogg.fumei.se\/index.php?rest_route=%2Fwp%2Fv2%2Fcategories&post=3843"},{"taxonomy":"post_tag","embeddable":true,"href":"https:\/\/blogg.fumei.se\/index.php?rest_route=%2Fwp%2Fv2%2Ftags&post=3843"}],"curies":[{"name":"wp","href":"https:\/\/api.w.org\/{rel}","templated":true}]}}