{"id":3887,"date":"2016-05-23T11:05:12","date_gmt":"2016-05-23T09:05:12","guid":{"rendered":"http:\/\/blogg.fumei.se\/?p=3887"},"modified":"2016-05-23T11:05:52","modified_gmt":"2016-05-23T09:05:52","slug":"tyra-9-ar","status":"publish","type":"post","link":"https:\/\/blogg.fumei.se\/?p=3887","title":{"rendered":"Tyra 9 \u00e5r"},"content":{"rendered":"<p>Idag fyller yngsta systerdottern 9 \u00e5r!<\/p>\n<p><a href=\"https:\/\/i0.wp.com\/blogg.fumei.se\/wp-content\/uploads\/2016\/05\/Tyra9-emeff2016.jpg?ssl=1\"><img data-recalc-dims=\"1\" loading=\"lazy\" decoding=\"async\" data-attachment-id=\"3885\" data-permalink=\"https:\/\/blogg.fumei.se\/?attachment_id=3885\" data-orig-file=\"https:\/\/i0.wp.com\/blogg.fumei.se\/wp-content\/uploads\/2016\/05\/Tyra9-emeff2016.jpg?fit=600%2C400&amp;ssl=1\" data-orig-size=\"600,400\" data-comments-opened=\"1\" data-image-meta=\"{&quot;aperture&quot;:&quot;0&quot;,&quot;credit&quot;:&quot;&quot;,&quot;camera&quot;:&quot;&quot;,&quot;caption&quot;:&quot;&quot;,&quot;created_timestamp&quot;:&quot;0&quot;,&quot;copyright&quot;:&quot;&quot;,&quot;focal_length&quot;:&quot;0&quot;,&quot;iso&quot;:&quot;0&quot;,&quot;shutter_speed&quot;:&quot;0&quot;,&quot;title&quot;:&quot;&quot;,&quot;orientation&quot;:&quot;0&quot;}\" data-image-title=\"Tyra9-emeff2016\" data-image-description=\"\" data-image-caption=\"\" data-large-file=\"https:\/\/i0.wp.com\/blogg.fumei.se\/wp-content\/uploads\/2016\/05\/Tyra9-emeff2016.jpg?fit=600%2C400&amp;ssl=1\" class=\"aligncenter size-full wp-image-3885\" src=\"https:\/\/i0.wp.com\/blogg.fumei.se\/wp-content\/uploads\/2016\/05\/Tyra9-emeff2016.jpg?resize=600%2C400&#038;ssl=1\" alt=\"Tyra9-emeff2016\" width=\"600\" height=\"400\" srcset=\"https:\/\/i0.wp.com\/blogg.fumei.se\/wp-content\/uploads\/2016\/05\/Tyra9-emeff2016.jpg?w=600&amp;ssl=1 600w, https:\/\/i0.wp.com\/blogg.fumei.se\/wp-content\/uploads\/2016\/05\/Tyra9-emeff2016.jpg?resize=300%2C200&amp;ssl=1 300w\" sizes=\"auto, (max-width: 600px) 100vw, 600px\" \/><\/a><\/p>\n<h1 style=\"text-align: center;\"><span style=\"color: #db4bb5;\">GRATTIS<\/span><\/h1>\n<h3 style=\"text-align: center;\"><span style=\"color: #db4bb5;\">\u00f6nskar<\/span><br \/>\n<span style=\"color: #db4bb5;\">moster<\/span><br \/>\n<span style=\"color: #db4bb5;\">nonno &amp; mormor Lis<\/span><br \/>\n<span style=\"color: #db4bb5;\">Fia, Linus &amp; Juliah<\/span><br \/>\n<span style=\"color: #db4bb5;\">Robin<\/span><\/h3>\n","protected":false},"excerpt":{"rendered":"<p>Idag fyller yngsta systerdottern 9 \u00e5r! GRATTIS \u00f6nskar moster nonno &amp; mormor Lis Fia, Linus &amp; Juliah Robin<\/p>\n","protected":false},"author":1,"featured_media":0,"comment_status":"open","ping_status":"open","sticky":false,"template":"","format":"standard","meta":{"jetpack_post_was_ever_published":false,"_jetpack_newsletter_access":"","_jetpack_dont_email_post_to_subs":false,"_jetpack_newsletter_tier_id":0,"_jetpack_memberships_contains_paywalled_content":false,"_jetpack_memberships_contains_paid_content":false,"footnotes":"","jetpack_publicize_message":"","jetpack_publicize_feature_enabled":true,"jetpack_social_post_already_shared":true,"jetpack_social_options":{"image_generator_settings":{"template":"highway","default_image_id":0,"font":"","enabled":false},"version":2}},"categories":[34,47],"tags":[220,106],"class_list":["post-3887","post","type-post","status-publish","format-standard","hentry","category-familjen","category-vardagsliv","tag-fira","tag-fodelsedag"],"jetpack_publicize_connections":[],"jetpack_featured_media_url":"","jetpack_shortlink":"https:\/\/wp.me\/p3qko4-10H","jetpack_sharing_enabled":true,"jetpack_likes_enabled":true,"jetpack-related-posts":[{"id":5876,"url":"https:\/\/blogg.fumei.se\/?p=5876","url_meta":{"origin":3887,"position":0},"title":"Juliah 9 \u00e5r","author":"M :)","date":"2023-03-15","format":false,"excerpt":"Hurra f\u00f6r Juliah idag p\u00e5 din f\u00f6delsedag! Grattis fr\u00e5n morrmor och Mikael \u2764\ufe0f","rel":"","context":"I \u201dFamiljen\u201d","block_context":{"text":"Familjen","link":"https:\/\/blogg.fumei.se\/?cat=34"},"img":{"alt_text":"","src":"https:\/\/i0.wp.com\/blogg.fumei.se\/wp-content\/uploads\/2024\/02\/05C2CD52-924B-4CEB-9A76-9B3F4669FCCC_1_105_c.jpeg?resize=350%2C200&ssl=1","width":350,"height":200,"srcset":"https:\/\/i0.wp.com\/blogg.fumei.se\/wp-content\/uploads\/2024\/02\/05C2CD52-924B-4CEB-9A76-9B3F4669FCCC_1_105_c.jpeg?resize=350%2C200&ssl=1 1x, https:\/\/i0.wp.com\/blogg.fumei.se\/wp-content\/uploads\/2024\/02\/05C2CD52-924B-4CEB-9A76-9B3F4669FCCC_1_105_c.jpeg?resize=525%2C300&ssl=1 1.5x, https:\/\/i0.wp.com\/blogg.fumei.se\/wp-content\/uploads\/2024\/02\/05C2CD52-924B-4CEB-9A76-9B3F4669FCCC_1_105_c.jpeg?resize=700%2C400&ssl=1 2x"},"classes":[]},{"id":4497,"url":"https:\/\/blogg.fumei.se\/?p=4497","url_meta":{"origin":3887,"position":1},"title":"Idag fyller vi \u00e5r!","author":"M :)","date":"2018-01-17","format":false,"excerpt":"Det \u00e4r inte bara min f\u00f6delsedag idag, utan \u00e4ven Victors! Hela 9 \u00e5r fyller han idag! GRATTIS! \u00f6nskar faster farmor Fia, Linus & Juliah Robin Roberto och Isabella","rel":"","context":"I \u201dFamiljen\u201d","block_context":{"text":"Familjen","link":"https:\/\/blogg.fumei.se\/?cat=34"},"img":{"alt_text":"","src":"https:\/\/i0.wp.com\/blogg.fumei.se\/wp-content\/uploads\/2018\/01\/Victor9-emeff2018-650x422.png?resize=350%2C200","width":350,"height":200,"srcset":"https:\/\/i0.wp.com\/blogg.fumei.se\/wp-content\/uploads\/2018\/01\/Victor9-emeff2018-650x422.png?resize=350%2C200 1x, https:\/\/i0.wp.com\/blogg.fumei.se\/wp-content\/uploads\/2018\/01\/Victor9-emeff2018-650x422.png?resize=525%2C300 1.5x"},"classes":[]},{"id":126,"url":"https:\/\/blogg.fumei.se\/?p=126","url_meta":{"origin":3887,"position":2},"title":"30-dagarslista; Dag 9","author":"M :)","date":"2011-01-14","format":false,"excerpt":"Dag 9: En bild p\u00e5 den person som hj\u00e4lpt dig genom det mesta. Den h\u00e4r blir bildl\u00f6s. F\u00f6r jag har oftast tagit mig igenom det mesta alldeles sj\u00e4lv, och om n\u00e5gon har varit d\u00e4r mer \u00e4n n\u00e5gon annan kan jag inte svara p\u00e5.Ingen n\u00e4mnd, ingen gl\u00f6md skulle jag vilja s\u00e4ga\u2026","rel":"","context":"I \u201dVardagsliv\u201d","block_context":{"text":"Vardagsliv","link":"https:\/\/blogg.fumei.se\/?cat=47"},"img":{"alt_text":"","src":"","width":0,"height":0},"classes":[]},{"id":285,"url":"https:\/\/blogg.fumei.se\/?p=285","url_meta":{"origin":3887,"position":3},"title":"Tjej&#038;Killsnack vecka 9","author":"EmEff","date":"2010-02-27","format":false,"excerpt":"L\u00e4s mer om vad TJEJ&KILLSNACK \u00e4r\/hitta alla fr\u00e5gor h\u00e4r. Matvanor 1. Vad \u00e4ter du till frukost? Oftast ingenting. Jag g\u00e5r upp 4.15 de morgnar jag jobbar tidigt pass, och d\u00e5 \u00e4r jag inte s\u00e4rskilt hungrig. Ibland har jag md mig en banan som jag \u00e4ter p\u00e5 t\u00e5get, och s\u00e5 dricker\u2026","rel":"","context":"I \u201dVardagsliv\u201d","block_context":{"text":"Vardagsliv","link":"https:\/\/blogg.fumei.se\/?cat=47"},"img":{"alt_text":"","src":"","width":0,"height":0},"classes":[]},{"id":3293,"url":"https:\/\/blogg.fumei.se\/?p=3293","url_meta":{"origin":3887,"position":4},"title":"Bakom molnen \u00e4r himlen alltid bl\u00e5","author":"M :)","date":"2014-04-24","format":false,"excerpt":"V\u00e5r bebishund, v\u00e5r spralltott, v\u00e5r knastratt, v\u00e4rldens finaste och go'aste hund. Idag har v\u00e5r \u00e4lskade Stella f\u00e5tt somna in, lugnt och fridfullt. 9 \u00e5rs gemenskap och k\u00e4rlek som tyv\u00e4rr inte fick bli fler pga sjukdom. Du fattas oss!","rel":"","context":"I \u201dFamiljen\u201d","block_context":{"text":"Familjen","link":"https:\/\/blogg.fumei.se\/?cat=34"},"img":{"alt_text":"3","src":"https:\/\/i0.wp.com\/blogg.fumei.se\/wp-content\/uploads\/2014\/04\/3-487x650.jpg?resize=350%2C200","width":350,"height":200},"classes":[]},{"id":3765,"url":"https:\/\/blogg.fumei.se\/?p=3765","url_meta":{"origin":3887,"position":5},"title":"Just ja, h\u00f6ll p\u00e5 att gl\u00f6mma&#8230;","author":"M :)","date":"2015-11-16","format":false,"excerpt":"Jag gjorde det igen... St\u00e4llde upp i Vem Vet Mest, allts\u00e5. Denna g\u00e5ngen i Revanschveckan. \u00c4nnu en heldag med galet vetgiriga och duktiga m\u00e4nniskor och det h\u00e4rliga VVM-teamet p\u00e5 SVT G\u00f6teborg! S\u00e4ndningsdatum 9 Februari. Och ni f\u00e5r helt enkelt h\u00e5lla er tills dess. \u00a0Lite ledsamt att jag inte f\u00e5r vara\u2026","rel":"","context":"I \u201dVardagsliv\u201d","block_context":{"text":"Vardagsliv","link":"https:\/\/blogg.fumei.se\/?cat=47"},"img":{"alt_text":"vvmblogg","src":"https:\/\/i0.wp.com\/blogg.fumei.se\/wp-content\/uploads\/2015\/11\/vvmblogg.jpg?resize=350%2C200","width":350,"height":200,"srcset":"https:\/\/i0.wp.com\/blogg.fumei.se\/wp-content\/uploads\/2015\/11\/vvmblogg.jpg?resize=350%2C200 1x, https:\/\/i0.wp.com\/blogg.fumei.se\/wp-content\/uploads\/2015\/11\/vvmblogg.jpg?resize=525%2C300 1.5x"},"classes":[]}],"_links":{"self":[{"href":"https:\/\/blogg.fumei.se\/index.php?rest_route=\/wp\/v2\/posts\/3887","targetHints":{"allow":["GET"]}}],"collection":[{"href":"https:\/\/blogg.fumei.se\/index.php?rest_route=\/wp\/v2\/posts"}],"about":[{"href":"https:\/\/blogg.fumei.se\/index.php?rest_route=\/wp\/v2\/types\/post"}],"author":[{"embeddable":true,"href":"https:\/\/blogg.fumei.se\/index.php?rest_route=\/wp\/v2\/users\/1"}],"replies":[{"embeddable":true,"href":"https:\/\/blogg.fumei.se\/index.php?rest_route=%2Fwp%2Fv2%2Fcomments&post=3887"}],"version-history":[{"count":1,"href":"https:\/\/blogg.fumei.se\/index.php?rest_route=\/wp\/v2\/posts\/3887\/revisions"}],"predecessor-version":[{"id":3888,"href":"https:\/\/blogg.fumei.se\/index.php?rest_route=\/wp\/v2\/posts\/3887\/revisions\/3888"}],"wp:attachment":[{"href":"https:\/\/blogg.fumei.se\/index.php?rest_route=%2Fwp%2Fv2%2Fmedia&parent=3887"}],"wp:term":[{"taxonomy":"category","embeddable":true,"href":"https:\/\/blogg.fumei.se\/index.php?rest_route=%2Fwp%2Fv2%2Fcategories&post=3887"},{"taxonomy":"post_tag","embeddable":true,"href":"https:\/\/blogg.fumei.se\/index.php?rest_route=%2Fwp%2Fv2%2Ftags&post=3887"}],"curies":[{"name":"wp","href":"https:\/\/api.w.org\/{rel}","templated":true}]}}