{"id":3899,"date":"2016-05-18T10:24:01","date_gmt":"2016-05-18T08:24:01","guid":{"rendered":"http:\/\/blogg.fumei.se\/?p=3899"},"modified":"2024-05-30T14:59:14","modified_gmt":"2024-05-30T12:59:14","slug":"sjukstuga-2","status":"publish","type":"post","link":"https:\/\/blogg.fumei.se\/?p=3899","title":{"rendered":"Sjukstuga"},"content":{"rendered":"<p>I tisdags hade jag lyckats f\u00f6rhandla till mig en semesterdag, eftersom jag var s\u00e5 klantig och gl\u00f6mde l\u00e4gga in i schemat att jag beh\u00f6vde vara ledig p\u00e5 kv\u00e4llen f\u00f6r att g\u00f6ra V\u00e5rruset. Dagen b\u00f6rjade som vanligt med v\u00e4ckning vid 4 av herr Pixel, som ville ha mat, men jag lyckades somna om ett par timmar. Sen blev det lite plock h\u00e4r hemma och s\u00e5 tog jag en promenad runt g\u00e5rden med Pixel. Han g\u00e5r s\u00e5 fint i koppel s\u00e5 det \u00e4r inga problem. Kom in igen och t\u00e4nkte precis ta lite att \u00e4ta n\u00e4r det h\u00f6gg till i njurtrakten p\u00e5 h\u00f6ger sida. Sm\u00e4rtan \u00f6vergick i molande och v\u00e4rkande och bultande, och jag k\u00e4nde igen det fr\u00e5n f\u00f6rra g\u00e5ngen jag hade njursten och njurb\u00e4ckeninflammation, och min f\u00f6rsta tanke var att det g\u00e5r nog \u00f6ver om ett tag, det \u00e4r s\u00e4kert en sten som passerar. S\u00e5 jag tog 2 Alvedon och lade mig p\u00e5 s\u00e4ngen.<\/p>\n<p>En timme senare hade inte sm\u00e4rtan minskat, och jag hade inte lyckats vila n\u00e5got heller. Ringde ett par v\u00e4nner f\u00f6r att h\u00f6ra om de kunde k\u00f6ra mig till akuten, men inget svar, s\u00e5 jag fick helt enkelt ringa 112, f\u00f6r att \u00e5ka sp\u00e5rvagn med den h\u00e4r sm\u00e4rtan fanns inte p\u00e5 kartan!<br \/>\nEn halvtimme senare kom ambulansen, jag fick en spruta och s\u00e5 \u00e5kte vi till akuten. De tog mig till \u00d6stra sjukhuset, eftersom det \u00e4r n\u00e4rmast hem, f\u00f6r de trodde precis som jag att jag f\u00e5r nog n\u00e5gon spruta och efter att jag f\u00e5tt vila lite s\u00e5 kunde jag \u00e5ka hem.<\/p>\n<p>Framme p\u00e5 akuten fick jag stappla in p\u00e5 toa och l\u00e4mna urinprov och sen tog de lite blodprover och kontroller, och sen var det bara att v\u00e4nta. De k\u00f6rde in mig p\u00e5 ett behandlingsrum och en l\u00e4kare kom och pratade med mig, och hon konstaterade det jag redan visste: att jag har en njursten. S\u00e5 hon ordinerade en annan spruta och att vi skulle avvakta resultatet p\u00e5 sprutan och inv\u00e4nta provresultaten. Den h\u00e4r sprutan skulle tydligen ges i magen, och det gjorde s\u00e5 fruktansv\u00e4rt ont att jag n\u00e4stan gl\u00f6mde bort sm\u00e4rtan i njuren!<\/p>\n<p>Sen fick jag ligga i s\u00e4nghallen och v\u00e4nta. Och v\u00e4nta. Och v\u00e4nta. Inte fick jag dricka heller, f\u00f6r de visste ju inte vad eller om de skulle g\u00f6ra n\u00e5got, s\u00e5 till slut mer eller mindre tvingade jag dem att s\u00e4tta ett dropp. Sen var det dags f\u00f6r r\u00f6ntgen, och d\u00e4refter v\u00e4nta igen. Sju timmar senare kom l\u00e4karen och sa att hon sett r\u00f6ntgenbilderna och d\u00e4r s\u00e5g hon en sten som t\u00e4ppte till min njure s\u00e5 att urinen inte kunde rinna ut, s\u00e5 ist\u00e4llet sv\u00e4llde njuren och blev mer och mer inflammerad. Hon hade ocks\u00e5 pratat med urologen som tyckte att jag skulle komma till dem. Vilket innebar flytt fr\u00e5n \u00d6stra till Sahlgrenska. Jag hade en kompis hos mig p\u00e5 akuten, s\u00e5 jag fr\u00e5gade om det gick bra med privat bil. Ja, jo, hmm, det kunde v\u00e4l g\u00e5 d\u00e5 f\u00f6r den h\u00e4r g\u00e5ngen, men jag fick ju absolut inte \u00e5ka med n\u00e5len kvar i armen. Det hj\u00e4lpte inte alls att jag sj\u00e4lv \u00e4r undersk\u00f6terska och att jag skulle \u00e5ka fr\u00e5n A till B till C (B var hemma, jag beh\u00f6vde ju h\u00e4mta lite saker och l\u00e4mna nyckel till n\u00e5n granne som kunde ta hand om Pixel, den stackaren), regler \u00e4r regler, och de m\u00e5ste man f\u00f6lja till varje pris, tydligen.<\/p>\n<p>N\u00e4r jag kom till Sahlgrenska blev jag visad till en s\u00e4ng i en sal och s\u00e5 fick jag en ny n\u00e5l i armen och de tog lite kontroller. Igen. Jag fr\u00e5gade om jag fick lov att dricka <em>nu<\/em> d\u00e5, om de \u00e4nd\u00e5 inte skulle g\u00f6ra n\u00e5got f\u00f6rr\u00e4n imorgon. ja de var absolut inga problem, de fr\u00e5gade om jag var hungrig ocks\u00e5, men min kompis \u00e5kte och k\u00f6pte en hamburgare \u00e5t mig. Efter antibiotika och kaffe somnade jag, men vaknade fram emot efternatten och hade dj\u00e4vulskt ont igen. Sk\u00f6terskan fr\u00e5gade om jag ville ha samma spruta som jag fick p\u00e5 akuten men nehej tack, sa jag och bad om alternativet, som visade sig vara Voltaren i stolpiller, men vafasiken, det hj\u00e4lpte ju!<\/p>\n<p>Vaknade p\u00e5 morgonen av att jag m\u00e5dde illa, men hann inte resa mig upp och rycka \u00e5t mig en kr\u00e4kp\u00e5se s\u00e5 det fick bli renb\u00e4ddning ist\u00e4llet. Nya kontroller och mera antibiotika, och sen satte de lite dropp ocks\u00e5, f\u00f6r mitt blodtryck var alldeles f\u00f6r l\u00e5gt, s\u00e5 de trodde att det berodde p\u00e5 att jag var uttorkad efter g\u00e5rdagens (ofrivilliga) fasta.<br \/>\nLite rond, lite mera dropp och antibiotika och en kateter senare tyckte de att eftersom det inte h\u00e4nde n\u00e5got n\u00e4mnv\u00e4rt med mitt blodtryck s\u00e5 MIG:ade de mig.<br \/>\nMIG st\u00e5r f\u00f6r Mobil Intensivv\u00e5rdsGrupp, och \u00e4r l\u00e4kare och sjuksk\u00f6terska fr\u00e5n IVA (intensiven) som\u00a0tillkallas\u00a0n\u00e4r en patient\u00a0har p\u00e5verkan p\u00e5 andning, cirkulation, allm\u00e4ntillst\u00e5nd eller medvetande enligt kriterier som g\u00f6r att patienten inte kan behandlas som vanligt p\u00e5\u00a0v\u00e5rdavdelningen. I mitt fall pga att mitt blodtryck var alldeles f\u00f6r l\u00e5gt f\u00f6r att vara normalt, trots att jag vid det laget f\u00e5tt flera liter v\u00e4tska.<\/p>\n<p>In promenerar d\u00e5 en av <em>mina<\/em> l\u00e4kare, och vi sa b\u00e5da n\u00e5got i stil med &#8221;du ska v\u00e4l inte vara h\u00e4r!&#8221;(hon ska g\u00e4stspela p\u00e5 Sahlgrenska fram till Oktober, fick jag veta), hon k\u00e4nde p\u00e5 mina armar och ben om jag var svullen (om v\u00e4tskan lagt sig i v\u00e4vnader ist\u00e4llet f\u00f6r att fylla ut mina blodk\u00e4rl. Om man \u00e4r uttorkad \u00e4r blodet tjockare och flyter tr\u00f6gare, och hj\u00e4rtat f\u00e5r sv\u00e5rare att pumpa runt det, och s\u00e5 blir trycket l\u00e4gre. Om man f\u00e5r v\u00e4tska som l\u00e4gger sig i v\u00e4vnader och muskler ist\u00e4llet f\u00f6r att fylla ut blodet svullnar kroppen ist\u00e4llet, och d\u00e5 kan det bildas tryck p\u00e5 hj\u00e4rta och lungor som p\u00e5verkar andning och cirkulation \u00e4nnu mer) och sen ordinerade hon Albumin, ett l\u00e4kemedel som \u00e4r ett protein som binder v\u00e4tskan till k\u00e4rlen och f\u00f6rhindrar att man blir svullen.<\/p>\n<p>Framemot lunch ans\u00e5g l\u00e4karna att jag beh\u00f6vde n\u00e5gon slags avlastning av njuren, s\u00e5 jag fick lite gott och blandat och sen blev det en tur till r\u00f6ntgen avdelningen, d\u00e4r jag fick en pyelostomikateter.\u00a0Det \u00e4r en kateter som s\u00e4tts in i njuren via ryggen\/flanken och det m\u00e5ste g\u00f6ras med r\u00f6ntgengenomlysning s\u00e5 att den hamnar exakt r\u00e4tt. \u00d6gonblicket n\u00e4r l\u00e4karen satt in katetern var ungef\u00e4r 10 g\u00e5nger s\u00e5 sm\u00e4rtsamt som den ursprungliga sm\u00e4rtan, men efter bara n\u00e5gon minut sl\u00e4ppte b\u00e5de sm\u00e4rtan och illam\u00e5endet som en f\u00f6ljd av att urinen nu kunde rinna ut ur min blockerade njure.<\/p>\n<p><a href=\"https:\/\/i0.wp.com\/blogg.fumei.se\/wp-content\/uploads\/2016\/05\/nefrostomi.png?ssl=1\"><img data-recalc-dims=\"1\" loading=\"lazy\" decoding=\"async\" data-attachment-id=\"3914\" data-permalink=\"https:\/\/blogg.fumei.se\/?attachment_id=3914\" data-orig-file=\"https:\/\/i0.wp.com\/blogg.fumei.se\/wp-content\/uploads\/2016\/05\/nefrostomi.png?fit=310%2C409&amp;ssl=1\" data-orig-size=\"310,409\" data-comments-opened=\"1\" data-image-meta=\"{&quot;aperture&quot;:&quot;0&quot;,&quot;credit&quot;:&quot;&quot;,&quot;camera&quot;:&quot;&quot;,&quot;caption&quot;:&quot;&quot;,&quot;created_timestamp&quot;:&quot;0&quot;,&quot;copyright&quot;:&quot;&quot;,&quot;focal_length&quot;:&quot;0&quot;,&quot;iso&quot;:&quot;0&quot;,&quot;shutter_speed&quot;:&quot;0&quot;,&quot;title&quot;:&quot;&quot;,&quot;orientation&quot;:&quot;0&quot;}\" data-image-title=\"nefrostomi\" data-image-description=\"\" data-image-caption=\"\" data-large-file=\"https:\/\/i0.wp.com\/blogg.fumei.se\/wp-content\/uploads\/2016\/05\/nefrostomi.png?fit=310%2C409&amp;ssl=1\" class=\"aligncenter size-full wp-image-3914\" src=\"https:\/\/i0.wp.com\/blogg.fumei.se\/wp-content\/uploads\/2016\/05\/nefrostomi.png?resize=310%2C409&#038;ssl=1\" alt=\"nefrostomi\" width=\"310\" height=\"409\" srcset=\"https:\/\/i0.wp.com\/blogg.fumei.se\/wp-content\/uploads\/2016\/05\/nefrostomi.png?w=310&amp;ssl=1 310w, https:\/\/i0.wp.com\/blogg.fumei.se\/wp-content\/uploads\/2016\/05\/nefrostomi.png?resize=227%2C300&amp;ssl=1 227w\" sizes=\"auto, (max-width: 310px) 100vw, 310px\" \/><\/a><\/p>\n<p>Mitt blodtryck blev sakta b\u00e4ttre, och jag blev piggare, eftersom jag inte l\u00e4ngre hade ont och nu kunde r\u00f6ra mig och vara uppe och g\u00e5. P\u00e5 Torsdagsmorgonen drog jag min kateter (den vanliga. Ja, jag fr\u00e5gade f\u00f6rst&#8230;) och p\u00e5 kv\u00e4llen bytte de min intraven\u00f6sa antibiotika mot tabletter. P\u00e5 Fredagsmorgonen kom en l\u00e4kare och pratade med mig om vad man planerat f\u00f6r mig. Jag fick veta att en koordinator skulle s\u00e4tta upp mig f\u00f6r operation och r\u00f6ntgen, och s\u00e5 skrev han ett l\u00e4karintyg, f\u00f6r pga h\u00f6g infektionsrisk via pyelostomikatetern var det inte l\u00e4mpligt att jag jobbade, med tanke p\u00e5 alla infektioner och sjukdomar som finns p\u00e5 IVA. Och sen fick jag \u00e5ka hem!<\/p>\n<p>Hem, ljuva hem! Pixel verkade glad att se mig, grannarna var supernyfikna och jag k\u00e4nde bara att det var sk\u00f6nt att vara hemma! Helgen tillbringades i soffl\u00e4ge, och jag fick ta Alvedon ett par g\u00e5nger, men sen m\u00e5dde jag b\u00e4ttre och nu k\u00e4nner jag mig inte ett dugg sjuk. Det enda jag tycker \u00e4r jobbigt nu, det \u00e4r den f\u00f6rbaskade kateterp\u00e5sen! Slangen fr\u00e5n katetern g\u00e5r till en p\u00e5se, som sitter f\u00e4st p\u00e5 mitt ben med en &#8221;strumpa&#8221; eller ett band, men nu n\u00e4r v\u00e4dret \u00e4r s\u00e5 himla fint s\u00e5 hade det ju varit trevligt att slippa den. Som det \u00e4r nu s\u00e5 g\u00e5r jag i l\u00e5nga kjolar och kl\u00e4nningar och har tights under de kortare kl\u00e4nningarna, bara f\u00f6r att inte p\u00e5sen ska synas. Vanligt sommar- och solbeteende \u00e4r det inte fr\u00e5gan om h\u00e4r&#8230;<\/p>\n<div data-carousel-extra='{&quot;blog_id&quot;:1,&quot;permalink&quot;:&quot;https:\/\/blogg.fumei.se\/?p=3899&quot;}' id='gallery-1' class='gallery galleryid-3899 gallery-columns-2 gallery-size-medium'><figure class='gallery-item'>\n\t\t\t<div class='gallery-icon portrait'>\n\t\t\t\t<a href='https:\/\/blogg.fumei.se\/?attachment_id=3918'><img loading=\"lazy\" decoding=\"async\" width=\"117\" height=\"175\" src=\"https:\/\/i0.wp.com\/blogg.fumei.se\/wp-content\/uploads\/2016\/05\/sayco-fabric-legbag-holder.jpg?fit=117%2C175&amp;ssl=1\" class=\"attachment-medium size-medium\" alt=\"\" data-attachment-id=\"3918\" data-permalink=\"https:\/\/blogg.fumei.se\/?attachment_id=3918\" data-orig-file=\"https:\/\/i0.wp.com\/blogg.fumei.se\/wp-content\/uploads\/2016\/05\/sayco-fabric-legbag-holder.jpg?fit=117%2C175&amp;ssl=1\" data-orig-size=\"117,175\" data-comments-opened=\"1\" data-image-meta=\"{&quot;aperture&quot;:&quot;0&quot;,&quot;credit&quot;:&quot;&quot;,&quot;camera&quot;:&quot;&quot;,&quot;caption&quot;:&quot;&quot;,&quot;created_timestamp&quot;:&quot;1468351503&quot;,&quot;copyright&quot;:&quot;&quot;,&quot;focal_length&quot;:&quot;0&quot;,&quot;iso&quot;:&quot;0&quot;,&quot;shutter_speed&quot;:&quot;0&quot;,&quot;title&quot;:&quot;&quot;,&quot;orientation&quot;:&quot;1&quot;}\" data-image-title=\"sayco-fabric-legbag-holder\" data-image-description=\"\" data-image-caption=\"\" data-large-file=\"https:\/\/i0.wp.com\/blogg.fumei.se\/wp-content\/uploads\/2016\/05\/sayco-fabric-legbag-holder.jpg?fit=117%2C175&amp;ssl=1\" \/><\/a>\n\t\t\t<\/div><\/figure><figure class='gallery-item'>\n\t\t\t<div class='gallery-icon landscape'>\n\t\t\t\t<a href='https:\/\/blogg.fumei.se\/?attachment_id=3919'><img loading=\"lazy\" decoding=\"async\" width=\"140\" height=\"81\" src=\"https:\/\/i0.wp.com\/blogg.fumei.se\/wp-content\/uploads\/2016\/05\/10-1021036_3_0.jpg?fit=140%2C81&amp;ssl=1\" class=\"attachment-medium size-medium\" alt=\"\" data-attachment-id=\"3919\" data-permalink=\"https:\/\/blogg.fumei.se\/?attachment_id=3919\" data-orig-file=\"https:\/\/i0.wp.com\/blogg.fumei.se\/wp-content\/uploads\/2016\/05\/10-1021036_3_0.jpg?fit=140%2C81&amp;ssl=1\" data-orig-size=\"140,81\" data-comments-opened=\"1\" data-image-meta=\"{&quot;aperture&quot;:&quot;0&quot;,&quot;credit&quot;:&quot;&quot;,&quot;camera&quot;:&quot;&quot;,&quot;caption&quot;:&quot;&quot;,&quot;created_timestamp&quot;:&quot;0&quot;,&quot;copyright&quot;:&quot;&quot;,&quot;focal_length&quot;:&quot;0&quot;,&quot;iso&quot;:&quot;0&quot;,&quot;shutter_speed&quot;:&quot;0&quot;,&quot;title&quot;:&quot;&quot;,&quot;orientation&quot;:&quot;0&quot;}\" data-image-title=\"10-1021036_3_0\" data-image-description=\"\" data-image-caption=\"\" data-large-file=\"https:\/\/i0.wp.com\/blogg.fumei.se\/wp-content\/uploads\/2016\/05\/10-1021036_3_0.jpg?fit=140%2C81&amp;ssl=1\" \/><\/a>\n\t\t\t<\/div><\/figure>\n\t\t<\/div>\n\n<p>Men men, forts\u00e4ttning f\u00f6ljer. Nu v\u00e4ntar vi p\u00e5 kallelser till r\u00f6ntgen och operation. Min vice VeC Anita fr\u00e5gade om det \u00e4r okej att hon kollar om hon kan f\u00e5 koordinatorn att flytta upp mig, och sj\u00e4lvklart f\u00e5r hon det.<\/p>\n<p>Jo, just det ja. Sista \u00e5ret jag bodde i Trollh\u00e4ttan (2000) hade jag samma problem, och l\u00e5g p\u00e5 Uddevalla sjukhus med \u00e4nnu kraftigare infektion och sm\u00e4rtor. Den g\u00e5ngen hade jag pyelostomikatetern i ca 6 m\u00e5nader, trots utlovad operation inom en m\u00e5nad, s\u00e5 jag hoppas verkligen att det inte tar ens i n\u00e4rheten s\u00e5 l\u00e5ng tid den h\u00e4r g\u00e5ngen!<\/p>\n","protected":false},"excerpt":{"rendered":"<p>I tisdags hade jag lyckats f\u00f6rhandla till mig en semesterdag, eftersom jag var s\u00e5 klantig och gl\u00f6mde l\u00e4gga in i schemat att jag beh\u00f6vde vara ledig p\u00e5 kv\u00e4llen f\u00f6r att g\u00f6ra V\u00e5rruset. Dagen b\u00f6rjade som vanligt med v\u00e4ckning vid 4 av herr Pixel, som ville ha mat, men jag lyckades somna om ett par timmar&#8230;.<\/p>\n","protected":false},"author":1,"featured_media":0,"comment_status":"open","ping_status":"open","sticky":false,"template":"","format":"standard","meta":{"jetpack_post_was_ever_published":false,"_jetpack_newsletter_access":"","_jetpack_dont_email_post_to_subs":false,"_jetpack_newsletter_tier_id":0,"_jetpack_memberships_contains_paywalled_content":false,"_jetpack_memberships_contains_paid_content":false,"footnotes":"","jetpack_publicize_message":"","jetpack_publicize_feature_enabled":true,"jetpack_social_post_already_shared":true,"jetpack_social_options":{"image_generator_settings":{"template":"highway","default_image_id":0,"font":"","enabled":false},"version":2}},"categories":[47],"tags":[402,126,247,403],"class_list":["post-3899","post","type-post","status-publish","format-standard","hentry","category-vardagsliv","tag-njursten","tag-sjuk","tag-sjukhus","tag-sjukskriven"],"jetpack_publicize_connections":[],"jetpack_featured_media_url":"","jetpack_shortlink":"https:\/\/wp.me\/p3qko4-10T","jetpack_sharing_enabled":true,"jetpack_likes_enabled":true,"jetpack-related-posts":[{"id":1208,"url":"https:\/\/blogg.fumei.se\/?p=1208","url_meta":{"origin":3899,"position":0},"title":"Tr\u00e4smak i rumpestumpen","author":"M :)","date":"2009-12-21","format":false,"excerpt":"Ig\u00e5r kv\u00e4ll, strax efter att Robin hade g\u00e5tt och lagt sig, ropade han p\u00e5 mig. Han hade helt pl\u00f6tsligt f\u00e5tt v\u00e4ldigt ont i magen, p\u00e5 en punkt invid v\u00e4nster h\u00f6ft. Det gjorde s\u00e5 ont att stackarn b\u00f6rjade gr\u00e5ta och knappt kunde ta sig upp i sittande st\u00e4llning f\u00f6r att sv\u00e4lja\u2026","rel":"","context":"I \u201dVardagsliv\u201d","block_context":{"text":"Vardagsliv","link":"https:\/\/blogg.fumei.se\/?cat=47"},"img":{"alt_text":"","src":"","width":0,"height":0},"classes":[]},{"id":3907,"url":"https:\/\/blogg.fumei.se\/?p=3907","url_meta":{"origin":3899,"position":1},"title":"N\u00e4stan sm\u00e4rtfritt","author":"M :)","date":"2016-07-12","format":false,"excerpt":"Ig\u00e5r var jag p\u00e5 urologmottagningen igen. Den h\u00e4r g\u00e5ngen f\u00f6r att ta bort avlastningskatetern som l\u00e5g i min urinledare. Det bl\u00e5 som ni ser p\u00e5 bilden \u00e4r en s\u00e5n. Det b\u00f6rjade med att jag var p\u00e5 r\u00f6ntgen i fredags. Fast egentligen skulle jag varit d\u00e4r i torsdags redan, men den\u2026","rel":"","context":"I \u201dVardagsliv\u201d","block_context":{"text":"Vardagsliv","link":"https:\/\/blogg.fumei.se\/?cat=47"},"img":{"alt_text":"65","src":"https:\/\/i0.wp.com\/blogg.fumei.se\/wp-content\/uploads\/2016\/07\/65.jpg?resize=350%2C200","width":350,"height":200},"classes":[]},{"id":4048,"url":"https:\/\/blogg.fumei.se\/?p=4048","url_meta":{"origin":3899,"position":2},"title":"Familjejul","author":"M :)","date":"2016-12-30","format":false,"excerpt":"Jag var ledig hela julhelgen (andra julen i rad, l\u00e4r ju f\u00e5 jobba n\u00e4sta jul...) och \u00e5kte (som vanligt) till mamma och pappa. Robin kom hit till mig i G\u00f6teborg ett par dagar innan julafton, f\u00f6r vi skulle ut och shoppa julklapp \u00e5t honom. Jag manipulerade honom till att v\u00e4lja\u2026","rel":"","context":"I \u201dFamiljen\u201d","block_context":{"text":"Familjen","link":"https:\/\/blogg.fumei.se\/?cat=34"},"img":{"alt_text":"","src":"https:\/\/i0.wp.com\/blogg.fumei.se\/wp-content\/uploads\/2017\/01\/20161224_100329.jpg?resize=350%2C200","width":350,"height":200,"srcset":"https:\/\/i0.wp.com\/blogg.fumei.se\/wp-content\/uploads\/2017\/01\/20161224_100329.jpg?resize=350%2C200 1x, https:\/\/i0.wp.com\/blogg.fumei.se\/wp-content\/uploads\/2017\/01\/20161224_100329.jpg?resize=525%2C300 1.5x, https:\/\/i0.wp.com\/blogg.fumei.se\/wp-content\/uploads\/2017\/01\/20161224_100329.jpg?resize=700%2C400 2x, https:\/\/i0.wp.com\/blogg.fumei.se\/wp-content\/uploads\/2017\/01\/20161224_100329.jpg?resize=1050%2C600 3x, https:\/\/i0.wp.com\/blogg.fumei.se\/wp-content\/uploads\/2017\/01\/20161224_100329.jpg?resize=1400%2C800 4x"},"classes":[]},{"id":3802,"url":"https:\/\/blogg.fumei.se\/?p=3802","url_meta":{"origin":3899,"position":3},"title":"Nu \u00e4r glada julen slut, slut slut&#8230;","author":"M :)","date":"2016-01-02","format":false,"excerpt":"S\u00e5 var julen och \u00e4ven ny\u00e5rshelgen \u00f6verst\u00f6kade f\u00f6r den h\u00e4r g\u00e5ngen! I \u00e5r hade jag turen att vara ledig hela julhelgen, s\u00e5 jag kunde umg\u00e5s med familjen utan att stressa. Jag jobbade kv\u00e4llspass dagen innan julafton, s\u00e5 jag satte mig p\u00e5 t\u00e5get direkt efter\u00e5t och \u00e5kte hem till mor och\u2026","rel":"","context":"I \u201dVardagsliv\u201d","block_context":{"text":"Vardagsliv","link":"https:\/\/blogg.fumei.se\/?cat=47"},"img":{"alt_text":"","src":"https:\/\/i0.wp.com\/blogg.fumei.se\/wp-content\/uploads\/2016\/01\/2015-12-24-17.45.03.jpg?resize=350%2C200","width":350,"height":200,"srcset":"https:\/\/i0.wp.com\/blogg.fumei.se\/wp-content\/uploads\/2016\/01\/2015-12-24-17.45.03.jpg?resize=350%2C200 1x, https:\/\/i0.wp.com\/blogg.fumei.se\/wp-content\/uploads\/2016\/01\/2015-12-24-17.45.03.jpg?resize=525%2C300 1.5x, https:\/\/i0.wp.com\/blogg.fumei.se\/wp-content\/uploads\/2016\/01\/2015-12-24-17.45.03.jpg?resize=700%2C400 2x, https:\/\/i0.wp.com\/blogg.fumei.se\/wp-content\/uploads\/2016\/01\/2015-12-24-17.45.03.jpg?resize=1050%2C600 3x, https:\/\/i0.wp.com\/blogg.fumei.se\/wp-content\/uploads\/2016\/01\/2015-12-24-17.45.03.jpg?resize=1400%2C800 4x"},"classes":[]},{"id":3902,"url":"https:\/\/blogg.fumei.se\/?p=3902","url_meta":{"origin":3899,"position":4},"title":"Sjukstuga no more!","author":"M :)","date":"2016-06-14","format":false,"excerpt":"\u00c4ntligen \u00e4r b\u00e5de sten och pyelostomiketeter borta! Jag fick f\u00f6rst en tid f\u00f6r operation den 17:e Juni, men s\u00e5 kom det ett brev d\u00e4r de beklagade att de hade f\u00e5tt flytta fram operationsdatumet till den 29:e Juni ist\u00e4llet. Den 7:e Juni var jag p\u00e5 urologmottagningen f\u00f6r bed\u00f6mning, provtagning och inskrivning\u2026","rel":"","context":"I \u201dVardagsliv\u201d","block_context":{"text":"Vardagsliv","link":"https:\/\/blogg.fumei.se\/?cat=47"},"img":{"alt_text":"","src":"","width":0,"height":0},"classes":[]},{"id":3760,"url":"https:\/\/blogg.fumei.se\/?p=3760","url_meta":{"origin":3899,"position":5},"title":"Jag ska bli sambo igen","author":"M :)","date":"2015-11-15","format":false,"excerpt":"Men lugn...det \u00e4r inte alls som ni t\u00e4nker och tror... S\u00e5 l\u00e4nge jag kan minnas har vi haft katt hemma hos oss. F\u00f6r det mesta en enda i taget men ibland flera stycken. De perioder jag inte haft katt har jag alltid velat ha en, har saknat det d\u00e4r lilla\u2026","rel":"","context":"I \u201dHemmet\u201d","block_context":{"text":"Hemmet","link":"https:\/\/blogg.fumei.se\/?cat=31"},"img":{"alt_text":"12233395_1650765661864180_1340053042_n","src":"https:\/\/i0.wp.com\/blogg.fumei.se\/wp-content\/uploads\/2015\/11\/12233395_1650765661864180_1340053042_n-225x300.jpg?resize=350%2C200","width":350,"height":200},"classes":[]}],"_links":{"self":[{"href":"https:\/\/blogg.fumei.se\/index.php?rest_route=\/wp\/v2\/posts\/3899","targetHints":{"allow":["GET"]}}],"collection":[{"href":"https:\/\/blogg.fumei.se\/index.php?rest_route=\/wp\/v2\/posts"}],"about":[{"href":"https:\/\/blogg.fumei.se\/index.php?rest_route=\/wp\/v2\/types\/post"}],"author":[{"embeddable":true,"href":"https:\/\/blogg.fumei.se\/index.php?rest_route=\/wp\/v2\/users\/1"}],"replies":[{"embeddable":true,"href":"https:\/\/blogg.fumei.se\/index.php?rest_route=%2Fwp%2Fv2%2Fcomments&post=3899"}],"version-history":[{"count":6,"href":"https:\/\/blogg.fumei.se\/index.php?rest_route=\/wp\/v2\/posts\/3899\/revisions"}],"predecessor-version":[{"id":6979,"href":"https:\/\/blogg.fumei.se\/index.php?rest_route=\/wp\/v2\/posts\/3899\/revisions\/6979"}],"wp:attachment":[{"href":"https:\/\/blogg.fumei.se\/index.php?rest_route=%2Fwp%2Fv2%2Fmedia&parent=3899"}],"wp:term":[{"taxonomy":"category","embeddable":true,"href":"https:\/\/blogg.fumei.se\/index.php?rest_route=%2Fwp%2Fv2%2Fcategories&post=3899"},{"taxonomy":"post_tag","embeddable":true,"href":"https:\/\/blogg.fumei.se\/index.php?rest_route=%2Fwp%2Fv2%2Ftags&post=3899"}],"curies":[{"name":"wp","href":"https:\/\/api.w.org\/{rel}","templated":true}]}}