{"id":39,"date":"2011-05-23T07:00:00","date_gmt":"2011-05-23T07:00:00","guid":{"rendered":"\/Blogg\/post\/Mera-grattis.aspx"},"modified":"2024-12-12T14:28:00","modified_gmt":"2024-12-12T13:28:00","slug":"mera-grattis","status":"publish","type":"post","link":"https:\/\/blogg.fumei.se\/?p=39","title":{"rendered":"Mera grattis"},"content":{"rendered":"<p style=\"text-align: center;\">Idag fyller mosters myra 4\u00a0\u00e5r!<\/p>\n<p style=\"text-align: center;\"><span style=\"font-size: large;\">Grattis p\u00e5 f\u00f6delsedagen!<\/span><\/p>\n<p style=\"text-align: center;\"><a href=\"https:\/\/i0.wp.com\/blogg.fumei.se\/wp-content\/uploads\/2011\/05\/Tyra4-emeff2011.png?ssl=1\"><img data-recalc-dims=\"1\" loading=\"lazy\" decoding=\"async\" data-attachment-id=\"1255\" data-permalink=\"https:\/\/blogg.fumei.se\/?attachment_id=1255\" data-orig-file=\"https:\/\/i0.wp.com\/blogg.fumei.se\/wp-content\/uploads\/2011\/05\/Tyra4-emeff2011.png?fit=556%2C571&amp;ssl=1\" data-orig-size=\"556,571\" data-comments-opened=\"1\" data-image-meta=\"{&quot;aperture&quot;:&quot;0&quot;,&quot;credit&quot;:&quot;&quot;,&quot;camera&quot;:&quot;&quot;,&quot;caption&quot;:&quot;&quot;,&quot;created_timestamp&quot;:&quot;0&quot;,&quot;copyright&quot;:&quot;&quot;,&quot;focal_length&quot;:&quot;0&quot;,&quot;iso&quot;:&quot;0&quot;,&quot;shutter_speed&quot;:&quot;0&quot;,&quot;title&quot;:&quot;&quot;}\" data-image-title=\"Tyra4-emeff2011\" data-image-description=\"\" data-image-caption=\"\" data-large-file=\"https:\/\/i0.wp.com\/blogg.fumei.se\/wp-content\/uploads\/2011\/05\/Tyra4-emeff2011.png?fit=556%2C571&amp;ssl=1\" class=\"aligncenter size-full wp-image-1255\" title=\"Tyra4-emeff2011\" src=\"https:\/\/i0.wp.com\/blogg.fumei.se\/wp-content\/uploads\/2011\/05\/Tyra4-emeff2011.png?resize=556%2C571&#038;ssl=1\" alt=\"\" width=\"556\" height=\"571\" srcset=\"https:\/\/i0.wp.com\/blogg.fumei.se\/wp-content\/uploads\/2011\/05\/Tyra4-emeff2011.png?w=556&amp;ssl=1 556w, https:\/\/i0.wp.com\/blogg.fumei.se\/wp-content\/uploads\/2011\/05\/Tyra4-emeff2011.png?resize=292%2C300&amp;ssl=1 292w\" sizes=\"auto, (max-width: 556px) 100vw, 556px\" \/><\/a><\/p>\n<p style=\"text-align: center;\">\u00a0<\/p>\n<p style=\"text-align: center;\">\u00a0<\/p>\n<p style=\"text-align: center;\">\u00a0<\/p>\n","protected":false},"excerpt":{"rendered":"<p>Idag fyller mosters myra 4\u00a0\u00e5r! Grattis p\u00e5 f\u00f6delsedagen! \u00a0 \u00a0 \u00a0<\/p>\n","protected":false},"author":1,"featured_media":0,"comment_status":"open","ping_status":"open","sticky":false,"template":"","format":"standard","meta":{"jetpack_post_was_ever_published":false,"_jetpack_newsletter_access":"","_jetpack_dont_email_post_to_subs":false,"_jetpack_newsletter_tier_id":0,"_jetpack_memberships_contains_paywalled_content":false,"_jetpack_memberships_contains_paid_content":false,"footnotes":"","jetpack_publicize_message":"","jetpack_publicize_feature_enabled":true,"jetpack_social_post_already_shared":false,"jetpack_social_options":{"image_generator_settings":{"template":"highway","default_image_id":0,"font":"","enabled":false},"version":2}},"categories":[47],"tags":[220,298,338,712],"class_list":["post-39","post","type-post","status-publish","format-standard","hentry","category-vardagsliv","tag-fira","tag-grattis","tag-hurra","tag-systerdotter"],"jetpack_publicize_connections":[],"jetpack_featured_media_url":"","jetpack_shortlink":"https:\/\/wp.me\/p3qko4-D","jetpack_sharing_enabled":true,"jetpack_likes_enabled":true,"jetpack-related-posts":[{"id":4537,"url":"https:\/\/blogg.fumei.se\/?p=4537","url_meta":{"origin":39,"position":0},"title":"Grattis Tyra!","author":"M :)","date":"2018-05-23","format":false,"excerpt":"Idag fyller yngsta systerdottern 11 \u00e5r. GRATTIS \u00d6nskar moster & Robin Fia, Linus & Juliah mormor Lis Roberto & Isabella Silvio, Lovisa & Victor","rel":"","context":"I \u201dFamiljen\u201d","block_context":{"text":"Familjen","link":"https:\/\/blogg.fumei.se\/?cat=34"},"img":{"alt_text":"","src":"https:\/\/i0.wp.com\/blogg.fumei.se\/wp-content\/uploads\/2018\/05\/4232018192716.jpg?resize=350%2C200","width":350,"height":200,"srcset":"https:\/\/i0.wp.com\/blogg.fumei.se\/wp-content\/uploads\/2018\/05\/4232018192716.jpg?resize=350%2C200 1x, https:\/\/i0.wp.com\/blogg.fumei.se\/wp-content\/uploads\/2018\/05\/4232018192716.jpg?resize=525%2C300 1.5x, https:\/\/i0.wp.com\/blogg.fumei.se\/wp-content\/uploads\/2018\/05\/4232018192716.jpg?resize=700%2C400 2x"},"classes":[]},{"id":2957,"url":"https:\/\/blogg.fumei.se\/?p=2957","url_meta":{"origin":39,"position":1},"title":"Mosters myra","author":"M :)","date":"2013-05-23","format":false,"excerpt":"fyller 6 \u00e5r idag! Hipp hurra p\u00e5 din f\u00f6delsedag! Grattiskramar fr\u00e5n moster, Fia & Robin.","rel":"","context":"I \u201dVardagsliv\u201d","block_context":{"text":"Vardagsliv","link":"https:\/\/blogg.fumei.se\/?cat=47"},"img":{"alt_text":"","src":"","width":0,"height":0},"classes":[]},{"id":6852,"url":"https:\/\/blogg.fumei.se\/?p=6852","url_meta":{"origin":39,"position":2},"title":"F\u00f6delsedagsbarn!","author":"M :)","date":"2024-03-15","format":false,"excerpt":"Idag firar vi att Juliah fyller 10 \u00e5r! Hurra, hurra, hurra hurra!","rel":"","context":"I \u201dFamiljen\u201d","block_context":{"text":"Familjen","link":"https:\/\/blogg.fumei.se\/?cat=34"},"img":{"alt_text":"","src":"https:\/\/i0.wp.com\/blogg.fumei.se\/wp-content\/uploads\/2024\/04\/2BCAC044-D7DA-4B74-ADF5-2624442159C1_1_105_c.jpeg?resize=350%2C200&ssl=1","width":350,"height":200,"srcset":"https:\/\/i0.wp.com\/blogg.fumei.se\/wp-content\/uploads\/2024\/04\/2BCAC044-D7DA-4B74-ADF5-2624442159C1_1_105_c.jpeg?resize=350%2C200&ssl=1 1x, https:\/\/i0.wp.com\/blogg.fumei.se\/wp-content\/uploads\/2024\/04\/2BCAC044-D7DA-4B74-ADF5-2624442159C1_1_105_c.jpeg?resize=525%2C300&ssl=1 1.5x, https:\/\/i0.wp.com\/blogg.fumei.se\/wp-content\/uploads\/2024\/04\/2BCAC044-D7DA-4B74-ADF5-2624442159C1_1_105_c.jpeg?resize=700%2C400&ssl=1 2x"},"classes":[]},{"id":2741,"url":"https:\/\/blogg.fumei.se\/?p=2741","url_meta":{"origin":39,"position":3},"title":"F\u00f6delsedagsdags!","author":"M :)","date":"2012-08-23","format":false,"excerpt":"Idag \u00e4r det 10 \u00e5r sedan min \u00e4ldsta systerdotter Frida f\u00f6ddes, s\u00e5 idag hurrar vi f\u00f6r henne! Hipp hurra! GRATTIS \u00f6nskar moster, Fia, Robin, Jorge och Stella","rel":"","context":"I \u201dFamiljen\u201d","block_context":{"text":"Familjen","link":"https:\/\/blogg.fumei.se\/?cat=34"},"img":{"alt_text":"","src":"https:\/\/i0.wp.com\/blogg.fumei.se\/wp-content\/uploads\/2012\/08\/Frida10-emeff2012.png?resize=350%2C200","width":350,"height":200,"srcset":"https:\/\/i0.wp.com\/blogg.fumei.se\/wp-content\/uploads\/2012\/08\/Frida10-emeff2012.png?resize=350%2C200 1x, https:\/\/i0.wp.com\/blogg.fumei.se\/wp-content\/uploads\/2012\/08\/Frida10-emeff2012.png?resize=525%2C300 1.5x"},"classes":[]},{"id":3454,"url":"https:\/\/blogg.fumei.se\/?p=3454","url_meta":{"origin":39,"position":4},"title":"Idag fyller vi \u00e5r!","author":"M :)","date":"2015-01-17","format":false,"excerpt":"Vi b\u00f6rjar med att hurra f\u00f6r den h\u00e4r killen: Hipp hurra f\u00f6r Victor idag p\u00e5 din 6-\u00e5rsdag! GRATTIS \u00f6nskar faster, farmor, farfar, Robin, Fia, Linus och Juliah. Och ja, det \u00e4r ju faktiskt min f\u00f6delsedag ocks\u00e5, s\u00e5 hurra och grattis till mig ocks\u00e5! N\u00e5gra andra som fyller \u00e5r idag \u00e4r\u2026","rel":"","context":"I \u201dVardagsliv\u201d","block_context":{"text":"Vardagsliv","link":"https:\/\/blogg.fumei.se\/?cat=47"},"img":{"alt_text":"Victor6-emeff2015","src":"https:\/\/i0.wp.com\/blogg.fumei.se\/wp-content\/uploads\/2015\/01\/Victor6-emeff2015.jpg?resize=350%2C200","width":350,"height":200,"srcset":"https:\/\/i0.wp.com\/blogg.fumei.se\/wp-content\/uploads\/2015\/01\/Victor6-emeff2015.jpg?resize=350%2C200 1x, https:\/\/i0.wp.com\/blogg.fumei.se\/wp-content\/uploads\/2015\/01\/Victor6-emeff2015.jpg?resize=525%2C300 1.5x"},"classes":[]},{"id":2372,"url":"https:\/\/blogg.fumei.se\/?p=2372","url_meta":{"origin":39,"position":5},"title":"Herrej\u00f6sses vad tiden g\u00e5r!","author":"M :)","date":"2012-05-23","format":false,"excerpt":"Idag \u00e4r det redan 5 \u00e5r sedan mosters myra s\u00e5g dagens ljus! GRATTIS \u00f6nskar moster, Fia, Robin och Jorge. Och Stella. man kan klicka p\u00e5 bilden s\u00e5 den blir st\u00f6rre","rel":"","context":"I \u201dVardagsliv\u201d","block_context":{"text":"Vardagsliv","link":"https:\/\/blogg.fumei.se\/?cat=47"},"img":{"alt_text":"","src":"https:\/\/i0.wp.com\/blogg.fumei.se\/wp-content\/uploads\/2012\/05\/Tyra5-emeff2012-300x300.jpg?resize=350%2C200","width":350,"height":200},"classes":[]}],"_links":{"self":[{"href":"https:\/\/blogg.fumei.se\/index.php?rest_route=\/wp\/v2\/posts\/39","targetHints":{"allow":["GET"]}}],"collection":[{"href":"https:\/\/blogg.fumei.se\/index.php?rest_route=\/wp\/v2\/posts"}],"about":[{"href":"https:\/\/blogg.fumei.se\/index.php?rest_route=\/wp\/v2\/types\/post"}],"author":[{"embeddable":true,"href":"https:\/\/blogg.fumei.se\/index.php?rest_route=\/wp\/v2\/users\/1"}],"replies":[{"embeddable":true,"href":"https:\/\/blogg.fumei.se\/index.php?rest_route=%2Fwp%2Fv2%2Fcomments&post=39"}],"version-history":[{"count":2,"href":"https:\/\/blogg.fumei.se\/index.php?rest_route=\/wp\/v2\/posts\/39\/revisions"}],"predecessor-version":[{"id":7163,"href":"https:\/\/blogg.fumei.se\/index.php?rest_route=\/wp\/v2\/posts\/39\/revisions\/7163"}],"wp:attachment":[{"href":"https:\/\/blogg.fumei.se\/index.php?rest_route=%2Fwp%2Fv2%2Fmedia&parent=39"}],"wp:term":[{"taxonomy":"category","embeddable":true,"href":"https:\/\/blogg.fumei.se\/index.php?rest_route=%2Fwp%2Fv2%2Fcategories&post=39"},{"taxonomy":"post_tag","embeddable":true,"href":"https:\/\/blogg.fumei.se\/index.php?rest_route=%2Fwp%2Fv2%2Ftags&post=39"}],"curies":[{"name":"wp","href":"https:\/\/api.w.org\/{rel}","templated":true}]}}