{"id":3902,"date":"2016-06-14T20:52:54","date_gmt":"2016-06-14T18:52:54","guid":{"rendered":"http:\/\/blogg.fumei.se\/?p=3902"},"modified":"2016-07-10T17:10:49","modified_gmt":"2016-07-10T15:10:49","slug":"sjukstuga-no-more","status":"publish","type":"post","link":"https:\/\/blogg.fumei.se\/?p=3902","title":{"rendered":"Sjukstuga no more!"},"content":{"rendered":"<p>\u00c4ntligen \u00e4r b\u00e5de sten och pyelostomiketeter borta!<\/p>\n<p>Jag fick f\u00f6rst en tid f\u00f6r operation den 17:e Juni, men s\u00e5 kom det ett brev d\u00e4r de beklagade att de hade f\u00e5tt flytta fram operationsdatumet till den 29:e Juni ist\u00e4llet. Den 7:e Juni var jag p\u00e5 urologmottagningen f\u00f6r bed\u00f6mning, provtagning och inskrivning inf\u00f6r operation, och d\u00e5 passade jag p\u00e5 att be om ett nytt l\u00e4karintyg, eftersom jag fr\u00e5n b\u00f6rjan bara var sjukskriven till den 21:a Juni.<\/p>\n<p>Dagen efter var jag p\u00e5 v\u00e5rdcentralen f\u00f6r oml\u00e4ggning av katetern och sedan \u00e5kte jag till jobbet f\u00f6r att l\u00e4mna mitt nya l\u00e4karintyg. Anita ber\u00e4ttade att hon pratat med koordinatorn som f\u00f6rstod mycket v\u00e4l, men inte kunde g\u00f6ra s\u00e5 hemskt mycket \u00e4nd\u00e5. men n\u00e4r jag kom hem p\u00e5 eftermiddagen ringde samma koordinator fr\u00e5n Sahlgrenska och sa att de hade f\u00e5tt ett \u00e5terbud n\u00e4sta dag, s\u00e5 om jag ville ha den tiden?! Jaaaaa!!!!!<\/p>\n<p>P\u00e5 operationsdagen visade det sig att jag hade \u00e4nnu mera tur, f\u00f6r patienten som skulle opererats som nummer tv\u00e5 kom aldrig, s\u00e5 ist\u00e4llet tog de in mig tidigare. Efter operation och uppvak och lite prat med doktor fick jag \u00e5ka hem igen, fortfarande med kateter men nu utan p\u00e5se. Men jag har en avlastningskateter i ena urinledaren som ska hindra gruset fr\u00e5n njuren att proppa igen urinledaren. den ska tas bort den 18:e Juli.<\/p>\n<p>P\u00e5 m\u00e5ndag 13 Juni \u00e5kte jag tillbaka till urologen d\u00e4r de drog katetern och gav mig lite mer antibiotika (tydligen var det n\u00e5gra elaka baciller kvar i urinen jag l\u00e4mnade p\u00e5 inskrivningsdagen) och sa att jag kunde b\u00f6rja jobba igen veckan efter. ha! Jag \u00e5kte hem, friskskrev mig p\u00e5 F\u00f6rs\u00e4kringskassans hemsida och ringde sen till jobbet och meddelade att jag skulle komma n\u00e4sta schemalagda arbetsdag!<\/p>\n<p>Och det \u00e4r imorgon, s\u00e5 nu m\u00e5ste jag fixa en matl\u00e5da innan jag g\u00e5r och l\u00e4gger mig!<\/p>\n","protected":false},"excerpt":{"rendered":"<p>\u00c4ntligen \u00e4r b\u00e5de sten och pyelostomiketeter borta! Jag fick f\u00f6rst en tid f\u00f6r operation den 17:e Juni, men s\u00e5 kom det ett brev d\u00e4r de beklagade att de hade f\u00e5tt flytta fram operationsdatumet till den 29:e Juni ist\u00e4llet. Den 7:e Juni var jag p\u00e5 urologmottagningen f\u00f6r bed\u00f6mning, provtagning och inskrivning inf\u00f6r operation, och d\u00e5 passade&#8230;<\/p>\n","protected":false},"author":1,"featured_media":0,"comment_status":"open","ping_status":"open","sticky":false,"template":"","format":"standard","meta":{"jetpack_post_was_ever_published":false,"_jetpack_newsletter_access":"","_jetpack_dont_email_post_to_subs":false,"_jetpack_newsletter_tier_id":0,"_jetpack_memberships_contains_paywalled_content":false,"_jetpack_memberships_contains_paid_content":false,"footnotes":"","jetpack_publicize_message":"","jetpack_publicize_feature_enabled":true,"jetpack_social_post_already_shared":true,"jetpack_social_options":{"image_generator_settings":{"template":"highway","default_image_id":0,"font":"","enabled":false},"version":2}},"categories":[47],"tags":[402,126,403],"class_list":["post-3902","post","type-post","status-publish","format-standard","hentry","category-vardagsliv","tag-njursten","tag-sjuk","tag-sjukskriven"],"jetpack_publicize_connections":[],"jetpack_featured_media_url":"","jetpack_shortlink":"https:\/\/wp.me\/p3qko4-10W","jetpack_sharing_enabled":true,"jetpack_likes_enabled":true,"jetpack-related-posts":[{"id":3997,"url":"https:\/\/blogg.fumei.se\/?p=3997","url_meta":{"origin":3902,"position":0},"title":"\u00c5rsredovisning","author":"M :)","date":"2016-12-31","format":false,"excerpt":"\u00c5rets sista dag \u00e4r h\u00e4r, och jag funderar lite p\u00e5 vad jag egentligen gjort det h\u00e4r \u00e5ret. Inte s\u00e5 mycket, tror jag, men jag f\u00e5r v\u00e4l stolpa upp det f\u00f6r att f\u00e5 b\u00e4ttre koll. Januari: Inget n\u00e4mnv\u00e4rt som h\u00e4nde, f\u00f6rutom mitt livs mest ledsamma f\u00f6delsedag. Ensam hemma i soffan. Best\u00e4mde\u2026","rel":"","context":"I \u201dVardagsliv\u201d","block_context":{"text":"Vardagsliv","link":"https:\/\/blogg.fumei.se\/?cat=47"},"img":{"alt_text":"","src":"https:\/\/i0.wp.com\/blogg.fumei.se\/wp-content\/uploads\/2016\/12\/5863e01e93534.image_-300x200.jpg?resize=350%2C200","width":350,"height":200},"classes":[]},{"id":1214,"url":"https:\/\/blogg.fumei.se\/?p=1214","url_meta":{"origin":3902,"position":1},"title":"WTF??!!","author":"M :)","date":"2009-12-15","format":false,"excerpt":"\u00c4r m\u00e5ttligt road idag. Faktiskt tom r\u00e4tt j\u00e4kla irriterad, n\u00e4stan snudd p\u00e5 f\u00f6rbannad. Och framf\u00f6rallt fundersam.Jag fick en elr\u00e4kning idag. Igen. Jag fick en f\u00f6rra m\u00e5naden. Inget konstigt med det, kan tyckas. Men nu \u00e4r det s\u00e5 att f\u00f6rra r\u00e4kningen var p\u00e5 945 kronor. Den t\u00e4cker perioden 23 Juni till\u2026","rel":"","context":"I \u201dVardagsliv\u201d","block_context":{"text":"Vardagsliv","link":"https:\/\/blogg.fumei.se\/?cat=47"},"img":{"alt_text":"","src":"","width":0,"height":0},"classes":[]},{"id":35,"url":"https:\/\/blogg.fumei.se\/?p=35","url_meta":{"origin":3902,"position":2},"title":"S\u00f6ndag p\u00e5 Torsdag","author":"M :)","date":"2011-06-02","format":false,"excerpt":"Ja det \u00e4r ju lite s\u00e5 det \u00e4r, n\u00e4r det \u00e4r \"r\u00f6d\" dag i almanackan och helgdag. Aff\u00e4rer, banker och andra mer eller mindre viktiga institutioner och inr\u00e4ttningar h\u00e5ller st\u00e4ngt. Dock inte sjukhus, vilket inneb\u00e4r att jag jobbar \u00e4ven s\u00e5dana dagar. Tyv\u00e4rr blir det inte av att jag g\u00f6r det,\u2026","rel":"","context":"I \u201dVardagsliv\u201d","block_context":{"text":"Vardagsliv","link":"https:\/\/blogg.fumei.se\/?cat=47"},"img":{"alt_text":"","src":"","width":0,"height":0},"classes":[]},{"id":2928,"url":"https:\/\/blogg.fumei.se\/?p=2928","url_meta":{"origin":3902,"position":3},"title":"Sl\u00e5 d\u00f6v\u00f6rat till","author":"M :)","date":"2013-02-23","format":false,"excerpt":"Det har jag ju i praktiken kunnat g\u00f6ra s\u00e5 l\u00e4nge jag kan minnas. Det b\u00f6rjade ju med n\u00e5gra \u00f6roninflammationer n\u00e4r jag var barn, fortsatte med st\u00e4ndig v\u00e4rk i \u00f6rat och till slut ett antal operationer under n\u00e5gra \u00e5r, f\u00f6r att jag till slut hamnade hos en l\u00e4kare som verkligen kollade\u2026","rel":"","context":"I \u201dVardagsliv\u201d","block_context":{"text":"Vardagsliv","link":"https:\/\/blogg.fumei.se\/?cat=47"},"img":{"alt_text":"kallelseh\u00f6r","src":"https:\/\/i0.wp.com\/blogg.fumei.se\/wp-content\/uploads\/2013\/02\/kallelseh%C3%B6r.jpg?resize=350%2C200","width":350,"height":200},"classes":[]},{"id":746,"url":"https:\/\/blogg.fumei.se\/?p=746","url_meta":{"origin":3902,"position":4},"title":"Inget l\u00e5ngt arbetspass","author":"M :)","date":"2008-12-12","format":false,"excerpt":"f\u00f6r min del idag. Jag kom till jobbet vid halv tv\u00e5 som vanligt n\u00e4r jag ska jobba kv\u00e4llspass, men vid 15-tiden n\u00e4r jag skulle koppla in en apparat fick jag mig en elektrisk st\u00f6t som hette duga, s\u00e5 det vara bara att traska ner till akuten s\u00e5 att de fick\u2026","rel":"","context":"I \u201dVardagsliv\u201d","block_context":{"text":"Vardagsliv","link":"https:\/\/blogg.fumei.se\/?cat=47"},"img":{"alt_text":"","src":"","width":0,"height":0},"classes":[]},{"id":3899,"url":"https:\/\/blogg.fumei.se\/?p=3899","url_meta":{"origin":3902,"position":5},"title":"Sjukstuga","author":"M :)","date":"2016-05-18","format":false,"excerpt":"I tisdags hade jag lyckats f\u00f6rhandla till mig en semesterdag, eftersom jag var s\u00e5 klantig och gl\u00f6mde l\u00e4gga in i schemat att jag beh\u00f6vde vara ledig p\u00e5 kv\u00e4llen f\u00f6r att g\u00f6ra V\u00e5rruset. Dagen b\u00f6rjade som vanligt med v\u00e4ckning vid 4 av herr Pixel, som ville ha mat, men jag lyckades\u2026","rel":"","context":"I \u201dVardagsliv\u201d","block_context":{"text":"Vardagsliv","link":"https:\/\/blogg.fumei.se\/?cat=47"},"img":{"alt_text":"","src":"https:\/\/i0.wp.com\/blogg.fumei.se\/wp-content\/uploads\/2016\/05\/sayco-fabric-legbag-holder.jpg?resize=350%2C200","width":350,"height":200},"classes":[]}],"_links":{"self":[{"href":"https:\/\/blogg.fumei.se\/index.php?rest_route=\/wp\/v2\/posts\/3902","targetHints":{"allow":["GET"]}}],"collection":[{"href":"https:\/\/blogg.fumei.se\/index.php?rest_route=\/wp\/v2\/posts"}],"about":[{"href":"https:\/\/blogg.fumei.se\/index.php?rest_route=\/wp\/v2\/types\/post"}],"author":[{"embeddable":true,"href":"https:\/\/blogg.fumei.se\/index.php?rest_route=\/wp\/v2\/users\/1"}],"replies":[{"embeddable":true,"href":"https:\/\/blogg.fumei.se\/index.php?rest_route=%2Fwp%2Fv2%2Fcomments&post=3902"}],"version-history":[{"count":1,"href":"https:\/\/blogg.fumei.se\/index.php?rest_route=\/wp\/v2\/posts\/3902\/revisions"}],"predecessor-version":[{"id":3903,"href":"https:\/\/blogg.fumei.se\/index.php?rest_route=\/wp\/v2\/posts\/3902\/revisions\/3903"}],"wp:attachment":[{"href":"https:\/\/blogg.fumei.se\/index.php?rest_route=%2Fwp%2Fv2%2Fmedia&parent=3902"}],"wp:term":[{"taxonomy":"category","embeddable":true,"href":"https:\/\/blogg.fumei.se\/index.php?rest_route=%2Fwp%2Fv2%2Fcategories&post=3902"},{"taxonomy":"post_tag","embeddable":true,"href":"https:\/\/blogg.fumei.se\/index.php?rest_route=%2Fwp%2Fv2%2Ftags&post=3902"}],"curies":[{"name":"wp","href":"https:\/\/api.w.org\/{rel}","templated":true}]}}