{"id":395,"date":"2011-08-27T08:36:51","date_gmt":"2011-08-27T06:36:51","guid":{"rendered":"http:\/\/blogg.fumei.se\/?p=395"},"modified":"2011-08-27T08:38:12","modified_gmt":"2011-08-27T06:38:12","slug":"adressandring","status":"publish","type":"post","link":"https:\/\/blogg.fumei.se\/?p=395","title":{"rendered":"Adress\u00e4ndring"},"content":{"rendered":"<p>Bloggen har f\u00e5tt ny adress och en lite lagom ny look. Det \u00e4r k\u00e4re bror som har ordnat s\u00e5 att allt jag har i mina tv\u00e5 bloggar nu kan f\u00f6ras \u00f6ver till en enda, gemensam blogg tack vare att den nu k\u00f6rs i wordpress! tack Silvio!<\/p>\n<p>Tills vidare \u00e4r den lite fattig p\u00e5 bilder, f\u00f6r av n\u00e5gon anledning exporterades inte bilderna som de skulle, s\u00e5 jag l\u00e4gger upp alla bilder manuellt ist\u00e4llet.<\/p>\n<p>F\u00e4rgerna och texten \u00e4r inte heller helt 100% klara, men med lite tid och en massa t\u00e5lamod (eller var det tv\u00e4rtom?) s\u00e5 ska det snart bli s\u00e5d\u00e4r alldeles bra som jag vill ha det.<\/p>\n","protected":false},"excerpt":{"rendered":"<p>Bloggen har f\u00e5tt ny adress och en lite lagom ny look. Det \u00e4r k\u00e4re bror som har ordnat s\u00e5 att allt jag har i mina tv\u00e5 bloggar nu kan f\u00f6ras \u00f6ver till en enda, gemensam blogg tack vare att den nu k\u00f6rs i wordpress! tack Silvio! Tills vidare \u00e4r den lite fattig p\u00e5 bilder, f\u00f6r&#8230;<\/p>\n","protected":false},"author":1,"featured_media":0,"comment_status":"open","ping_status":"open","sticky":false,"template":"","format":"standard","meta":{"jetpack_post_was_ever_published":false,"_jetpack_newsletter_access":"","_jetpack_dont_email_post_to_subs":false,"_jetpack_newsletter_tier_id":0,"_jetpack_memberships_contains_paywalled_content":false,"_jetpack_memberships_contains_paid_content":false,"footnotes":"","jetpack_publicize_message":"","jetpack_publicize_feature_enabled":true,"jetpack_social_post_already_shared":false,"jetpack_social_options":{"image_generator_settings":{"template":"highway","default_image_id":0,"font":"","enabled":false},"version":2}},"categories":[47],"tags":[],"class_list":["post-395","post","type-post","status-publish","format-standard","hentry","category-vardagsliv"],"jetpack_publicize_connections":[],"jetpack_featured_media_url":"","jetpack_shortlink":"https:\/\/wp.me\/p3qko4-6n","jetpack_sharing_enabled":true,"jetpack_likes_enabled":true,"jetpack-related-posts":[{"id":208,"url":"https:\/\/blogg.fumei.se\/?p=208","url_meta":{"origin":395,"position":0},"title":"Shoppat loss","author":"EmEff","date":"2010-07-01","format":false,"excerpt":"Idag har jag och Fia varit p\u00e5 IKEA med Sylwia och Carina. Jag beh\u00f6vde ju som bekant g\u00f6ra en liten resa dit f\u00f6r att se p\u00e5 deras gardinskenor, s\u00e5 varf\u00f6r inte passa p\u00e5 n\u00e4r jag \u00e4r ledig och g\u00f6ra en dagsutflykt av det hela?Jag hittade gardinskenor - jippii - och\u2026","rel":"","context":"I \u201dVardagsliv\u201d","block_context":{"text":"Vardagsliv","link":"https:\/\/blogg.fumei.se\/?cat=47"},"img":{"alt_text":"","src":"","width":0,"height":0},"classes":[]},{"id":60,"url":"https:\/\/blogg.fumei.se\/?p=60","url_meta":{"origin":395,"position":1},"title":"Inspirationsanfall","author":"M :)","date":"2011-03-16","format":false,"excerpt":"Jag har inte lekt i PSP (Paint Shop Pro) p\u00e5 l\u00e4nge pga brist p\u00e5 inspiration och lust, men\u00a0 idag fick jag ett attackanfall av inspiration - fast det b\u00f6rjade egentligen ig\u00e5r kv\u00e4ll (varf\u00f6r f\u00e5r man alltid lust att g\u00f6ra saker p\u00e5 kv\u00e4llen??) - s\u00e5 jag kn\u00e5pade ihop en ny header\u2026","rel":"","context":"I \u201dVardagsliv\u201d","block_context":{"text":"Vardagsliv","link":"https:\/\/blogg.fumei.se\/?cat=47"},"img":{"alt_text":"","src":"","width":0,"height":0},"classes":[]},{"id":145,"url":"https:\/\/blogg.fumei.se\/?p=145","url_meta":{"origin":395,"position":2},"title":"Jul, jul, str\u00e5lande jul&#8230;","author":"M :)","date":"2010-12-27","format":false,"excerpt":"Julen har b\u00e5de kommit och g\u00e5tt, och jag har varit urd\u00e5lig p\u00e5 att blogga den senaste tiden, s\u00e5 nu blir det ett s\u00e5nt d\u00e4r komprimerande inl\u00e4gg igen.Jag har som vanligt jobbat en massa, och knappt gjort n\u00e5got annat. N\u00e5got s\u00e4rskilt julpyntande eller fixande har jag inte beh\u00f6vt \u00e4gna mig \u00e5t,\u2026","rel":"","context":"I \u201dVardagsliv\u201d","block_context":{"text":"Vardagsliv","link":"https:\/\/blogg.fumei.se\/?cat=47"},"img":{"alt_text":"","src":"","width":0,"height":0},"classes":[]},{"id":1082,"url":"https:\/\/blogg.fumei.se\/?p=1082","url_meta":{"origin":395,"position":3},"title":"Fixelifix","author":"M :)","date":"2009-08-02","format":false,"excerpt":"N\u00e4r Anders var h\u00e4r och fikade i s\u00f6ndags s\u00e5 fick han ett anfall av fixarsjuka och satte upp lampa i vardagsrummet \u00e5t mig. *tack* Fia blev lite putt \u00f6ver att hon var den enda i familjen som inte hade f\u00e5tt upp lampa i taket \u00e4n, s\u00e5 jag lovade att jag\u2026","rel":"","context":"I \u201dVardagsliv\u201d","block_context":{"text":"Vardagsliv","link":"https:\/\/blogg.fumei.se\/?cat=47"},"img":{"alt_text":"","src":"","width":0,"height":0},"classes":[]},{"id":50,"url":"https:\/\/blogg.fumei.se\/?p=50","url_meta":{"origin":395,"position":4},"title":"Var ska jag b\u00f6rja?","author":"M :)","date":"2011-04-17","format":false,"excerpt":"Det var ju s\u00e5 j\u00e4mrans l\u00e4nge sedan jag bloggade s\u00e5 jag har ju egentligen j\u00e4ttemassor att skriva om, men det t\u00e4nker jag inte g\u00f6ra. St\u00f6rsta anledningen till icke-bloggandet har v\u00e4l mest varit kr\u00e5nglande dator. Igen. B\u00f6rjar bli mer en regel \u00e4n ett undantag, det d\u00e4r. Fast nu funkar den fina\u2026","rel":"","context":"I \u201dVardagsliv\u201d","block_context":{"text":"Vardagsliv","link":"https:\/\/blogg.fumei.se\/?cat=47"},"img":{"alt_text":"","src":"https:\/\/i0.wp.com\/blogg.fumei.se\/wp-content\/uploads\/2011\/04\/blasippa.jpg?resize=350%2C200","width":350,"height":200},"classes":[]},{"id":184,"url":"https:\/\/blogg.fumei.se\/?p=184","url_meta":{"origin":395,"position":5},"title":"Tre fel av tre m\u00f6jliga","author":"M :)","date":"2010-09-10","format":false,"excerpt":"F\u00f6rst kraschade datorn, sen lade kylen av och f\u00f6r att toppa det s\u00e5 fuckade internetanslutningen s\u00e5 vi blev utsl\u00e4ngda stup i kvarten. Datrokr\u00e5nglet skrev jag om i f\u00f6rra inl\u00e4gget. Till slut lyckades jag dock f\u00e5 ordning p\u00e5 den, genom att v\u00e4lja manuell uppdatering ist\u00e4llet f\u00f6r automatisk (tack SIlvio), och d\u00e4rmed\u2026","rel":"","context":"I \u201dVardagsliv\u201d","block_context":{"text":"Vardagsliv","link":"https:\/\/blogg.fumei.se\/?cat=47"},"img":{"alt_text":"","src":"","width":0,"height":0},"classes":[]}],"_links":{"self":[{"href":"https:\/\/blogg.fumei.se\/index.php?rest_route=\/wp\/v2\/posts\/395","targetHints":{"allow":["GET"]}}],"collection":[{"href":"https:\/\/blogg.fumei.se\/index.php?rest_route=\/wp\/v2\/posts"}],"about":[{"href":"https:\/\/blogg.fumei.se\/index.php?rest_route=\/wp\/v2\/types\/post"}],"author":[{"embeddable":true,"href":"https:\/\/blogg.fumei.se\/index.php?rest_route=\/wp\/v2\/users\/1"}],"replies":[{"embeddable":true,"href":"https:\/\/blogg.fumei.se\/index.php?rest_route=%2Fwp%2Fv2%2Fcomments&post=395"}],"version-history":[{"count":3,"href":"https:\/\/blogg.fumei.se\/index.php?rest_route=\/wp\/v2\/posts\/395\/revisions"}],"predecessor-version":[{"id":397,"href":"https:\/\/blogg.fumei.se\/index.php?rest_route=\/wp\/v2\/posts\/395\/revisions\/397"}],"wp:attachment":[{"href":"https:\/\/blogg.fumei.se\/index.php?rest_route=%2Fwp%2Fv2%2Fmedia&parent=395"}],"wp:term":[{"taxonomy":"category","embeddable":true,"href":"https:\/\/blogg.fumei.se\/index.php?rest_route=%2Fwp%2Fv2%2Fcategories&post=395"},{"taxonomy":"post_tag","embeddable":true,"href":"https:\/\/blogg.fumei.se\/index.php?rest_route=%2Fwp%2Fv2%2Ftags&post=395"}],"curies":[{"name":"wp","href":"https:\/\/api.w.org\/{rel}","templated":true}]}}