{"id":3981,"date":"2016-09-01T13:43:56","date_gmt":"2016-09-01T11:43:56","guid":{"rendered":"http:\/\/blogg.fumei.se\/?p=3981"},"modified":"2016-12-18T16:09:45","modified_gmt":"2016-12-18T15:09:45","slug":"john-hron-filmen","status":"publish","type":"post","link":"https:\/\/blogg.fumei.se\/?p=3981","title":{"rendered":"John Hron-filmen"},"content":{"rendered":"<p>1995 var jag 25 \u00e5r och hade\u00a0ett barn och en ny bebis p\u00e5 v\u00e4g. Jag bodde i Trollh\u00e4ttan och hade ett ganska okej liv, med familj, v\u00e4nner och skolg\u00e5ng. Jag har aldrig varit den som sticker ut fr\u00e5n m\u00e4ngden, om man bortser fr\u00e5n mitt namn. Har aldrig sportat eller varit f\u00f6reningsaktiv. Eller, jo, jag gick ju i scouterna. Och var med i k\u00f6ren i Missionskyrkan. Och s\u00e5 var jag ju sekreterare i NFG Trollh\u00e4ttan en kort period. NFG st\u00e5r f\u00f6r A Non Fightng Generation.<\/p>\n<p>Vi var n\u00e5gra stycken som tyckte att det b\u00f6rjade bli lite v\u00e4l mycket bus p\u00e5 gator och torg, och n\u00e4r vi kollat runt lite p\u00e5 vad man kunde g\u00f6ra \u00e5t det, fick vi id\u00e8n att starta en gren till NFG, och p\u00e5 det s\u00e4ttet dra till oss ungdomarna och f\u00e5 dem att g\u00f6ra annat \u00e4n att sl\u00e5ss och br\u00e5ka.<br \/>\nTyv\u00e4rr var det flera av de som var med och tyckte en massa som inte drog sitt str\u00e5 till stacken, och efter m\u00e5nga turer fram och tillbaka med kommunen (som inte ville ge oss f\u00f6reningsbidrag om vi inte kunde redovisa aktiviteter) beslutades det att f\u00f6reningen skulle avvecklas. D\u00e5 hade vi haft fackelt\u00e5g mot rasism och v\u00e5ld, vi hade f\u00f6rs\u00f6kt f\u00e5 till badresor, pingis- och fotbollsturneringar och lite andra saker, men utan framg\u00e5ng. Jag hade efter fackelt\u00e5get l\u00e4mnat mitt uppdrag som sekreterare pga att jag fick ta emot diverse hotelser, och jag hade trots allt ett barn att t\u00e4nka p\u00e5.<\/p>\n<p>Men det var inte det jag skulle skriva om nu. Egentligen skulle jag skriva om en kille som hette John Hron. Han bodde i Kode utanf\u00f6r G\u00f6teborg, han var 14 \u00e5r och skulle b\u00f6rja \u00e5ttan h\u00f6sten 1995. Enligt vad som ber\u00e4ttas om honom var han en sn\u00e4ll men lite kaxig kille, duktig i skolan och framf\u00f6rallt p\u00e5 att paddla kanot. Han var ocks\u00e5 en kille som stod upp mot de som behandlade andra illa.<\/p>\n<p>Den 16:e auguti \u00e5kte John och en av hans kompisar till Ingetorpssj\u00f6n utanf\u00f6r Kode f\u00f6r att t\u00e4lta \u00f6ver natten. De fick inte vara ifred, f\u00f6r det kom ett g\u00e4ng \u00e4ldre killar som br\u00f6jade mucka med dem. Bla var d\u00e4r en kille fr\u00e5n Johns skola, som inte gillade John pga att han \u00f6ppet st\u00e5tt emot mobbning, rasism och nazism.<\/p>\n<p>Killarna slog och sparkade p\u00e5 John och hans kompis, men John lyckades smita och f\u00f6rs\u00f6kte simma ifr\u00e5n dem. D\u00e5 ropade de efter honom att om han inte kom tillbaka skulle de d\u00f6da hans kompis, s\u00e5 han v\u00e4nde om. Vad han t\u00e4nkte d\u00e5 och hur han resonerade n\u00e4r han tog det beslutet vet ingen, men maken till civilkurage \u00e4r sv\u00e5rt att finna! Johns kompis tvingades se p\u00e5 medan killarna misshandlade John s\u00e5 mycket de kunde, innan de till slut sl\u00e4ngde honom i sj\u00f6n, d\u00e4r han drunknade.<\/p>\n<p>Johns kompis lyckades ta sig hem och meddela polisen. De fyra killarna fick \u00e5tta respektive fem \u00e5rs f\u00e4ngelse f\u00f6r mord, och 10 respektive fyra m\u00e5naders f\u00e4ngelse f\u00f6r grov misshandel.<\/p>\n<p>Jag minns n\u00e4r jag s\u00e5g l\u00f6psedlarna om mordet p\u00e5 John. Jag minns hur jag t\u00e4nkte &#8221;hur kan det h\u00e4nda?&#8221;. Jag minns att jag r\u00f6s i sommarv\u00e4rmen och att jag gick hem och kramade min dotter lite extra mycket och hoppades och \u00f6nskade att vi &#8211; att hon &#8211; aldrig skulle beh\u00f6va l\u00e4sa n\u00e5got s\u00e5nt h\u00e4r. Men det har bara blivit mer v\u00e5ld, mer hat, mer av folk som inte kan acceptera att andra inte \u00e4r som de \u00e4r och som f\u00f6rs\u00f6ker f\u00e5 v\u00e4rlden att se ut som de vill genom v\u00e5ld.<\/p>\n<p>Nu har det gjorts en film om John. Om den d\u00e4r sommaren och om den fruktansv\u00e4rda h\u00e4ndelsen som tog en pojkes liv f\u00f6r 21 \u00e5r sedan. Ig\u00e5r s\u00e5g jag den. Och jag vet inte riktigt vad jag ska tycka om den. Har du nu inte sett filmen men vill g\u00f6ra det, s\u00e5 ska du nog inte l\u00e4sa l\u00e4ngre.<\/p>\n<p>Om vi b\u00f6rjar med handlingen, s\u00e5 tycker jag att det \u00e4r lite f\u00f6r mycket om John och den tjejen han tr\u00e4ffar. Det har ingen betydelse f\u00f6r det som filmen egentligen handlar om.<br \/>\nVad g\u00e4ller scener och klippning kunde m\u00e5nga av scenerna kortats ner betydligt, det var v\u00e4ldigt mycket glittrande hav och sj\u00f6 i soluppg\u00e5ng- eller nedg\u00e5ng, f\u00f6r mycket gulligull med den svenska sommaren och alla ungdomarna s\u00e5g friska och fr\u00e4scha ut, \u00e4ven om det s\u00e4kerligen inte var s\u00e5 i verkligheten.<br \/>\nReplikerna k\u00e4nns styltade och sk\u00e5despelarna stela, det blir ganska taffligt, och jag kom p\u00e5 mig mer \u00e4n en g\u00e5ng med att undra var de letat upp sk\u00e5despelarna.<br \/>\nV\u00e5ldet, som ju trots allt spelar en stor roll i den h\u00e4r filmen, har tonats ner rej\u00e4lt, man f\u00e5r bara se lite av det, men eftersom man vet vad som h\u00e4nde jobbar fantasin extra h\u00e5rt och framkallar egna hemska bilder.<\/p>\n<p>Men tyv\u00e4rr, f\u00f6r mig som \u00e4r ganska anti svensk film \u00f6ver huvud taget i vanliga fall, s\u00e5 g\u00f6r den h\u00e4r filmen inte n\u00e5got f\u00f6r att b\u00e4ttra p\u00e5 det. Man kan ju ocks\u00e5 v\u00e4lja att se den som vilken film som helst, utan att t\u00e4nka p\u00e5 och reflektera \u00f6ver bakgrunden till den. Av andra som sett filmen har jag bara h\u00f6rt gott, att de tyckte att den var bra men att de tyckte den var ganska hemsk med tanke p\u00e5 bakgrundshistorien.<\/p>\n<p>Ett stort tack och en eloge dock, till Jon Pettersson, som aldrig gav upp sin dr\u00f6m och sin kamp f\u00f6r att f\u00e5 g\u00f6ra den h\u00e4r filmen. tack till alla sk\u00e5despelare som st\u00e4llt upp gratis och tack till alla som g\u00e5tt in och bidragit med pengar s\u00e5 att filmen kunde spelas in. F\u00f6r det \u00e4r, trots\u00a0det amat\u00f6rm\u00e4ssiga sk\u00e5despeleriet och den stolpiga handlingen, en film som ber\u00f6r, och som borde ber\u00f6ras av fler. Det borde fr\u00e5n och med nu vara obligatorisk visning av den h\u00e4r filmen f\u00f6r alla h\u00f6gstadie- och gymnasieelever!<\/p>\n<p><a href=\"https:\/\/i0.wp.com\/blogg.fumei.se\/wp-content\/uploads\/2016\/12\/JOHN-HRON-POSTER-LITEN.jpg?ssl=1\"><img data-recalc-dims=\"1\" loading=\"lazy\" decoding=\"async\" data-attachment-id=\"3982\" data-permalink=\"https:\/\/blogg.fumei.se\/?attachment_id=3982\" data-orig-file=\"https:\/\/i0.wp.com\/blogg.fumei.se\/wp-content\/uploads\/2016\/12\/JOHN-HRON-POSTER-LITEN.jpg?fit=2491%2C3543&amp;ssl=1\" data-orig-size=\"2491,3543\" data-comments-opened=\"1\" data-image-meta=\"{&quot;aperture&quot;:&quot;0&quot;,&quot;credit&quot;:&quot;&quot;,&quot;camera&quot;:&quot;&quot;,&quot;caption&quot;:&quot;&quot;,&quot;created_timestamp&quot;:&quot;0&quot;,&quot;copyright&quot;:&quot;&quot;,&quot;focal_length&quot;:&quot;0&quot;,&quot;iso&quot;:&quot;0&quot;,&quot;shutter_speed&quot;:&quot;0&quot;,&quot;title&quot;:&quot;&quot;,&quot;orientation&quot;:&quot;1&quot;}\" data-image-title=\"JOHN-HRON-POSTER-LITEN\" data-image-description=\"\" data-image-caption=\"\" data-large-file=\"https:\/\/i0.wp.com\/blogg.fumei.se\/wp-content\/uploads\/2016\/12\/JOHN-HRON-POSTER-LITEN.jpg?fit=457%2C650&amp;ssl=1\" class=\"aligncenter size-large wp-image-3982\" src=\"https:\/\/i0.wp.com\/blogg.fumei.se\/wp-content\/uploads\/2016\/12\/JOHN-HRON-POSTER-LITEN.jpg?resize=457%2C650&#038;ssl=1\" alt=\"\" width=\"457\" height=\"650\" srcset=\"https:\/\/i0.wp.com\/blogg.fumei.se\/wp-content\/uploads\/2016\/12\/JOHN-HRON-POSTER-LITEN.jpg?resize=457%2C650&amp;ssl=1 457w, https:\/\/i0.wp.com\/blogg.fumei.se\/wp-content\/uploads\/2016\/12\/JOHN-HRON-POSTER-LITEN.jpg?resize=211%2C300&amp;ssl=1 211w, https:\/\/i0.wp.com\/blogg.fumei.se\/wp-content\/uploads\/2016\/12\/JOHN-HRON-POSTER-LITEN.jpg?resize=768%2C1092&amp;ssl=1 768w, https:\/\/i0.wp.com\/blogg.fumei.se\/wp-content\/uploads\/2016\/12\/JOHN-HRON-POSTER-LITEN.jpg?w=1280&amp;ssl=1 1280w, https:\/\/i0.wp.com\/blogg.fumei.se\/wp-content\/uploads\/2016\/12\/JOHN-HRON-POSTER-LITEN.jpg?w=1920&amp;ssl=1 1920w\" sizes=\"auto, (max-width: 457px) 100vw, 457px\" \/><\/a><\/p>\n","protected":false},"excerpt":{"rendered":"<p>1995 var jag 25 \u00e5r och hade\u00a0ett barn och en ny bebis p\u00e5 v\u00e4g. Jag bodde i Trollh\u00e4ttan och hade ett ganska okej liv, med familj, v\u00e4nner och skolg\u00e5ng. Jag har aldrig varit den som sticker ut fr\u00e5n m\u00e4ngden, om man bortser fr\u00e5n mitt namn. Har aldrig sportat eller varit f\u00f6reningsaktiv. Eller, jo, jag gick&#8230;<\/p>\n","protected":false},"author":1,"featured_media":0,"comment_status":"open","ping_status":"open","sticky":false,"template":"","format":"standard","meta":{"jetpack_post_was_ever_published":false,"_jetpack_newsletter_access":"","_jetpack_dont_email_post_to_subs":true,"_jetpack_newsletter_tier_id":0,"_jetpack_memberships_contains_paywalled_content":false,"_jetpack_memberships_contains_paid_content":false,"footnotes":"","jetpack_publicize_message":"","jetpack_publicize_feature_enabled":true,"jetpack_social_post_already_shared":true,"jetpack_social_options":{"image_generator_settings":{"template":"highway","default_image_id":0,"font":"","enabled":false},"version":2}},"categories":[43],"tags":[410,409,408,314],"class_list":["post-3981","post","type-post","status-publish","format-standard","hentry","category-filmer-och-tv","tag-bio","tag-film","tag-john-hron","tag-nazism"],"jetpack_publicize_connections":[],"jetpack_featured_media_url":"","jetpack_shortlink":"https:\/\/wp.me\/p3qko4-12d","jetpack_sharing_enabled":true,"jetpack_likes_enabled":true,"jetpack-related-posts":[{"id":1661,"url":"https:\/\/blogg.fumei.se\/?p=1661","url_meta":{"origin":3981,"position":0},"title":"En lista. Igen.","author":"M :)","date":"2011-10-27","format":false,"excerpt":"Bloggsurfade i f\u00f6rmiddags i brist p\u00e5 annat att g\u00f6ra (l\u00e4s: medn jag sk\u00f6t upp det tr\u00e5kiga jag skulle g\u00f6ra), och hittade den h\u00e4r listan hos Maria. Fyra jobb jag haft: 1. Butiksbitr\u00e4de p\u00e5 Konsum 2. Linearbetare p\u00e5 SAAB 3. Reklamutdelare 4. Undersk\u00f6terska Fyra filmer jag kan se igen och igen:\u2026","rel":"","context":"I \u201dVardagsliv\u201d","block_context":{"text":"Vardagsliv","link":"https:\/\/blogg.fumei.se\/?cat=47"},"img":{"alt_text":"","src":"","width":0,"height":0},"classes":[]},{"id":959,"url":"https:\/\/blogg.fumei.se\/?p=959","url_meta":{"origin":3981,"position":1},"title":"En lista igen","author":"M :)","date":"2009-05-04","format":false,"excerpt":"Hittade denna hos Kerstin nu ikv\u00e4ll:1. Hur mycket pengar har du p\u00e5 din mobil? 205,56kr2. Har du f\u00e5tt en kyss den n\u00e4rmsta veckan? Nej3. Vem tillbringade du tv\u00e5 timmar med idag? R\u00e4knas arbetskamrater och barn?4. Hur l\u00e5ng \u00e4r du? 162,5 cm mellan fotsulor och h\u00e5rtoppar5. Vilken \u00e4r den senaste filmen\u2026","rel":"","context":"I \u201dVardagsliv\u201d","block_context":{"text":"Vardagsliv","link":"https:\/\/blogg.fumei.se\/?cat=47"},"img":{"alt_text":"","src":"","width":0,"height":0},"classes":[]},{"id":3346,"url":"https:\/\/blogg.fumei.se\/?p=3346","url_meta":{"origin":3981,"position":2},"title":"Fallens Dagar 2014","author":"M :)","date":"2014-07-20","format":false,"excerpt":"Det \u00e4r v\u00e4l mer tradition \u00e4n n\u00e5got annat som g\u00f6r att jag \u00e5ker till Trollh\u00e4ttan n\u00e5gon av fallen-dagarna nuf\u00f6rtiden, f\u00f6r s\u00e5d\u00e4r j\u00e4ttekul \u00e4r det inte att kn\u00f5 med en massa m\u00e4nniskor och leta halvt ihj\u00e4l sig efter sittplats n\u00e4r man vill \u00e4ta eller fika eller ta en \u00f6l. Inte heller\u2026","rel":"","context":"I \u201dVardagsliv\u201d","block_context":{"text":"Vardagsliv","link":"https:\/\/blogg.fumei.se\/?cat=47"},"img":{"alt_text":"","src":"https:\/\/i0.wp.com\/blogg.fumei.se\/wp-content\/uploads\/2014\/07\/20140719_183659.jpg?resize=350%2C200","width":350,"height":200,"srcset":"https:\/\/i0.wp.com\/blogg.fumei.se\/wp-content\/uploads\/2014\/07\/20140719_183659.jpg?resize=350%2C200 1x, https:\/\/i0.wp.com\/blogg.fumei.se\/wp-content\/uploads\/2014\/07\/20140719_183659.jpg?resize=525%2C300 1.5x"},"classes":[]},{"id":193,"url":"https:\/\/blogg.fumei.se\/?p=193","url_meta":{"origin":3981,"position":3},"title":"Semester, del 1:3","author":"EmEff","date":"2010-08-01","format":false,"excerpt":"S\u00e5 har snart en vecka g\u00e5tt av min semester. vad har jag fyllt den med d\u00e5? Jo, till att b\u00f6rja med har jag gett mig sj\u00e4lv sovmorgon varje dag. Sovmorgon som i att jag inte st\u00e4llt klockan utan sovit tills jag vaknar av mig sj\u00e4lv, alla dagar utom ig\u00e5r, l\u00f6rdag.D\u00e5\u2026","rel":"","context":"I \u201dVardagsliv\u201d","block_context":{"text":"Vardagsliv","link":"https:\/\/blogg.fumei.se\/?cat=47"},"img":{"alt_text":"","src":"","width":0,"height":0},"classes":[]},{"id":1184,"url":"https:\/\/blogg.fumei.se\/?p=1184","url_meta":{"origin":3981,"position":4},"title":"Filmrecension &#8221;New Moon&#8221; *spoileralert!!*","author":"M :)","date":"2009-11-26","format":false,"excerpt":"Efter min besvikelse \u00f6ver Twilight, best\u00e4mde jag mig f\u00f6r att g\u00f6ra tv\u00e5 saker annorlunda inf\u00f6r New Moon: Jag l\u00e4ste inte igenom boken s\u00e5 den var f\u00e4rsk i mitt huvud. Jag s\u00e4nkte mina f\u00f6rv\u00e4ntningar. Jag tycker att det fungerade ...jag gillade den h\u00e4r filmen mycket b\u00e4ttre \u00e4n den f\u00f6rsta.\u00a0Man h\u00f6ll sig\u2026","rel":"","context":"I \u201dFilmer och TV\u201d","block_context":{"text":"Filmer och TV","link":"https:\/\/blogg.fumei.se\/?cat=43"},"img":{"alt_text":"","src":"","width":0,"height":0},"classes":[]},{"id":5660,"url":"https:\/\/blogg.fumei.se\/?p=5660","url_meta":{"origin":3981,"position":5},"title":"Filmer och tv-serier","author":"M :)","date":"2024-01-01","format":false,"excerpt":"Vi ser mycket p\u00e5 TV h\u00e4r hemma. Mycket serier men \u00e4ven filmer, \u00e4ven om vi oftast tjafsar lite n\u00e4r vi ska v\u00e4lja film. Mikael \u00e4r n\u00e4mligen v\u00e4ldigt mycket \"finsmakare\" n\u00e4r det kommer till filmer, han \u00e4lskar tex Bergman och ser g\u00e4rna filmer som handlar om relationsdraman och filmer d\u00e4r man\u2026","rel":"","context":"I \u201dFilmer och TV\u201d","block_context":{"text":"Filmer och TV","link":"https:\/\/blogg.fumei.se\/?cat=43"},"img":{"alt_text":"","src":"","width":0,"height":0},"classes":[]}],"_links":{"self":[{"href":"https:\/\/blogg.fumei.se\/index.php?rest_route=\/wp\/v2\/posts\/3981","targetHints":{"allow":["GET"]}}],"collection":[{"href":"https:\/\/blogg.fumei.se\/index.php?rest_route=\/wp\/v2\/posts"}],"about":[{"href":"https:\/\/blogg.fumei.se\/index.php?rest_route=\/wp\/v2\/types\/post"}],"author":[{"embeddable":true,"href":"https:\/\/blogg.fumei.se\/index.php?rest_route=\/wp\/v2\/users\/1"}],"replies":[{"embeddable":true,"href":"https:\/\/blogg.fumei.se\/index.php?rest_route=%2Fwp%2Fv2%2Fcomments&post=3981"}],"version-history":[{"count":2,"href":"https:\/\/blogg.fumei.se\/index.php?rest_route=\/wp\/v2\/posts\/3981\/revisions"}],"predecessor-version":[{"id":3996,"href":"https:\/\/blogg.fumei.se\/index.php?rest_route=\/wp\/v2\/posts\/3981\/revisions\/3996"}],"wp:attachment":[{"href":"https:\/\/blogg.fumei.se\/index.php?rest_route=%2Fwp%2Fv2%2Fmedia&parent=3981"}],"wp:term":[{"taxonomy":"category","embeddable":true,"href":"https:\/\/blogg.fumei.se\/index.php?rest_route=%2Fwp%2Fv2%2Fcategories&post=3981"},{"taxonomy":"post_tag","embeddable":true,"href":"https:\/\/blogg.fumei.se\/index.php?rest_route=%2Fwp%2Fv2%2Ftags&post=3981"}],"curies":[{"name":"wp","href":"https:\/\/api.w.org\/{rel}","templated":true}]}}