{"id":399,"date":"2011-08-27T19:05:49","date_gmt":"2011-08-27T17:05:49","guid":{"rendered":"http:\/\/blogg.fumei.se\/?p=399"},"modified":"2024-03-31T11:31:42","modified_gmt":"2024-03-31T09:31:42","slug":"fynd-vare-har","status":"publish","type":"post","link":"https:\/\/blogg.fumei.se\/?p=399","title":{"rendered":"Fynd vare h\u00e4r"},"content":{"rendered":"<p>I morse klockan 9 packade vi in oss i bilen &#8211; det var J och jag, mor, far och bror &#8211; och styrde kosan mot G\u00f6teborg. Tanken var att vi skulle p\u00e5 loppisrunda.<br \/>\nVi hamnade f\u00f6rst i Fr\u00f6lunda, d\u00e4r vi knatade runt p\u00e5 Reningsborg i ett par timmar. Vi fick med oss en v\u00e4ggvitrin till k\u00f6ket, fotoramar, b\u00f6cker (naturligtvis), blomkrukor, en tunika och en regnjacka.<\/p>\n<p><img data-recalc-dims=\"1\" loading=\"lazy\" decoding=\"async\" data-attachment-id=\"400\" data-permalink=\"https:\/\/blogg.fumei.se\/?attachment_id=400\" data-orig-file=\"https:\/\/i0.wp.com\/blogg.fumei.se\/wp-content\/uploads\/2011\/08\/2011-08-27-18.29.35.jpg?fit=1392%2C1044&amp;ssl=1\" data-orig-size=\"1392,1044\" data-comments-opened=\"1\" data-image-meta=\"{&quot;aperture&quot;:&quot;2.7&quot;,&quot;credit&quot;:&quot;&quot;,&quot;camera&quot;:&quot;GT-I5500&quot;,&quot;caption&quot;:&quot;&quot;,&quot;created_timestamp&quot;:&quot;1314469775&quot;,&quot;copyright&quot;:&quot;&quot;,&quot;focal_length&quot;:&quot;2.73&quot;,&quot;iso&quot;:&quot;200&quot;,&quot;shutter_speed&quot;:&quot;0.125&quot;,&quot;title&quot;:&quot;&quot;}\" data-image-title=\"2011-08-27 18.29.35\" data-image-description=\"\" data-image-caption=\"\" data-large-file=\"https:\/\/i0.wp.com\/blogg.fumei.se\/wp-content\/uploads\/2011\/08\/2011-08-27-18.29.35.jpg?fit=640%2C480&amp;ssl=1\" class=\"aligncenter size-medium wp-image-400\" title=\"2011-08-27 18.29.35\" src=\"https:\/\/i0.wp.com\/blogg.fumei.se\/wp-content\/uploads\/2011\/08\/2011-08-27-18.29.35.jpg?resize=300%2C225&#038;ssl=1\" alt=\"\" width=\"300\" height=\"225\" srcset=\"https:\/\/i0.wp.com\/blogg.fumei.se\/wp-content\/uploads\/2011\/08\/2011-08-27-18.29.35.jpg?resize=300%2C225&amp;ssl=1 300w, https:\/\/i0.wp.com\/blogg.fumei.se\/wp-content\/uploads\/2011\/08\/2011-08-27-18.29.35.jpg?resize=1024%2C768&amp;ssl=1 1024w, https:\/\/i0.wp.com\/blogg.fumei.se\/wp-content\/uploads\/2011\/08\/2011-08-27-18.29.35.jpg?w=1392&amp;ssl=1 1392w, https:\/\/i0.wp.com\/blogg.fumei.se\/wp-content\/uploads\/2011\/08\/2011-08-27-18.29.35.jpg?w=1280&amp;ssl=1 1280w\" sizes=\"auto, (max-width: 300px) 100vw, 300px\" \/><img data-recalc-dims=\"1\" loading=\"lazy\" decoding=\"async\" data-attachment-id=\"402\" data-permalink=\"https:\/\/blogg.fumei.se\/?attachment_id=402\" data-orig-file=\"https:\/\/i0.wp.com\/blogg.fumei.se\/wp-content\/uploads\/2011\/08\/2011-08-27-18.37.35.jpg?fit=1393%2C1045&amp;ssl=1\" data-orig-size=\"1393,1045\" data-comments-opened=\"1\" data-image-meta=\"{&quot;aperture&quot;:&quot;2.7&quot;,&quot;credit&quot;:&quot;&quot;,&quot;camera&quot;:&quot;GT-I5500&quot;,&quot;caption&quot;:&quot;&quot;,&quot;created_timestamp&quot;:&quot;1314470255&quot;,&quot;copyright&quot;:&quot;&quot;,&quot;focal_length&quot;:&quot;2.73&quot;,&quot;iso&quot;:&quot;200&quot;,&quot;shutter_speed&quot;:&quot;0.125&quot;,&quot;title&quot;:&quot;&quot;}\" data-image-title=\"2011-08-27 18.37.35\" data-image-description=\"\" data-image-caption=\"\" data-large-file=\"https:\/\/i0.wp.com\/blogg.fumei.se\/wp-content\/uploads\/2011\/08\/2011-08-27-18.37.35.jpg?fit=640%2C480&amp;ssl=1\" class=\"aligncenter size-medium wp-image-402\" title=\"2011-08-27 18.37.35\" src=\"https:\/\/i0.wp.com\/blogg.fumei.se\/wp-content\/uploads\/2011\/08\/2011-08-27-18.37.35.jpg?resize=300%2C225&#038;ssl=1\" alt=\"\" width=\"300\" height=\"225\" srcset=\"https:\/\/i0.wp.com\/blogg.fumei.se\/wp-content\/uploads\/2011\/08\/2011-08-27-18.37.35.jpg?resize=300%2C225&amp;ssl=1 300w, https:\/\/i0.wp.com\/blogg.fumei.se\/wp-content\/uploads\/2011\/08\/2011-08-27-18.37.35.jpg?resize=1024%2C768&amp;ssl=1 1024w, https:\/\/i0.wp.com\/blogg.fumei.se\/wp-content\/uploads\/2011\/08\/2011-08-27-18.37.35.jpg?w=1393&amp;ssl=1 1393w, https:\/\/i0.wp.com\/blogg.fumei.se\/wp-content\/uploads\/2011\/08\/2011-08-27-18.37.35.jpg?w=1280&amp;ssl=1 1280w\" sizes=\"auto, (max-width: 300px) 100vw, 300px\" \/><\/p>\n<p>D\u00e4refter for vi till Backa och en snabb avstickare till Biltema f\u00f6r brors del, innan vi hamnade i B\u00e4ckebol. D\u00e4r k\u00f6pte jag inget annat \u00e4n nya skumpuffar till mina h\u00f6rlurar och ett m\u00f6nster till tunikor.<img data-recalc-dims=\"1\" loading=\"lazy\" decoding=\"async\" data-attachment-id=\"406\" data-permalink=\"https:\/\/blogg.fumei.se\/?attachment_id=406\" data-orig-file=\"https:\/\/i0.wp.com\/blogg.fumei.se\/wp-content\/uploads\/2011\/08\/2011-08-27-14.04.24.jpg?fit=1200%2C1600&amp;ssl=1\" data-orig-size=\"1200,1600\" data-comments-opened=\"1\" data-image-meta=\"{&quot;aperture&quot;:&quot;2.7&quot;,&quot;credit&quot;:&quot;&quot;,&quot;camera&quot;:&quot;GT-I5500&quot;,&quot;caption&quot;:&quot;&quot;,&quot;created_timestamp&quot;:&quot;1314453864&quot;,&quot;copyright&quot;:&quot;&quot;,&quot;focal_length&quot;:&quot;2.73&quot;,&quot;iso&quot;:&quot;200&quot;,&quot;shutter_speed&quot;:&quot;0.125&quot;,&quot;title&quot;:&quot;&quot;}\" data-image-title=\"2011-08-27 14.04.24\" data-image-description=\"\" data-image-caption=\"\" data-large-file=\"https:\/\/i0.wp.com\/blogg.fumei.se\/wp-content\/uploads\/2011\/08\/2011-08-27-14.04.24.jpg?fit=488%2C650&amp;ssl=1\" class=\"aligncenter size-medium wp-image-406\" title=\"2011-08-27 14.04.24\" src=\"https:\/\/i0.wp.com\/blogg.fumei.se\/wp-content\/uploads\/2011\/08\/2011-08-27-14.04.24.jpg?resize=225%2C300&#038;ssl=1\" alt=\"\" width=\"225\" height=\"300\" srcset=\"https:\/\/i0.wp.com\/blogg.fumei.se\/wp-content\/uploads\/2011\/08\/2011-08-27-14.04.24.jpg?resize=225%2C300&amp;ssl=1 225w, https:\/\/i0.wp.com\/blogg.fumei.se\/wp-content\/uploads\/2011\/08\/2011-08-27-14.04.24.jpg?resize=768%2C1024&amp;ssl=1 768w, https:\/\/i0.wp.com\/blogg.fumei.se\/wp-content\/uploads\/2011\/08\/2011-08-27-14.04.24.jpg?w=1200&amp;ssl=1 1200w\" sizes=\"auto, (max-width: 225px) 100vw, 225px\" \/><br \/>\nMen jag hittade <a title=\"bubbelgumk\u00e4ngor\" href=\"http:\/\/www.skopunkten.com\/Barnskor\/Modeller\/Visa-Alla?art=263741\" target=\"_blank\" rel=\"noopener\">[ett par helfr\u00e4siga k\u00e4ngor p\u00e5 Skopunkten]<\/a> , s\u00e5 nu \u00f6nskar jag att a) jag pl\u00f6tsligt f\u00e5r pyttesm\u00e5 f\u00f6tter i storlek 34 eller 35 eller b) att de kommer att tillverkas i st\u00f6rre storlekar.<\/p>\n<p>N\u00e4r alla hade kikat klart i aff\u00e4rerna skulle vi komma \u00f6verens om var vi skulle \u00e4ta. Pappsen ville inte \u00e4ta p\u00e5 IKEA och mor och jag bara v\u00e4grade McD\/Max\/BK, s\u00e5 vi \u00e5kte och \u00e5kte och till slut var vi i Alings\u00e5s. Det tog en faslig tid att komma dit f\u00f6r pappsen k\u00f6rde via Kung\u00e4lv. Han har lite &#8221;kul&#8221; id\u00e8er ibland&#8230;<\/p>\n<p>S\u00e5 till middag blev det kinabuff\u00e8 och en kall Hof, det satt fint, det!<br \/>\nMen nu \u00e4r vi hemma, och h\u00e4r t\u00e4nker jag stanna tills jag m\u00e5ste \u00e5ka till jobbet p\u00e5 m\u00e5ndag. Fr\u00e5n och med nu b\u00f6rjar projekt vila-upp-mig.<\/p>\n","protected":false},"excerpt":{"rendered":"<p>I morse klockan 9 packade vi in oss i bilen &#8211; det var J och jag, mor, far och bror &#8211; och styrde kosan mot G\u00f6teborg. Tanken var att vi skulle p\u00e5 loppisrunda. Vi hamnade f\u00f6rst i Fr\u00f6lunda, d\u00e4r vi knatade runt p\u00e5 Reningsborg i ett par timmar. Vi fick med oss en v\u00e4ggvitrin till&#8230;<\/p>\n","protected":false},"author":1,"featured_media":0,"comment_status":"open","ping_status":"open","sticky":false,"template":"","format":"standard","meta":{"jetpack_post_was_ever_published":false,"_jetpack_newsletter_access":"","_jetpack_dont_email_post_to_subs":false,"_jetpack_newsletter_tier_id":0,"_jetpack_memberships_contains_paywalled_content":false,"_jetpack_memberships_contains_paid_content":false,"footnotes":"","jetpack_publicize_message":"","jetpack_publicize_feature_enabled":true,"jetpack_social_post_already_shared":false,"jetpack_social_options":{"image_generator_settings":{"template":"highway","default_image_id":0,"font":"","enabled":false},"version":2}},"categories":[47],"tags":[],"class_list":["post-399","post","type-post","status-publish","format-standard","hentry","category-vardagsliv"],"jetpack_publicize_connections":[],"jetpack_featured_media_url":"","jetpack_shortlink":"https:\/\/wp.me\/p3qko4-6r","jetpack_sharing_enabled":true,"jetpack_likes_enabled":true,"jetpack-related-posts":[{"id":194,"url":"https:\/\/blogg.fumei.se\/?p=194","url_meta":{"origin":399,"position":0},"title":"Filmrecension: Dracula: The Dark Prince","author":"EmEff","date":"2010-07-30","format":false,"excerpt":"Filmen beskrivs som: I gr\u00e4nslandet mellan \"Braveheart\" och \"Dracula\" utspelar sig den sanna historien om Vlad P\u00e5lspetsaren, den rum\u00e4nske prins som gett upphov till legenden om Dracula. Rum\u00e4niens unge prins Vlad Dracula och hans yngre bror Radu blir bortf\u00f6rda och f\u00e4ngslas av den turkiske sultanen Mehmet. Deras far blir levande\u2026","rel":"","context":"I \u201dFilmer och TV\u201d","block_context":{"text":"Filmer och TV","link":"https:\/\/blogg.fumei.se\/?cat=43"},"img":{"alt_text":"","src":"https:\/\/i0.wp.com\/blogg.fumei.se\/wp-content\/uploads\/2010\/07\/MV5BMjE1ODc1NjcwMF5BMl5BanBnXkFtZTcwMTM2MzcxMQ%40%40._V1_.jpg?resize=350%2C200","width":350,"height":200},"classes":[]},{"id":1131,"url":"https:\/\/blogg.fumei.se\/?p=1131","url_meta":{"origin":399,"position":1},"title":"Njet promenix","author":"M :)","date":"2009-09-06","format":false,"excerpt":"men en del annat blev gjort idag. Vi m\u00f6rblerade om i Robins rum, och sorterade ut alla kl\u00e4der som var f\u00f6r sm\u00e5 ur hans garderob, samt alla leksaker som han \u00e4nd\u00e5 aldrig anv\u00e4nder. Kl\u00e4derna \u00e5ker till Angelica och leksakerna hamnar p\u00e5 vinden tills n\u00e5got brors- eller systerbarn vill ha n\u00e5t\u2026","rel":"","context":"I \u201dVardagsliv\u201d","block_context":{"text":"Vardagsliv","link":"https:\/\/blogg.fumei.se\/?cat=47"},"img":{"alt_text":"","src":"","width":0,"height":0},"classes":[]},{"id":420,"url":"https:\/\/blogg.fumei.se\/?p=420","url_meta":{"origin":399,"position":2},"title":"M\u00e5ndag","author":"M :)","date":"2008-07-28","format":false,"excerpt":"Idag \u00e5kte barnen iv\u00e4g till sin pappa. Eller r\u00e4ttare sagt, bror st\u00e4llde upp och k\u00f6rde in dem till sin pappa. De ska vara borta i 2 veckor, det \u00e4r den vanliga rutinen vi har p\u00e5 sommarlov\/semester. de ska visst bo i stugan hela tiden pga att de renoverar badrummet i\u2026","rel":"","context":"I \u201dFamiljen\u201d","block_context":{"text":"Familjen","link":"https:\/\/blogg.fumei.se\/?cat=34"},"img":{"alt_text":"","src":"","width":0,"height":0},"classes":[]},{"id":38,"url":"https:\/\/blogg.fumei.se\/?p=38","url_meta":{"origin":399,"position":3},"title":"Happy Mothers Day","author":"M :)","date":"2011-05-29","format":false,"excerpt":"Idag\u00a0best\u00e4mde jag mig f\u00f6r att\u00a0J skulle f\u00e5 dansa efter min pipa idag eftersom det \u00e4r Mors Dag. Det l\u00e5ter mycket v\u00e4rre \u00e4n det var, f\u00f6r det enda jag ville var en heldag med att g\u00e5 i aff\u00e4rer och kanske tom handla n\u00e5got litet till mig sj\u00e4lv. Det h\u00e4nder tamigfasiken inte\u2026","rel":"","context":"I \u201dVardagsliv\u201d","block_context":{"text":"Vardagsliv","link":"https:\/\/blogg.fumei.se\/?cat=47"},"img":{"alt_text":"","src":"https:\/\/i0.wp.com\/blogg.fumei.se\/wp-content\/uploads\/2011\/05\/blus.jpg?resize=350%2C200","width":350,"height":200},"classes":[]},{"id":3976,"url":"https:\/\/blogg.fumei.se\/?p=3976","url_meta":{"origin":399,"position":4},"title":"Promenadloppis","author":"M :)","date":"2016-08-27","format":false,"excerpt":"Idag var det loppis i Utby h\u00e4r i G\u00f6teborg. Det var tredje \u00e5ret (tror jag) som det anordnades. Det \u00e4r helt enkelt alla (eller v\u00e4ldigt m\u00e5nga i alla fall) som bor i Utby som rensar i sina garage och k\u00e4llare och f\u00f6rr\u00e5d, och s\u00e5 s\u00e4ljer de det p\u00e5 loppisen. Alla\u2026","rel":"","context":"I \u201dVardagsliv\u201d","block_context":{"text":"Vardagsliv","link":"https:\/\/blogg.fumei.se\/?cat=47"},"img":{"alt_text":"","src":"https:\/\/i0.wp.com\/blogg.fumei.se\/wp-content\/uploads\/2016\/08\/20161218_132336-487x650.jpg?resize=350%2C200","width":350,"height":200},"classes":[]},{"id":3758,"url":"https:\/\/blogg.fumei.se\/?p=3758","url_meta":{"origin":399,"position":5},"title":"Tr\u00f6tt, tr\u00f6ttare, tr\u00f6ttast&#8230;","author":"M :)","date":"2015-11-14","format":false,"excerpt":"S\u00f6mnbrist. Ingen\u00a0hit. Inte alls kul. Varf\u00f6r jag \u00e5terigen har s\u00f6mnbrist beror p\u00e5 en m\u00e4ngd olika faktorer; instabil ekonomi, ensamhet, h\u00f6stdepression, klimakteriehormonrubbning och att saker och ting rent allm\u00e4nt b\u00f6rjar krypa ikapp mig. Saker som kan g\u00f6ra \u00e4ven den st\u00f6rsta sjusovaren s\u00f6mnl\u00f6s. S\u00e5 allts\u00e5 sover jag inte. Eller, sover g\u00f6r jag,\u2026","rel":"","context":"I \u201dVardagsliv\u201d","block_context":{"text":"Vardagsliv","link":"https:\/\/blogg.fumei.se\/?cat=47"},"img":{"alt_text":"","src":"","width":0,"height":0},"classes":[]}],"_links":{"self":[{"href":"https:\/\/blogg.fumei.se\/index.php?rest_route=\/wp\/v2\/posts\/399","targetHints":{"allow":["GET"]}}],"collection":[{"href":"https:\/\/blogg.fumei.se\/index.php?rest_route=\/wp\/v2\/posts"}],"about":[{"href":"https:\/\/blogg.fumei.se\/index.php?rest_route=\/wp\/v2\/types\/post"}],"author":[{"embeddable":true,"href":"https:\/\/blogg.fumei.se\/index.php?rest_route=\/wp\/v2\/users\/1"}],"replies":[{"embeddable":true,"href":"https:\/\/blogg.fumei.se\/index.php?rest_route=%2Fwp%2Fv2%2Fcomments&post=399"}],"version-history":[{"count":6,"href":"https:\/\/blogg.fumei.se\/index.php?rest_route=\/wp\/v2\/posts\/399\/revisions"}],"predecessor-version":[{"id":6768,"href":"https:\/\/blogg.fumei.se\/index.php?rest_route=\/wp\/v2\/posts\/399\/revisions\/6768"}],"wp:attachment":[{"href":"https:\/\/blogg.fumei.se\/index.php?rest_route=%2Fwp%2Fv2%2Fmedia&parent=399"}],"wp:term":[{"taxonomy":"category","embeddable":true,"href":"https:\/\/blogg.fumei.se\/index.php?rest_route=%2Fwp%2Fv2%2Fcategories&post=399"},{"taxonomy":"post_tag","embeddable":true,"href":"https:\/\/blogg.fumei.se\/index.php?rest_route=%2Fwp%2Fv2%2Ftags&post=399"}],"curies":[{"name":"wp","href":"https:\/\/api.w.org\/{rel}","templated":true}]}}