{"id":41,"date":"2011-05-21T18:10:00","date_gmt":"2011-05-21T18:10:00","guid":{"rendered":"\/Blogg\/post\/Proudly-presents.aspx"},"modified":"2024-12-12T14:25:55","modified_gmt":"2024-12-12T13:25:55","slug":"proudly-presents","status":"publish","type":"post","link":"https:\/\/blogg.fumei.se\/?p=41","title":{"rendered":"Proudly presents&#8230;"},"content":{"rendered":"<p>dagens f\u00f6delsedagsbarn:<\/p>\n<p>Det \u00e4r lite sv\u00e5rt att fatta, men f\u00f6r 18 \u00e5r sedan l\u00e5g jag p\u00e5 BB N\u00c4L med den allra underbaraste lilla bebisflicka i famnen! Genom \u00e5ren har det inte alltid varit lika underbart, men hon kommer alltid att vara min \u00e4lskade, s\u00f6taste dotter!<\/p>\n<p style=\"text-align: center;\"><span style=\"font-size: large;\">GRATTIS P\u00c5 F\u00d6DELSEDAGEN SOPHIA!<\/span><\/p>\n<p><a href=\"https:\/\/i0.wp.com\/blogg.fumei.se\/wp-content\/uploads\/2011\/05\/fia18scrap-emeff2011.png?ssl=1\"><img data-recalc-dims=\"1\" loading=\"lazy\" decoding=\"async\" data-attachment-id=\"1267\" data-permalink=\"https:\/\/blogg.fumei.se\/?attachment_id=1267\" data-orig-file=\"https:\/\/i0.wp.com\/blogg.fumei.se\/wp-content\/uploads\/2011\/05\/fia18scrap-emeff2011.png?fit=1151%2C1151&amp;ssl=1\" data-orig-size=\"1151,1151\" data-comments-opened=\"1\" data-image-meta=\"{&quot;aperture&quot;:&quot;0&quot;,&quot;credit&quot;:&quot;&quot;,&quot;camera&quot;:&quot;&quot;,&quot;caption&quot;:&quot;&quot;,&quot;created_timestamp&quot;:&quot;0&quot;,&quot;copyright&quot;:&quot;&quot;,&quot;focal_length&quot;:&quot;0&quot;,&quot;iso&quot;:&quot;0&quot;,&quot;shutter_speed&quot;:&quot;0&quot;,&quot;title&quot;:&quot;&quot;}\" data-image-title=\"fia18scrap-emeff2011\" data-image-description=\"\" data-image-caption=\"\" data-large-file=\"https:\/\/i0.wp.com\/blogg.fumei.se\/wp-content\/uploads\/2011\/05\/fia18scrap-emeff2011.png?fit=640%2C640&amp;ssl=1\" class=\"aligncenter size-large wp-image-1267\" title=\"fia18scrap-emeff2011\" src=\"https:\/\/i0.wp.com\/blogg.fumei.se\/wp-content\/uploads\/2011\/05\/fia18scrap-emeff2011-1024x1024.png?resize=640%2C640&#038;ssl=1\" alt=\"\" width=\"640\" height=\"640\" srcset=\"https:\/\/i0.wp.com\/blogg.fumei.se\/wp-content\/uploads\/2011\/05\/fia18scrap-emeff2011.png?resize=1024%2C1024&amp;ssl=1 1024w, https:\/\/i0.wp.com\/blogg.fumei.se\/wp-content\/uploads\/2011\/05\/fia18scrap-emeff2011.png?resize=150%2C150&amp;ssl=1 150w, https:\/\/i0.wp.com\/blogg.fumei.se\/wp-content\/uploads\/2011\/05\/fia18scrap-emeff2011.png?resize=300%2C300&amp;ssl=1 300w, https:\/\/i0.wp.com\/blogg.fumei.se\/wp-content\/uploads\/2011\/05\/fia18scrap-emeff2011.png?w=1151&amp;ssl=1 1151w\" sizes=\"auto, (max-width: 640px) 100vw, 640px\" \/><\/a><\/p>\n","protected":false},"excerpt":{"rendered":"<p>dagens f\u00f6delsedagsbarn: Det \u00e4r lite sv\u00e5rt att fatta, men f\u00f6r 18 \u00e5r sedan l\u00e5g jag p\u00e5 BB N\u00c4L med den allra underbaraste lilla bebisflicka i famnen! Genom \u00e5ren har det inte alltid varit lika underbart, men hon kommer alltid att vara min \u00e4lskade, s\u00f6taste dotter! GRATTIS P\u00c5 F\u00d6DELSEDAGEN SOPHIA!<\/p>\n","protected":false},"author":1,"featured_media":0,"comment_status":"open","ping_status":"open","sticky":false,"template":"","format":"standard","meta":{"jetpack_post_was_ever_published":false,"_jetpack_newsletter_access":"","_jetpack_dont_email_post_to_subs":false,"_jetpack_newsletter_tier_id":0,"_jetpack_memberships_contains_paywalled_content":false,"_jetpack_memberships_contains_paid_content":false,"footnotes":"","jetpack_publicize_message":"","jetpack_publicize_feature_enabled":true,"jetpack_social_post_already_shared":false,"jetpack_social_options":{"image_generator_settings":{"template":"highway","default_image_id":0,"font":"","enabled":false},"version":2}},"categories":[34,47],"tags":[185,220,106,338],"class_list":["post-41","post","type-post","status-publish","format-standard","hentry","category-familjen","category-vardagsliv","tag-dotter","tag-fira","tag-fodelsedag","tag-hurra"],"jetpack_publicize_connections":[],"jetpack_featured_media_url":"","jetpack_shortlink":"https:\/\/wp.me\/p3qko4-F","jetpack_sharing_enabled":true,"jetpack_likes_enabled":true,"jetpack-related-posts":[{"id":3881,"url":"https:\/\/blogg.fumei.se\/?p=3881","url_meta":{"origin":41,"position":0},"title":"V\u00e4rldens vackraste dotter","author":"M :)","date":"2016-05-21","format":false,"excerpt":"fyller \u00e5r idag! GRATTIS p\u00e5 f\u00f6delsedagen \u00f6nskar mamma Robin mormor & morfar (och Pixel...)","rel":"","context":"I \u201dFamiljen\u201d","block_context":{"text":"Familjen","link":"https:\/\/blogg.fumei.se\/?cat=34"},"img":{"alt_text":"Fia23-emeff2016","src":"https:\/\/i0.wp.com\/blogg.fumei.se\/wp-content\/uploads\/2016\/05\/Fia23-emeff2016.jpg?resize=350%2C200","width":350,"height":200,"srcset":"https:\/\/i0.wp.com\/blogg.fumei.se\/wp-content\/uploads\/2016\/05\/Fia23-emeff2016.jpg?resize=350%2C200 1x, https:\/\/i0.wp.com\/blogg.fumei.se\/wp-content\/uploads\/2016\/05\/Fia23-emeff2016.jpg?resize=525%2C300 1.5x"},"classes":[]},{"id":3655,"url":"https:\/\/blogg.fumei.se\/?p=3655","url_meta":{"origin":41,"position":1},"title":"Fiadag","author":"M :)","date":"2015-05-21","format":false,"excerpt":"Idag klockan 13.32, fast f\u00f6r 22 \u00e5r sedan, f\u00f6ddes v\u00e4rldens finaste, b\u00e4sta och underbaraste dotter! Trots alla motg\u00e5ngar, h\u00e5rda ord och igensm\u00e4llda d\u00f6rrar genom \u00e5ren, s\u00e5 \u00e4lskar jag dig (och din bror) mest av alla i heeeela v\u00e4rlden!! GRATTIS p\u00e5 f\u00f6delsedagen \u00f6nskar mamsen","rel":"","context":"I \u201dFamiljen\u201d","block_context":{"text":"Familjen","link":"https:\/\/blogg.fumei.se\/?cat=34"},"img":{"alt_text":"fia22","src":"https:\/\/i0.wp.com\/blogg.fumei.se\/wp-content\/uploads\/2015\/05\/fia22.jpg?resize=350%2C200","width":350,"height":200,"srcset":"https:\/\/i0.wp.com\/blogg.fumei.se\/wp-content\/uploads\/2015\/05\/fia22.jpg?resize=350%2C200 1x, https:\/\/i0.wp.com\/blogg.fumei.se\/wp-content\/uploads\/2015\/05\/fia22.jpg?resize=525%2C300 1.5x"},"classes":[]},{"id":4528,"url":"https:\/\/blogg.fumei.se\/?p=4528","url_meta":{"origin":41,"position":2},"title":"Hur gick det d\u00e4r till?","author":"M :)","date":"2018-05-21","format":false,"excerpt":"Fia fyller 25 idag! Hur \u00e4r det ens m\u00f6jligt? Jag \u00e4r ju bara 27 fortfarande... Sk\u00e4mt \u00e5sido, jag kunde inte \u00f6nska mig en finare, go'are, rarare, sn\u00e4llare och b\u00e4ttre dotter \u00e4n dig! Jag \u00f6nskar att du f\u00e5r en underbar f\u00f6delsedag! Jag \u00e4lskar dig! GRATTIS! \u00f6nskar mamma Robin mormor Roberto &\u2026","rel":"","context":"I \u201dFamiljen\u201d","block_context":{"text":"Familjen","link":"https:\/\/blogg.fumei.se\/?cat=34"},"img":{"alt_text":"","src":"https:\/\/i0.wp.com\/blogg.fumei.se\/wp-content\/uploads\/2018\/05\/Fia25-emeff2018.png?resize=350%2C200","width":350,"height":200,"srcset":"https:\/\/i0.wp.com\/blogg.fumei.se\/wp-content\/uploads\/2018\/05\/Fia25-emeff2018.png?resize=350%2C200 1x, https:\/\/i0.wp.com\/blogg.fumei.se\/wp-content\/uploads\/2018\/05\/Fia25-emeff2018.png?resize=525%2C300 1.5x"},"classes":[]},{"id":224,"url":"https:\/\/blogg.fumei.se\/?p=224","url_meta":{"origin":41,"position":3},"title":"Hurra hurra hurra hurra!","author":"M :)","date":"2010-05-21","format":false,"excerpt":"Idag fyller min \u00e4lskade lilla stora s\u00f6ta obstinata vr\u00e5nga gosiga spralliga h\u00e4rliga underbara dotter 17 \u00e5r. GRATTIS p\u00e5 f\u00f6delsedagen Sophia","rel":"","context":"I \u201dVardagsliv\u201d","block_context":{"text":"Vardagsliv","link":"https:\/\/blogg.fumei.se\/?cat=47"},"img":{"alt_text":"","src":"","width":0,"height":0},"classes":[]},{"id":2376,"url":"https:\/\/blogg.fumei.se\/?p=2376","url_meta":{"origin":41,"position":4},"title":"Det \u00e4r Fias dag idag!","author":"M :)","date":"2012-05-21","format":false,"excerpt":"Grattis min stora lilla grodprinsessa!!","rel":"","context":"I \u201dVardagsliv\u201d","block_context":{"text":"Vardagsliv","link":"https:\/\/blogg.fumei.se\/?cat=47"},"img":{"alt_text":"","src":"https:\/\/i0.wp.com\/blogg.fumei.se\/wp-content\/uploads\/2012\/05\/Fia19-emeff20121-300x229.png?resize=350%2C200","width":350,"height":200},"classes":[]},{"id":40,"url":"https:\/\/blogg.fumei.se\/?p=40","url_meta":{"origin":41,"position":5},"title":"Kalasdax","author":"M :)","date":"2011-05-21","format":false,"excerpt":"Idag firade vi Fias intr\u00e4de i vuxenv\u00e4rlden. Det \u00e4r inte varje dag man fyller 18, s\u00e5 jag ville g\u00e4rna g\u00f6ra det lite extra f\u00f6r henne, men fr\u00f6ken hade gjort upp egna planer, s\u00e5 det fick bli som det blev av det hela. En sak lyckades vi f\u00e5 med i alla\u2026","rel":"","context":"I \u201dVardagsliv\u201d","block_context":{"text":"Vardagsliv","link":"https:\/\/blogg.fumei.se\/?cat=47"},"img":{"alt_text":"","src":"https:\/\/i0.wp.com\/blogg.fumei.se\/wp-content\/uploads\/2011\/05\/P1110400.jpg?resize=350%2C200","width":350,"height":200},"classes":[]}],"_links":{"self":[{"href":"https:\/\/blogg.fumei.se\/index.php?rest_route=\/wp\/v2\/posts\/41","targetHints":{"allow":["GET"]}}],"collection":[{"href":"https:\/\/blogg.fumei.se\/index.php?rest_route=\/wp\/v2\/posts"}],"about":[{"href":"https:\/\/blogg.fumei.se\/index.php?rest_route=\/wp\/v2\/types\/post"}],"author":[{"embeddable":true,"href":"https:\/\/blogg.fumei.se\/index.php?rest_route=\/wp\/v2\/users\/1"}],"replies":[{"embeddable":true,"href":"https:\/\/blogg.fumei.se\/index.php?rest_route=%2Fwp%2Fv2%2Fcomments&post=41"}],"version-history":[{"count":2,"href":"https:\/\/blogg.fumei.se\/index.php?rest_route=\/wp\/v2\/posts\/41\/revisions"}],"predecessor-version":[{"id":7161,"href":"https:\/\/blogg.fumei.se\/index.php?rest_route=\/wp\/v2\/posts\/41\/revisions\/7161"}],"wp:attachment":[{"href":"https:\/\/blogg.fumei.se\/index.php?rest_route=%2Fwp%2Fv2%2Fmedia&parent=41"}],"wp:term":[{"taxonomy":"category","embeddable":true,"href":"https:\/\/blogg.fumei.se\/index.php?rest_route=%2Fwp%2Fv2%2Fcategories&post=41"},{"taxonomy":"post_tag","embeddable":true,"href":"https:\/\/blogg.fumei.se\/index.php?rest_route=%2Fwp%2Fv2%2Ftags&post=41"}],"curies":[{"name":"wp","href":"https:\/\/api.w.org\/{rel}","templated":true}]}}