{"id":4273,"date":"2017-04-15T09:05:33","date_gmt":"2017-04-15T07:05:33","guid":{"rendered":"http:\/\/blogg.fumei.se\/?p=4273"},"modified":"2017-04-16T19:11:31","modified_gmt":"2017-04-16T17:11:31","slug":"mammas-dag","status":"publish","type":"post","link":"https:\/\/blogg.fumei.se\/?p=4273","title":{"rendered":"Mammas dag"},"content":{"rendered":"<p>Den 15:e April f\u00f6r 80 \u00e5r sedan f\u00f6ddes en liten flicka i Herning i Danmark, som fick heta Lis. Den flickan blev s\u00e5 sm\u00e5ningom min mamma och idag firar vi henne!<\/p>\n<p><a href=\"https:\/\/i0.wp.com\/blogg.fumei.se\/wp-content\/uploads\/2017\/04\/Mamma80-emeff2017.png?ssl=1\"><img data-recalc-dims=\"1\" loading=\"lazy\" decoding=\"async\" data-attachment-id=\"4274\" data-permalink=\"https:\/\/blogg.fumei.se\/?attachment_id=4274\" data-orig-file=\"https:\/\/i0.wp.com\/blogg.fumei.se\/wp-content\/uploads\/2017\/04\/Mamma80-emeff2017.png?fit=600%2C600&amp;ssl=1\" data-orig-size=\"600,600\" data-comments-opened=\"1\" data-image-meta=\"{&quot;aperture&quot;:&quot;0&quot;,&quot;credit&quot;:&quot;&quot;,&quot;camera&quot;:&quot;&quot;,&quot;caption&quot;:&quot;&quot;,&quot;created_timestamp&quot;:&quot;0&quot;,&quot;copyright&quot;:&quot;&quot;,&quot;focal_length&quot;:&quot;0&quot;,&quot;iso&quot;:&quot;0&quot;,&quot;shutter_speed&quot;:&quot;0&quot;,&quot;title&quot;:&quot;&quot;,&quot;orientation&quot;:&quot;0&quot;}\" data-image-title=\"Mamma80-emeff2017\" data-image-description=\"\" data-image-caption=\"\" data-large-file=\"https:\/\/i0.wp.com\/blogg.fumei.se\/wp-content\/uploads\/2017\/04\/Mamma80-emeff2017.png?fit=600%2C600&amp;ssl=1\" class=\"aligncenter size-full wp-image-4274\" src=\"https:\/\/i0.wp.com\/blogg.fumei.se\/wp-content\/uploads\/2017\/04\/Mamma80-emeff2017.png?resize=600%2C600&#038;ssl=1\" alt=\"\" width=\"600\" height=\"600\" srcset=\"https:\/\/i0.wp.com\/blogg.fumei.se\/wp-content\/uploads\/2017\/04\/Mamma80-emeff2017.png?w=600&amp;ssl=1 600w, https:\/\/i0.wp.com\/blogg.fumei.se\/wp-content\/uploads\/2017\/04\/Mamma80-emeff2017.png?resize=180%2C180&amp;ssl=1 180w, https:\/\/i0.wp.com\/blogg.fumei.se\/wp-content\/uploads\/2017\/04\/Mamma80-emeff2017.png?resize=300%2C300&amp;ssl=1 300w\" sizes=\"auto, (max-width: 600px) 100vw, 600px\" \/><\/a><\/p>\n<h1 style=\"text-align: center;\"><strong><span style=\"color: #3366ff;\">GRATTIS<\/span><\/strong><\/h1>\n<h3 style=\"text-align: center;\"><strong><span style=\"color: #3366ff;\">p\u00e5 f\u00f6delsedagen<\/span><\/strong><br \/>\n<span style=\"color: #3366ff;\">\u00f6nskar<\/span><br \/>\n<span style=\"color: #3366ff;\">Tella, Roberto, Silvio<\/span><br \/>\n<span style=\"color: #3366ff;\">Fia och Robin<\/span><br \/>\n<span style=\"color: #3366ff;\">Isabella<\/span><br \/>\n<span style=\"color: #3366ff;\">Lovisa och Victor<\/span><br \/>\n<span style=\"color: #3366ff;\">Linus och Juliah<\/span><\/h3>\n<h1 style=\"text-align: center;\"><span style=\"color: #3366ff;\">\u2665\u00a0\u2665\u00a0\u2665<\/span><\/h1>\n","protected":false},"excerpt":{"rendered":"<p>Den 15:e April f\u00f6r 80 \u00e5r sedan f\u00f6ddes en liten flicka i Herning i Danmark, som fick heta Lis. Den flickan blev s\u00e5 sm\u00e5ningom min mamma och idag firar vi henne! GRATTIS p\u00e5 f\u00f6delsedagen \u00f6nskar Tella, Roberto, Silvio Fia och Robin Isabella Lovisa och Victor Linus och Juliah \u2665\u00a0\u2665\u00a0\u2665<\/p>\n","protected":false},"author":1,"featured_media":0,"comment_status":"open","ping_status":"open","sticky":false,"template":"","format":"standard","meta":{"jetpack_post_was_ever_published":false,"_jetpack_newsletter_access":"","_jetpack_dont_email_post_to_subs":false,"_jetpack_newsletter_tier_id":0,"_jetpack_memberships_contains_paywalled_content":false,"_jetpack_memberships_contains_paid_content":false,"footnotes":"","jetpack_publicize_message":"","jetpack_publicize_feature_enabled":true,"jetpack_social_post_already_shared":true,"jetpack_social_options":{"image_generator_settings":{"template":"highway","default_image_id":0,"font":"","enabled":false},"version":2}},"categories":[47],"tags":[],"class_list":["post-4273","post","type-post","status-publish","format-standard","hentry","category-vardagsliv"],"jetpack_publicize_connections":[],"jetpack_featured_media_url":"","jetpack_shortlink":"https:\/\/wp.me\/p3qko4-16V","jetpack_sharing_enabled":true,"jetpack_likes_enabled":true,"jetpack-related-posts":[{"id":3877,"url":"https:\/\/blogg.fumei.se\/?p=3877","url_meta":{"origin":4273,"position":0},"title":"\u00c5ren g\u00e5r","author":"M :)","date":"2016-04-25","format":false,"excerpt":"och barnen fyller \u00e5r. Fast numera \u00e4r de inte l\u00e4ngre barn, men de \u00e4r f\u00f6r alltid mina barn! Idag fyller Robin 20, och jag fattar fortfarande inte hur det gick till, f\u00f6r jag \u00e4r v\u00e4l inte en dag \u00f6ver 30?! GRATTIS p\u00e5 f\u00f6delsedagen \u00f6nskar mamma Fia, Linus & Juliah mormor\u2026","rel":"","context":"I \u201dFamiljen\u201d","block_context":{"text":"Familjen","link":"https:\/\/blogg.fumei.se\/?cat=34"},"img":{"alt_text":"Robin20-emeff2016","src":"https:\/\/i0.wp.com\/blogg.fumei.se\/wp-content\/uploads\/2016\/04\/Robin20-emeff2016-650x535.jpg?resize=350%2C200","width":350,"height":200,"srcset":"https:\/\/i0.wp.com\/blogg.fumei.se\/wp-content\/uploads\/2016\/04\/Robin20-emeff2016-650x535.jpg?resize=350%2C200 1x, https:\/\/i0.wp.com\/blogg.fumei.se\/wp-content\/uploads\/2016\/04\/Robin20-emeff2016-650x535.jpg?resize=525%2C300 1.5x"},"classes":[]},{"id":4288,"url":"https:\/\/blogg.fumei.se\/?p=4288","url_meta":{"origin":4273,"position":1},"title":"Tjugoett","author":"M :)","date":"2017-04-25","format":false,"excerpt":"Hurra hurra hurra hurra f\u00f6r Robin idag! GRATTIS \u00f6nskar mamma \u2665\u00a0\u2665","rel":"","context":"I \u201dFamiljen\u201d","block_context":{"text":"Familjen","link":"https:\/\/blogg.fumei.se\/?cat=34"},"img":{"alt_text":"","src":"https:\/\/i0.wp.com\/blogg.fumei.se\/wp-content\/uploads\/2017\/04\/Robin21-Emeff2017.png?resize=350%2C200","width":350,"height":200,"srcset":"https:\/\/i0.wp.com\/blogg.fumei.se\/wp-content\/uploads\/2017\/04\/Robin21-Emeff2017.png?resize=350%2C200 1x, https:\/\/i0.wp.com\/blogg.fumei.se\/wp-content\/uploads\/2017\/04\/Robin21-Emeff2017.png?resize=525%2C300 1.5x"},"classes":[]},{"id":4594,"url":"https:\/\/blogg.fumei.se\/?p=4594","url_meta":{"origin":4273,"position":2},"title":"En alldeles s\u00e4rskild dag","author":"M :)","date":"2018-11-30","format":false,"excerpt":"F\u00f6r det \u00e4r Mickes f\u00f6delsedag, och inte vilken f\u00f6delsedag som helst, han fyller ju 50!\u00a0\u2665 Vi befinner oss f\u00f6r tillf\u00e4llet i Barcelona och firar tillsammans med Melina och Max, men ett litet inl\u00e4gg p\u00e5 bloggen m\u00e5ste det ju bli n\u00e4r man fyller \u00e5r! S\u00e5 h\u00e4r kommer grattis och fina (eh...tja...)\u2026","rel":"","context":"I \u201dFamiljen\u201d","block_context":{"text":"Familjen","link":"https:\/\/blogg.fumei.se\/?cat=34"},"img":{"alt_text":"","src":"https:\/\/i0.wp.com\/blogg.fumei.se\/wp-content\/uploads\/2018\/11\/Micke50-EmEff2018.png?resize=350%2C200","width":350,"height":200,"srcset":"https:\/\/i0.wp.com\/blogg.fumei.se\/wp-content\/uploads\/2018\/11\/Micke50-EmEff2018.png?resize=350%2C200 1x, https:\/\/i0.wp.com\/blogg.fumei.se\/wp-content\/uploads\/2018\/11\/Micke50-EmEff2018.png?resize=525%2C300 1.5x"},"classes":[]},{"id":5215,"url":"https:\/\/blogg.fumei.se\/?p=5215","url_meta":{"origin":4273,"position":3},"title":"Jul p\u00e5 Liseberg","author":"M :)","date":"2018-12-16","format":false,"excerpt":"Mamma kom och h\u00e4lsade p\u00e5 \u00f6ver helgen, s\u00e5 Sophia, Linus och barnen kom ner och s\u00e5 gick vi p\u00e5 Liseberg och tittade p\u00e5 tomtar. och myste.Och s\u00e5 fick mamma tr\u00e4ffa Amandus f\u00f6r f\u00f6rsta g\u00e5ngen \u2665\ufe0e","rel":"","context":"I \u201dFamiljen\u201d","block_context":{"text":"Familjen","link":"https:\/\/blogg.fumei.se\/?cat=34"},"img":{"alt_text":"","src":"https:\/\/i0.wp.com\/blogg.fumei.se\/wp-content\/uploads\/2023\/09\/644EC867-B2AD-4B0A-A503-FCC77A16573A_1_102_a.jpeg?resize=350%2C200","width":350,"height":200,"srcset":"https:\/\/i0.wp.com\/blogg.fumei.se\/wp-content\/uploads\/2023\/09\/644EC867-B2AD-4B0A-A503-FCC77A16573A_1_102_a.jpeg?resize=350%2C200 1x, https:\/\/i0.wp.com\/blogg.fumei.se\/wp-content\/uploads\/2023\/09\/644EC867-B2AD-4B0A-A503-FCC77A16573A_1_102_a.jpeg?resize=525%2C300 1.5x, https:\/\/i0.wp.com\/blogg.fumei.se\/wp-content\/uploads\/2023\/09\/644EC867-B2AD-4B0A-A503-FCC77A16573A_1_102_a.jpeg?resize=700%2C400 2x, https:\/\/i0.wp.com\/blogg.fumei.se\/wp-content\/uploads\/2023\/09\/644EC867-B2AD-4B0A-A503-FCC77A16573A_1_102_a.jpeg?resize=1050%2C600 3x, https:\/\/i0.wp.com\/blogg.fumei.se\/wp-content\/uploads\/2023\/09\/644EC867-B2AD-4B0A-A503-FCC77A16573A_1_102_a.jpeg?resize=1400%2C800 4x"},"classes":[]},{"id":4649,"url":"https:\/\/blogg.fumei.se\/?p=4649","url_meta":{"origin":4273,"position":4},"title":"Finaste sonen!","author":"M :)","date":"2019-04-25","format":false,"excerpt":"Idag fyller han \u00e5r! GRATTIS! \u00f6nskar mamma \u2665Fia, Linus, Juliah & AmandusMikael, Melina & MaxIlse, Magnus, Frida & TyraRoberto & IsabellaSilvio, Lovisa & Victor","rel":"","context":"I \u201dFamiljen\u201d","block_context":{"text":"Familjen","link":"https:\/\/blogg.fumei.se\/?cat=34"},"img":{"alt_text":"","src":"https:\/\/i0.wp.com\/blogg.fumei.se\/wp-content\/uploads\/2019\/04\/Robin23-emeff2019.png?resize=350%2C200&ssl=1","width":350,"height":200},"classes":[]},{"id":4652,"url":"https:\/\/blogg.fumei.se\/?p=4652","url_meta":{"origin":4273,"position":5},"title":"Ja m\u00e5 hon leva!","author":"M :)","date":"2019-05-21","format":false,"excerpt":"Den finaste, vackraste, b\u00e4sta dottern av dem alla, idag fyller hon \u00e5r! GRATTIS! \u00f6nskar mamma & RobinmormorIlse, Magnus, Frida & TyraRoberto & IsabellaSilvio, Lovisa & VictorMikael, Melina & Max\u2665","rel":"","context":"I \u201dVardagsliv\u201d","block_context":{"text":"Vardagsliv","link":"https:\/\/blogg.fumei.se\/?cat=47"},"img":{"alt_text":"","src":"https:\/\/i0.wp.com\/blogg.fumei.se\/wp-content\/uploads\/2019\/05\/Fia26Blogg-EmEff2019.png?resize=350%2C200&ssl=1","width":350,"height":200,"srcset":"https:\/\/i0.wp.com\/blogg.fumei.se\/wp-content\/uploads\/2019\/05\/Fia26Blogg-EmEff2019.png?resize=350%2C200&ssl=1 1x, https:\/\/i0.wp.com\/blogg.fumei.se\/wp-content\/uploads\/2019\/05\/Fia26Blogg-EmEff2019.png?resize=525%2C300&ssl=1 1.5x"},"classes":[]}],"_links":{"self":[{"href":"https:\/\/blogg.fumei.se\/index.php?rest_route=\/wp\/v2\/posts\/4273","targetHints":{"allow":["GET"]}}],"collection":[{"href":"https:\/\/blogg.fumei.se\/index.php?rest_route=\/wp\/v2\/posts"}],"about":[{"href":"https:\/\/blogg.fumei.se\/index.php?rest_route=\/wp\/v2\/types\/post"}],"author":[{"embeddable":true,"href":"https:\/\/blogg.fumei.se\/index.php?rest_route=\/wp\/v2\/users\/1"}],"replies":[{"embeddable":true,"href":"https:\/\/blogg.fumei.se\/index.php?rest_route=%2Fwp%2Fv2%2Fcomments&post=4273"}],"version-history":[{"count":1,"href":"https:\/\/blogg.fumei.se\/index.php?rest_route=\/wp\/v2\/posts\/4273\/revisions"}],"predecessor-version":[{"id":4275,"href":"https:\/\/blogg.fumei.se\/index.php?rest_route=\/wp\/v2\/posts\/4273\/revisions\/4275"}],"wp:attachment":[{"href":"https:\/\/blogg.fumei.se\/index.php?rest_route=%2Fwp%2Fv2%2Fmedia&parent=4273"}],"wp:term":[{"taxonomy":"category","embeddable":true,"href":"https:\/\/blogg.fumei.se\/index.php?rest_route=%2Fwp%2Fv2%2Fcategories&post=4273"},{"taxonomy":"post_tag","embeddable":true,"href":"https:\/\/blogg.fumei.se\/index.php?rest_route=%2Fwp%2Fv2%2Ftags&post=4273"}],"curies":[{"name":"wp","href":"https:\/\/api.w.org\/{rel}","templated":true}]}}