{"id":4334,"date":"2017-12-01T11:10:15","date_gmt":"2017-12-01T10:10:15","guid":{"rendered":"http:\/\/blogg.fumei.se\/?p=4334"},"modified":"2017-12-01T11:10:15","modified_gmt":"2017-12-01T10:10:15","slug":"i-backspegeln","status":"publish","type":"post","link":"https:\/\/blogg.fumei.se\/?p=4334","title":{"rendered":"I backspegeln&#8230;"},"content":{"rendered":"<p>Fast\u00e4n bloggen har legat nere har det \u00e4nd\u00e5 h\u00e4nt saker i mitt liv, och jag kommer att skriva om n\u00e5gra saker h\u00e4r, men de inl\u00e4ggen kommer att bak\u00e5tdateras till n\u00e4r det var aktuellt, s\u00e5 vill ni l\u00e4sa om det f\u00e5r ni helt enkelt scrolla bak\u00e5t emellan\u00e5t!<\/p>\n<p>Jag kommer dock att ta det i turordning, med b\u00f6rjan i Mars 2017. S\u00e5&#8230;t\u00e5lamod! Det kommer!<\/p>\n","protected":false},"excerpt":{"rendered":"<p>Fast\u00e4n bloggen har legat nere har det \u00e4nd\u00e5 h\u00e4nt saker i mitt liv, och jag kommer att skriva om n\u00e5gra saker h\u00e4r, men de inl\u00e4ggen kommer att bak\u00e5tdateras till n\u00e4r det var aktuellt, s\u00e5 vill ni l\u00e4sa om det f\u00e5r ni helt enkelt scrolla bak\u00e5t emellan\u00e5t! Jag kommer dock att ta det i turordning, med&#8230;<\/p>\n","protected":false},"author":1,"featured_media":0,"comment_status":"open","ping_status":"open","sticky":false,"template":"","format":"standard","meta":{"jetpack_post_was_ever_published":false,"_jetpack_newsletter_access":"","_jetpack_dont_email_post_to_subs":false,"_jetpack_newsletter_tier_id":0,"_jetpack_memberships_contains_paywalled_content":false,"_jetpack_memberships_contains_paid_content":false,"footnotes":"","jetpack_publicize_message":"","jetpack_publicize_feature_enabled":true,"jetpack_social_post_already_shared":true,"jetpack_social_options":{"image_generator_settings":{"template":"highway","default_image_id":0,"font":"","enabled":false},"version":2}},"categories":[47],"tags":[],"class_list":["post-4334","post","type-post","status-publish","format-standard","hentry","category-vardagsliv"],"jetpack_publicize_connections":[],"jetpack_featured_media_url":"","jetpack_shortlink":"https:\/\/wp.me\/p3qko4-17U","jetpack_sharing_enabled":true,"jetpack_likes_enabled":true,"jetpack-related-posts":[{"id":5190,"url":"https:\/\/blogg.fumei.se\/?p=5190","url_meta":{"origin":4334,"position":0},"title":"Flyttbestyr","author":"M :)","date":"2018-11-13","format":false,"excerpt":"I flera dagar har jag rensat, packat, sk\u00e4nkt och sl\u00e4ngt av alla mina saker, och idag st\u00e4ngde jag igen den sista flyttkartongen.Imorgon bitti i kommer flyttfirman och h\u00e4mtar alla mina tillh\u00f6righeter, och s\u00e5 b\u00e4r det av mot S\u00e4vedalen. Jag har sagt upp l\u00e4genheten i Bergsj\u00f6n och nu ska vi f\u00f6rs\u00f6ka\u2026","rel":"","context":"I \u201dHemmet\u201d","block_context":{"text":"Hemmet","link":"https:\/\/blogg.fumei.se\/?cat=31"},"img":{"alt_text":"","src":"","width":0,"height":0},"classes":[]},{"id":2786,"url":"https:\/\/blogg.fumei.se\/?p=2786","url_meta":{"origin":4334,"position":1},"title":"Change is good?","author":"M :)","date":"2012-10-14","format":false,"excerpt":"Idag har vi gjort lite f\u00f6r\u00e4ndringar h\u00e4r hemma. Flyttat p\u00e5 m\u00f6bler och s\u00e5 d\u00e4r, ni vet, som g\u00f6r att det k\u00e4nns lite nytt trots att det \u00e4r samma gamla saker. S\u00e5 nu \u00e4r det inte s\u00e5 m\u00f6rkt och inst\u00e4ngt l\u00e4ngre. Men den stora f\u00f6r\u00e4ndringen har inte s\u00e5 mycket med saker\u2026","rel":"","context":"I \u201dFamiljen\u201d","block_context":{"text":"Familjen","link":"https:\/\/blogg.fumei.se\/?cat=34"},"img":{"alt_text":"","src":"","width":0,"height":0},"classes":[]},{"id":2580,"url":"https:\/\/blogg.fumei.se\/?p=2580","url_meta":{"origin":4334,"position":2},"title":"Rom 2012; dag 5","author":"M :)","date":"2012-08-01","format":false,"excerpt":"Allts\u00e5, jag vet inte om det \u00e4r n\u00e5n id\u00e8 ens att skriva ett inl\u00e4gg om att vi \u00e5kte hem p\u00e5 fredagen. Ett inl\u00e4gg om att vi fick g\u00e5 upp s\u00e5d\u00e4r tidigt igen f\u00f6r att hinna med f\u00f6rst metron till Termini, sen bussen till Ciampino och slutligen planet hem till Sverige.\u2026","rel":"","context":"I \u201dVardagsliv\u201d","block_context":{"text":"Vardagsliv","link":"https:\/\/blogg.fumei.se\/?cat=47"},"img":{"alt_text":"","src":"https:\/\/i0.wp.com\/blogg.fumei.se\/wp-content\/uploads\/2012\/08\/79.jpg?resize=350%2C200","width":350,"height":200},"classes":[]},{"id":1090,"url":"https:\/\/blogg.fumei.se\/?p=1090","url_meta":{"origin":4334,"position":3},"title":"Me no like","author":"M :)","date":"2009-09-28","format":false,"excerpt":"att vara sjuk. Det \u00e4r tr\u00e5kigt. Tr\u00e5kigt dels f\u00f6r att man inte m\u00e5r bra, s\u00e5klart, dels f\u00f6r att man \u00e4r s\u00e5 begr\u00e4nsad i vad man kan g\u00f6ra. Eftersom jag har feber \u00e4r jag ju inte direkt pigg p\u00e5 att g\u00f6ra saker, men jag hade nog m\u00e5tt bra av en promenad.\u2026","rel":"","context":"I \u201dVardagsliv\u201d","block_context":{"text":"Vardagsliv","link":"https:\/\/blogg.fumei.se\/?cat=47"},"img":{"alt_text":"","src":"","width":0,"height":0},"classes":[]},{"id":967,"url":"https:\/\/blogg.fumei.se\/?p=967","url_meta":{"origin":4334,"position":4},"title":"Under solen intet nytt","author":"M :)","date":"2009-06-29","format":false,"excerpt":"Jag har en liten klocka som pinglar i bakhuvudet och vill tala om varifr\u00e5n citatet kommer, men den pinglar f\u00f6rg\u00e4ves ikv\u00e4ll. Jag kommer s\u00e4kert p\u00e5 det mitt i natten och vaknar av det och kan inte somna om. S\u00e5 brukar det vara. Jag brukar alltid komma p\u00e5 saker och namn\u2026","rel":"","context":"I \u201dVardagsliv\u201d","block_context":{"text":"Vardagsliv","link":"https:\/\/blogg.fumei.se\/?cat=47"},"img":{"alt_text":"","src":"","width":0,"height":0},"classes":[]},{"id":1430,"url":"https:\/\/blogg.fumei.se\/?p=1430","url_meta":{"origin":4334,"position":5},"title":"Bokrecension: A place called here","author":"M :)","date":"2011-09-20","format":false,"excerpt":"F\u00f6rfattare: Cecelia Ahern Den h\u00e4r boken \u00e4r lite tr\u00f6g att komma in i, men om man k\u00e4mpar sig igenom hela, \u00e4r slutet \u00e4nd\u00e5 r\u00e4tt bra. Trots att det inte min favoritbok av Cecelia Ahern, s\u00e5 har hon \u00e4nd\u00e5 en f\u00f6rm\u00e5ga att skriva bra b\u00f6cker \u2013 chick-lit, visserligen, men who cares?\u2026","rel":"","context":"I \u201dB\u00f6cker och l\u00e4sning\u201d","block_context":{"text":"B\u00f6cker och l\u00e4sning","link":"https:\/\/blogg.fumei.se\/?cat=29"},"img":{"alt_text":"","src":"https:\/\/i0.wp.com\/blogg.fumei.se\/wp-content\/uploads\/2011\/09\/588369-195x300.jpg?resize=350%2C200","width":350,"height":200},"classes":[]}],"_links":{"self":[{"href":"https:\/\/blogg.fumei.se\/index.php?rest_route=\/wp\/v2\/posts\/4334","targetHints":{"allow":["GET"]}}],"collection":[{"href":"https:\/\/blogg.fumei.se\/index.php?rest_route=\/wp\/v2\/posts"}],"about":[{"href":"https:\/\/blogg.fumei.se\/index.php?rest_route=\/wp\/v2\/types\/post"}],"author":[{"embeddable":true,"href":"https:\/\/blogg.fumei.se\/index.php?rest_route=\/wp\/v2\/users\/1"}],"replies":[{"embeddable":true,"href":"https:\/\/blogg.fumei.se\/index.php?rest_route=%2Fwp%2Fv2%2Fcomments&post=4334"}],"version-history":[{"count":1,"href":"https:\/\/blogg.fumei.se\/index.php?rest_route=\/wp\/v2\/posts\/4334\/revisions"}],"predecessor-version":[{"id":4335,"href":"https:\/\/blogg.fumei.se\/index.php?rest_route=\/wp\/v2\/posts\/4334\/revisions\/4335"}],"wp:attachment":[{"href":"https:\/\/blogg.fumei.se\/index.php?rest_route=%2Fwp%2Fv2%2Fmedia&parent=4334"}],"wp:term":[{"taxonomy":"category","embeddable":true,"href":"https:\/\/blogg.fumei.se\/index.php?rest_route=%2Fwp%2Fv2%2Fcategories&post=4334"},{"taxonomy":"post_tag","embeddable":true,"href":"https:\/\/blogg.fumei.se\/index.php?rest_route=%2Fwp%2Fv2%2Ftags&post=4334"}],"curies":[{"name":"wp","href":"https:\/\/api.w.org\/{rel}","templated":true}]}}