{"id":446,"date":"2008-07-16T00:26:04","date_gmt":"2008-07-16T00:26:04","guid":{"rendered":"http:\/\/blogg.fumei.se\/?p=446"},"modified":"2024-04-03T12:01:18","modified_gmt":"2024-04-03T10:01:18","slug":"valkommen-till-min-nya-blogg","status":"publish","type":"post","link":"https:\/\/blogg.fumei.se\/?p=446","title":{"rendered":"V\u00e4lkommen till min nya blogg!"},"content":{"rendered":"<p>Nya och nya&#8230;jag som aldrig varit med blogg innan tycker ju att det l\u00e5ter som om jag har b\u00f6rjat p\u00e5 ny kula med bloggandet, medan jag i sj\u00e4lva verket \u00e4r totalt nyb\u00f6rjare p\u00e5 det h\u00e4r! S\u00e5 faktiskt har jag inte den blekaste om vad jag ska skriva om. men det kanske ger sig efter hand som man skriver. Eller?<br \/>Har funderat p\u00e5 att b\u00f6rja i s\u00e4kert ett \u00e5r nu, och nu n\u00e4r halva Sverige bloggar, och t.o.m lillebror som alltid varit s\u00e5 himla anti s\u00e5nt h\u00e4r har b\u00f6rjat, s\u00e5 ska jag inte dra p\u00e5 det l\u00e4ngre. S\u00e5 h\u00e4r \u00e4r den; min alldeles egna blogg!<\/p>\n<p>Kan v\u00e4l erk\u00e4nna redan nu att det kommer nog inte att bli s\u00e4rskilt regelbundna inl\u00e4gg. Jag har inte n\u00e5got s\u00e4rskilt sp\u00e4nnande liv. &gt;suckar djupt&gt;<\/p>\n<p>Men som en liten start b\u00f6rjar jag med att ber\u00e4tta att jag ska h\u00e4mta ut nya linser idag. Har \u00e4ven best\u00e4llt f\u00e4rgade linser den h\u00e4r g\u00e5ngen. (N\u00e5n liten lyx kan man v\u00e4l f\u00e5 unna sig n\u00e4r man nu varken springer p\u00e5 gym eller solarium eller salong.)<br \/>Ska bli v\u00e4ldigt intressant att se hur de f\u00e4rgade ser ut. Jag provade ju ut f\u00e4rgerna hos optikern innan jag best\u00e4llde dem, men eftersom jag ser r\u00e4tt d\u00e5ligt coh provlinserna var utan styrka, s\u00e5 s\u00e5g jag ju inte s\u00e5d\u00e4r j\u00e4ttebra. Den bruna linsen jag provade s\u00e5g mest ut som en gul-brun-gr\u00f6n-gr\u00e5 skimrande hinna som l\u00e5g och fl\u00f6t i mitt \u00f6ga haha men det kan ju bero p\u00e5 att jag stod s\u00e5d\u00e4r en 20 cm ifr\u00e5n spegeln, s\u00e5 jag f\u00f6rmodar att min hj\u00e4rna bara registrerade reflexerna i spegeln.<br \/>Jaja, det \u00e5terst\u00e5r att se, som sagt.<\/p>\n<p>Idag \u00e4r det 12 dagar\/9 arbetspass kvar till semestern. K\u00e4nns som jag jobbar hela tiden, men snart blir det b\u00e4ttre.<br \/>Jobbet har en regel att om man har en grundtj\u00e4nst p\u00e5 100% och bara arbetar del av den, s\u00e5 m\u00e5ste man g\u00e5 upp till sina 100% under sommarperioden. Detta g\u00e4ller inte de som har barn upp till 8 \u00e5r, men det var ju ett tag sen jag hade det&#8230;<br \/>Till h\u00f6sten (= f\u00f6rsta dagen efter semestern) kommer jag att g\u00e5 tillbaka till 80%. Jag vill ju hinna med livet utanf\u00f6r jobbet ocks\u00e5.<\/p>\n<p>Aprop\u00e5 jobb, s\u00e5 ska jag nog s\u00e4tta lite fart h\u00e4r och f\u00e5 i mig frukost och s\u00e5nt d\u00e4r, s\u00e5 att jag kommer iv\u00e4g. <\/p>\n<p><\/p>\n<div align=\"center\"><img data-recalc-dims=\"1\" decoding=\"async\" src=\"https:\/\/i0.wp.com\/emeff.blogg.se\/\/images\/2008\/rg_706708_m600_13274872.jpg?w=640\" alt=\"12 dagar...and counting...\" \/><br \/>&#8230;and counting&#8230;<\/div>\n","protected":false},"excerpt":{"rendered":"<p>Nya och nya&#8230;jag som aldrig varit med blogg innan tycker ju att det l\u00e5ter som om jag har b\u00f6rjat p\u00e5 ny kula med bloggandet, medan jag i sj\u00e4lva verket \u00e4r totalt nyb\u00f6rjare p\u00e5 det h\u00e4r! S\u00e5 faktiskt har jag inte den blekaste om vad jag ska skriva om. men det kanske ger sig efter hand&#8230;<\/p>\n","protected":false},"author":1,"featured_media":0,"comment_status":"open","ping_status":"open","sticky":false,"template":"","format":"standard","meta":{"jetpack_post_was_ever_published":false,"_jetpack_newsletter_access":"","_jetpack_dont_email_post_to_subs":false,"_jetpack_newsletter_tier_id":0,"_jetpack_memberships_contains_paywalled_content":false,"_jetpack_memberships_contains_paid_content":false,"footnotes":"","jetpack_publicize_message":"","jetpack_publicize_feature_enabled":true,"jetpack_social_post_already_shared":false,"jetpack_social_options":{"image_generator_settings":{"template":"highway","default_image_id":0,"font":"","enabled":false},"version":2}},"categories":[47],"tags":[92,621],"class_list":["post-446","post","type-post","status-publish","format-standard","hentry","category-vardagsliv","tag-blogg","tag-ny-blogg"],"jetpack_publicize_connections":[],"jetpack_featured_media_url":"","jetpack_shortlink":"https:\/\/wp.me\/p3qko4-7c","jetpack_sharing_enabled":true,"jetpack_likes_enabled":true,"jetpack-related-posts":[{"id":174,"url":"https:\/\/blogg.fumei.se\/?p=174","url_meta":{"origin":446,"position":0},"title":"Bloggeri bloggera","author":"M :)","date":"2010-10-17","format":false,"excerpt":"Orka kl\u00e4mk\u00e4ck rubriks\u00e4ttning...Inget s\u00e4rskilt att \"rapportera\", har mest jobbat senaste veckan. Har i och f\u00f6r sig hunnit med att fels\u00f6ka datorproblem, sskruva is\u00e4r och ihop dator och installera ny h\u00e5rddisk p\u00e5 Robins nya dator, och \u00e4ntligen funkar den! Den gamla gjorde vi en total\u00e5terst\u00e4llning p\u00e5 idag s\u00e5 att den rensades\u2026","rel":"","context":"I \u201dVardagsliv\u201d","block_context":{"text":"Vardagsliv","link":"https:\/\/blogg.fumei.se\/?cat=47"},"img":{"alt_text":"","src":"","width":0,"height":0},"classes":[]},{"id":1244,"url":"https:\/\/blogg.fumei.se\/?p=1244","url_meta":{"origin":446,"position":1},"title":"Nytt","author":"M :)","date":"2010-01-01","format":false,"excerpt":"Nytt \u00e5r! God forts\u00e4ttning, alla som l\u00e4ser den h\u00e4r bloggen!Ny sn\u00f6 (heter det nysn\u00f6 fast det sn\u00f6at i flera dagar?), ny almanacka, nya tag. S\u00e5 h\u00e4r den f\u00f6rsta dagen p\u00e5 det nya \u00e5ret kan man hoppas och \u00f6nska att det h\u00e4r \u00e5ret ska bli b\u00e4ttre \u00e4n det f\u00f6rra (\u00e4ven om\u2026","rel":"","context":"I \u201dVardagsliv\u201d","block_context":{"text":"Vardagsliv","link":"https:\/\/blogg.fumei.se\/?cat=47"},"img":{"alt_text":"","src":"","width":0,"height":0},"classes":[]},{"id":187,"url":"https:\/\/blogg.fumei.se\/?p=187","url_meta":{"origin":446,"position":2},"title":"Uppdateringsinl\u00e4gg","author":"M :)","date":"2010-08-22","format":false,"excerpt":"Jag beh\u00f6ver v\u00e4l knappast tala om att J \u00e4r h\u00e4r, va? Det tror jag de flesta har koll p\u00e5. Men jag kan ju ber\u00e4tta lite om vad vi har gjort sen han kom hit, f\u00f6r till skillnad mot vad flera tror s\u00e5 har vi inte bott i s\u00e4ngen... I onsdags\u2026","rel":"","context":"I \u201dVardagsliv\u201d","block_context":{"text":"Vardagsliv","link":"https:\/\/blogg.fumei.se\/?cat=47"},"img":{"alt_text":"","src":"","width":0,"height":0},"classes":[]},{"id":1204,"url":"https:\/\/blogg.fumei.se\/?p=1204","url_meta":{"origin":446,"position":3},"title":"Slutlista","author":"M :)","date":"2009-12-31","format":false,"excerpt":"Gjorde du n\u00e5got i \u00e5r som du aldrig gjort f\u00f6rut? Inget som jag kan komma p\u00e5 just nu.H\u00f6ll du n\u00e5gra av dina ny\u00e5rsl\u00f6ften? Om man inte ger n\u00e5gra beh\u00f6ver man inte bekymra sig \u00f6ver att bryta n\u00e5gra heller.Vilka l\u00e4nder bes\u00f6kte du? Finland.\u00c4r det n\u00e5got du saknar \u00e5r 2009 som du\u2026","rel":"","context":"I \u201dVardagsliv\u201d","block_context":{"text":"Vardagsliv","link":"https:\/\/blogg.fumei.se\/?cat=47"},"img":{"alt_text":"","src":"","width":0,"height":0},"classes":[]},{"id":213,"url":"https:\/\/blogg.fumei.se\/?p=213","url_meta":{"origin":446,"position":4},"title":"Regnet det bara \u00f6ser ner&#8230;","author":"M :)","date":"2010-06-20","format":false,"excerpt":"Fy fabian vad jag inte gillar regn. S\u00e4rskilt inte n\u00e4r jag \u00e4r ledig och hade t\u00e4nkt g\u00f6ra flera saker som involverar att vara utomhus, som tex promenad, fixa balkongen och att g\u00e5 till \u00e5tervinningen. Men men, jag f\u00e5r v\u00e4l skjuta upp det till en annan dag. Problemet \u00e4r bara att\u2026","rel":"","context":"I \u201dVardagsliv\u201d","block_context":{"text":"Vardagsliv","link":"https:\/\/blogg.fumei.se\/?cat=47"},"img":{"alt_text":"","src":"","width":0,"height":0},"classes":[]},{"id":50,"url":"https:\/\/blogg.fumei.se\/?p=50","url_meta":{"origin":446,"position":5},"title":"Var ska jag b\u00f6rja?","author":"M :)","date":"2011-04-17","format":false,"excerpt":"Det var ju s\u00e5 j\u00e4mrans l\u00e4nge sedan jag bloggade s\u00e5 jag har ju egentligen j\u00e4ttemassor att skriva om, men det t\u00e4nker jag inte g\u00f6ra. St\u00f6rsta anledningen till icke-bloggandet har v\u00e4l mest varit kr\u00e5nglande dator. Igen. B\u00f6rjar bli mer en regel \u00e4n ett undantag, det d\u00e4r. Fast nu funkar den fina\u2026","rel":"","context":"I \u201dVardagsliv\u201d","block_context":{"text":"Vardagsliv","link":"https:\/\/blogg.fumei.se\/?cat=47"},"img":{"alt_text":"","src":"https:\/\/i0.wp.com\/blogg.fumei.se\/wp-content\/uploads\/2011\/04\/blasippa.jpg?resize=350%2C200","width":350,"height":200},"classes":[]}],"_links":{"self":[{"href":"https:\/\/blogg.fumei.se\/index.php?rest_route=\/wp\/v2\/posts\/446","targetHints":{"allow":["GET"]}}],"collection":[{"href":"https:\/\/blogg.fumei.se\/index.php?rest_route=\/wp\/v2\/posts"}],"about":[{"href":"https:\/\/blogg.fumei.se\/index.php?rest_route=\/wp\/v2\/types\/post"}],"author":[{"embeddable":true,"href":"https:\/\/blogg.fumei.se\/index.php?rest_route=\/wp\/v2\/users\/1"}],"replies":[{"embeddable":true,"href":"https:\/\/blogg.fumei.se\/index.php?rest_route=%2Fwp%2Fv2%2Fcomments&post=446"}],"version-history":[{"count":1,"href":"https:\/\/blogg.fumei.se\/index.php?rest_route=\/wp\/v2\/posts\/446\/revisions"}],"predecessor-version":[{"id":6821,"href":"https:\/\/blogg.fumei.se\/index.php?rest_route=\/wp\/v2\/posts\/446\/revisions\/6821"}],"wp:attachment":[{"href":"https:\/\/blogg.fumei.se\/index.php?rest_route=%2Fwp%2Fv2%2Fmedia&parent=446"}],"wp:term":[{"taxonomy":"category","embeddable":true,"href":"https:\/\/blogg.fumei.se\/index.php?rest_route=%2Fwp%2Fv2%2Fcategories&post=446"},{"taxonomy":"post_tag","embeddable":true,"href":"https:\/\/blogg.fumei.se\/index.php?rest_route=%2Fwp%2Fv2%2Ftags&post=446"}],"curies":[{"name":"wp","href":"https:\/\/api.w.org\/{rel}","templated":true}]}}