{"id":4507,"date":"2018-03-13T15:58:43","date_gmt":"2018-03-13T14:58:43","guid":{"rendered":"http:\/\/blogg.fumei.se\/?p=4507"},"modified":"2018-03-13T15:58:43","modified_gmt":"2018-03-13T14:58:43","slug":"grattis-bella-2","status":"publish","type":"post","link":"https:\/\/blogg.fumei.se\/?p=4507","title":{"rendered":"Grattis Bella!"},"content":{"rendered":"<p>Idag fyller \u00e4ldsta brorsdottern myndig. Vi hurrar och gratulerar f\u00f6r dig idag!<\/p>\n<p><a href=\"https:\/\/i0.wp.com\/blogg.fumei.se\/wp-content\/uploads\/2018\/03\/Bella18-emeff2018.png?ssl=1\"><img data-recalc-dims=\"1\" loading=\"lazy\" decoding=\"async\" data-attachment-id=\"4510\" data-permalink=\"https:\/\/blogg.fumei.se\/?attachment_id=4510\" data-orig-file=\"https:\/\/i0.wp.com\/blogg.fumei.se\/wp-content\/uploads\/2018\/03\/Bella18-emeff2018.png?fit=627%2C460&amp;ssl=1\" data-orig-size=\"627,460\" data-comments-opened=\"1\" data-image-meta=\"{&quot;aperture&quot;:&quot;0&quot;,&quot;credit&quot;:&quot;&quot;,&quot;camera&quot;:&quot;&quot;,&quot;caption&quot;:&quot;&quot;,&quot;created_timestamp&quot;:&quot;0&quot;,&quot;copyright&quot;:&quot;&quot;,&quot;focal_length&quot;:&quot;0&quot;,&quot;iso&quot;:&quot;0&quot;,&quot;shutter_speed&quot;:&quot;0&quot;,&quot;title&quot;:&quot;&quot;,&quot;orientation&quot;:&quot;0&quot;}\" data-image-title=\"Bella18-emeff2018\" data-image-description=\"\" data-image-caption=\"\" data-large-file=\"https:\/\/i0.wp.com\/blogg.fumei.se\/wp-content\/uploads\/2018\/03\/Bella18-emeff2018.png?fit=627%2C460&amp;ssl=1\" class=\"aligncenter size-full wp-image-4510\" src=\"https:\/\/i0.wp.com\/blogg.fumei.se\/wp-content\/uploads\/2018\/03\/Bella18-emeff2018.png?resize=627%2C460&#038;ssl=1\" alt=\"\" width=\"627\" height=\"460\" srcset=\"https:\/\/i0.wp.com\/blogg.fumei.se\/wp-content\/uploads\/2018\/03\/Bella18-emeff2018.png?w=627&amp;ssl=1 627w, https:\/\/i0.wp.com\/blogg.fumei.se\/wp-content\/uploads\/2018\/03\/Bella18-emeff2018.png?resize=300%2C220&amp;ssl=1 300w\" sizes=\"auto, (max-width: 627px) 100vw, 627px\" \/><\/a><\/p>\n<h1 style=\"text-align: center;\"><span style=\"color: #339966;\">GRATTIS<\/span><\/h1>\n<h3 style=\"text-align: center;\"><span style=\"color: #339966;\">\u00f6nskar<\/span><\/h3>\n<h3 style=\"text-align: center;\"><span style=\"color: #339966;\">pappa<\/span><br \/>\n<span style=\"color: #339966;\"> farmor<\/span><br \/>\n<span style=\"color: #339966;\"> faster<\/span><br \/>\n<span style=\"color: #339966;\"> Fia, Linus, Juliah<\/span><br \/>\n<span style=\"color: #339966;\"> Robin<\/span><br \/>\n<span style=\"color: #339966;\"> Silvio<\/span><br \/>\n<span style=\"color: #339966;\"> Lovisa &amp; Victor<\/span><br \/>\n<span style=\"color: #339966;\"> Ilse &amp; Magnus<\/span><br \/>\n<span style=\"color: #339966;\"> Frida &amp; Tyra<\/span><\/h3>\n","protected":false},"excerpt":{"rendered":"<p>Idag fyller \u00e4ldsta brorsdottern myndig. Vi hurrar och gratulerar f\u00f6r dig idag! GRATTIS \u00f6nskar pappa farmor faster Fia, Linus, Juliah Robin Silvio Lovisa &amp; Victor Ilse &amp; Magnus Frida &amp; Tyra<\/p>\n","protected":false},"author":1,"featured_media":0,"comment_status":"open","ping_status":"open","sticky":false,"template":"","format":"standard","meta":{"jetpack_post_was_ever_published":false,"_jetpack_newsletter_access":"","_jetpack_dont_email_post_to_subs":false,"_jetpack_newsletter_tier_id":0,"_jetpack_memberships_contains_paywalled_content":false,"_jetpack_memberships_contains_paid_content":false,"footnotes":"","jetpack_publicize_message":"","jetpack_publicize_feature_enabled":true,"jetpack_social_post_already_shared":true,"jetpack_social_options":{"image_generator_settings":{"template":"highway","default_image_id":0,"font":"","enabled":false},"version":2}},"categories":[34,47],"tags":[220,106,298],"class_list":["post-4507","post","type-post","status-publish","format-standard","hentry","category-familjen","category-vardagsliv","tag-fira","tag-fodelsedag","tag-grattis"],"jetpack_publicize_connections":[],"jetpack_featured_media_url":"","jetpack_shortlink":"https:\/\/wp.me\/p3qko4-1aH","jetpack_sharing_enabled":true,"jetpack_likes_enabled":true,"jetpack-related-posts":[{"id":39,"url":"https:\/\/blogg.fumei.se\/?p=39","url_meta":{"origin":4507,"position":0},"title":"Mera grattis","author":"M :)","date":"2011-05-23","format":false,"excerpt":"Idag fyller mosters myra 4\u00a0\u00e5r! Grattis p\u00e5 f\u00f6delsedagen! \u00a0 \u00a0 \u00a0","rel":"","context":"I \u201dVardagsliv\u201d","block_context":{"text":"Vardagsliv","link":"https:\/\/blogg.fumei.se\/?cat=47"},"img":{"alt_text":"","src":"https:\/\/i0.wp.com\/blogg.fumei.se\/wp-content\/uploads\/2011\/05\/Tyra4-emeff2011.png?resize=350%2C200","width":350,"height":200,"srcset":"https:\/\/i0.wp.com\/blogg.fumei.se\/wp-content\/uploads\/2011\/05\/Tyra4-emeff2011.png?resize=350%2C200 1x, https:\/\/i0.wp.com\/blogg.fumei.se\/wp-content\/uploads\/2011\/05\/Tyra4-emeff2011.png?resize=525%2C300 1.5x"},"classes":[]},{"id":5837,"url":"https:\/\/blogg.fumei.se\/?p=5837","url_meta":{"origin":4507,"position":1},"title":"Grattis till studenten!","author":"M :)","date":"2023-06-05","format":false,"excerpt":"Idag har Max tagit studenten! Stort grattis och lycka till i framtiden med vad du \u00e4n tar dig f\u00f6r! \u2661","rel":"","context":"I \u201dFamiljen\u201d","block_context":{"text":"Familjen","link":"https:\/\/blogg.fumei.se\/?cat=34"},"img":{"alt_text":"","src":"https:\/\/i0.wp.com\/blogg.fumei.se\/wp-content\/uploads\/2024\/02\/23E8B016-084D-41A3-BF7E-7B058904F49D_1_105_c.jpeg?resize=350%2C200","width":350,"height":200,"srcset":"https:\/\/i0.wp.com\/blogg.fumei.se\/wp-content\/uploads\/2024\/02\/23E8B016-084D-41A3-BF7E-7B058904F49D_1_105_c.jpeg?resize=350%2C200 1x, https:\/\/i0.wp.com\/blogg.fumei.se\/wp-content\/uploads\/2024\/02\/23E8B016-084D-41A3-BF7E-7B058904F49D_1_105_c.jpeg?resize=525%2C300 1.5x, https:\/\/i0.wp.com\/blogg.fumei.se\/wp-content\/uploads\/2024\/02\/23E8B016-084D-41A3-BF7E-7B058904F49D_1_105_c.jpeg?resize=700%2C400 2x"},"classes":[]},{"id":935,"url":"https:\/\/blogg.fumei.se\/?p=935","url_meta":{"origin":4507,"position":2},"title":"Happy birthday to you","author":"M :)","date":"2009-05-21","format":false,"excerpt":"Idag fyller min \u00e4lskade Fia 16 \u00e5r. Grattis grattis grattis! Jag hoppas och \u00f6nskar att du f\u00e5r en h\u00e4rlig dag!","rel":"","context":"I \u201dVardagsliv\u201d","block_context":{"text":"Vardagsliv","link":"https:\/\/blogg.fumei.se\/?cat=47"},"img":{"alt_text":"","src":"","width":0,"height":0},"classes":[]},{"id":4655,"url":"https:\/\/blogg.fumei.se\/?p=4655","url_meta":{"origin":4507,"position":3},"title":"\u00c5ren g\u00e5r","author":"M :)","date":"2019-05-23","format":false,"excerpt":"och liten blir stor. Idag s\u00e4ger vi grattis till Tyra! GRATTIS! \u00f6nskarmoster mormor LisRobinFia, Linus, Juliah & AmandusRoberto & IsabellaSilvi, Lovisa & Victor","rel":"","context":"I \u201dVardagsliv\u201d","block_context":{"text":"Vardagsliv","link":"https:\/\/blogg.fumei.se\/?cat=47"},"img":{"alt_text":"","src":"https:\/\/i0.wp.com\/blogg.fumei.se\/wp-content\/uploads\/2019\/05\/Tyra12-EmEff2019.png?resize=350%2C200&ssl=1","width":350,"height":200,"srcset":"https:\/\/i0.wp.com\/blogg.fumei.se\/wp-content\/uploads\/2019\/05\/Tyra12-EmEff2019.png?resize=350%2C200&ssl=1 1x, https:\/\/i0.wp.com\/blogg.fumei.se\/wp-content\/uploads\/2019\/05\/Tyra12-EmEff2019.png?resize=525%2C300&ssl=1 1.5x"},"classes":[]},{"id":4537,"url":"https:\/\/blogg.fumei.se\/?p=4537","url_meta":{"origin":4507,"position":4},"title":"Grattis Tyra!","author":"M :)","date":"2018-05-23","format":false,"excerpt":"Idag fyller yngsta systerdottern 11 \u00e5r. GRATTIS \u00d6nskar moster & Robin Fia, Linus & Juliah mormor Lis Roberto & Isabella Silvio, Lovisa & Victor","rel":"","context":"I \u201dFamiljen\u201d","block_context":{"text":"Familjen","link":"https:\/\/blogg.fumei.se\/?cat=34"},"img":{"alt_text":"","src":"https:\/\/i0.wp.com\/blogg.fumei.se\/wp-content\/uploads\/2018\/05\/4232018192716.jpg?resize=350%2C200","width":350,"height":200,"srcset":"https:\/\/i0.wp.com\/blogg.fumei.se\/wp-content\/uploads\/2018\/05\/4232018192716.jpg?resize=350%2C200 1x, https:\/\/i0.wp.com\/blogg.fumei.se\/wp-content\/uploads\/2018\/05\/4232018192716.jpg?resize=525%2C300 1.5x, https:\/\/i0.wp.com\/blogg.fumei.se\/wp-content\/uploads\/2018\/05\/4232018192716.jpg?resize=700%2C400 2x"},"classes":[]},{"id":7147,"url":"https:\/\/blogg.fumei.se\/?p=7147","url_meta":{"origin":4507,"position":5},"title":"Grattis min \u00e4lskade","author":"M :)","date":"2024-11-30","format":false,"excerpt":"Idag p\u00e5 din f\u00f6delsedag!","rel":"","context":"I \u201dFamiljen\u201d","block_context":{"text":"Familjen","link":"https:\/\/blogg.fumei.se\/?cat=34"},"img":{"alt_text":"","src":"","width":0,"height":0},"classes":[]}],"_links":{"self":[{"href":"https:\/\/blogg.fumei.se\/index.php?rest_route=\/wp\/v2\/posts\/4507","targetHints":{"allow":["GET"]}}],"collection":[{"href":"https:\/\/blogg.fumei.se\/index.php?rest_route=\/wp\/v2\/posts"}],"about":[{"href":"https:\/\/blogg.fumei.se\/index.php?rest_route=\/wp\/v2\/types\/post"}],"author":[{"embeddable":true,"href":"https:\/\/blogg.fumei.se\/index.php?rest_route=\/wp\/v2\/users\/1"}],"replies":[{"embeddable":true,"href":"https:\/\/blogg.fumei.se\/index.php?rest_route=%2Fwp%2Fv2%2Fcomments&post=4507"}],"version-history":[{"count":2,"href":"https:\/\/blogg.fumei.se\/index.php?rest_route=\/wp\/v2\/posts\/4507\/revisions"}],"predecessor-version":[{"id":4511,"href":"https:\/\/blogg.fumei.se\/index.php?rest_route=\/wp\/v2\/posts\/4507\/revisions\/4511"}],"wp:attachment":[{"href":"https:\/\/blogg.fumei.se\/index.php?rest_route=%2Fwp%2Fv2%2Fmedia&parent=4507"}],"wp:term":[{"taxonomy":"category","embeddable":true,"href":"https:\/\/blogg.fumei.se\/index.php?rest_route=%2Fwp%2Fv2%2Fcategories&post=4507"},{"taxonomy":"post_tag","embeddable":true,"href":"https:\/\/blogg.fumei.se\/index.php?rest_route=%2Fwp%2Fv2%2Ftags&post=4507"}],"curies":[{"name":"wp","href":"https:\/\/api.w.org\/{rel}","templated":true}]}}