{"id":4528,"date":"2018-05-21T08:17:38","date_gmt":"2018-05-21T06:17:38","guid":{"rendered":"http:\/\/blogg.fumei.se\/?p=4528"},"modified":"2018-05-21T20:23:48","modified_gmt":"2018-05-21T18:23:48","slug":"hur-gick-det-dar-till","status":"publish","type":"post","link":"https:\/\/blogg.fumei.se\/?p=4528","title":{"rendered":"Hur gick det d\u00e4r till?"},"content":{"rendered":"<p>Fia fyller 25 idag! Hur \u00e4r det ens m\u00f6jligt? Jag \u00e4r ju bara 27 fortfarande&#8230;<\/p>\n<p>Sk\u00e4mt \u00e5sido, jag kunde inte \u00f6nska mig en finare, go&#8217;are, rarare, sn\u00e4llare och b\u00e4ttre dotter \u00e4n dig! Jag \u00f6nskar att du f\u00e5r en underbar f\u00f6delsedag! Jag \u00e4lskar dig!<\/p>\n<p><a href=\"https:\/\/i0.wp.com\/blogg.fumei.se\/wp-content\/uploads\/2018\/05\/Fia25-emeff2018.png?ssl=1\"><img data-recalc-dims=\"1\" loading=\"lazy\" decoding=\"async\" data-attachment-id=\"4529\" data-permalink=\"https:\/\/blogg.fumei.se\/?attachment_id=4529\" data-orig-file=\"https:\/\/i0.wp.com\/blogg.fumei.se\/wp-content\/uploads\/2018\/05\/Fia25-emeff2018.png?fit=635%2C633&amp;ssl=1\" data-orig-size=\"635,633\" data-comments-opened=\"1\" data-image-meta=\"{&quot;aperture&quot;:&quot;0&quot;,&quot;credit&quot;:&quot;&quot;,&quot;camera&quot;:&quot;&quot;,&quot;caption&quot;:&quot;&quot;,&quot;created_timestamp&quot;:&quot;0&quot;,&quot;copyright&quot;:&quot;&quot;,&quot;focal_length&quot;:&quot;0&quot;,&quot;iso&quot;:&quot;0&quot;,&quot;shutter_speed&quot;:&quot;0&quot;,&quot;title&quot;:&quot;&quot;,&quot;orientation&quot;:&quot;0&quot;}\" data-image-title=\"Fia25-emeff2018\" data-image-description=\"\" data-image-caption=\"\" data-large-file=\"https:\/\/i0.wp.com\/blogg.fumei.se\/wp-content\/uploads\/2018\/05\/Fia25-emeff2018.png?fit=635%2C633&amp;ssl=1\" class=\"aligncenter size-full wp-image-4529\" src=\"https:\/\/i0.wp.com\/blogg.fumei.se\/wp-content\/uploads\/2018\/05\/Fia25-emeff2018.png?resize=635%2C633&#038;ssl=1\" alt=\"\" width=\"635\" height=\"633\" srcset=\"https:\/\/i0.wp.com\/blogg.fumei.se\/wp-content\/uploads\/2018\/05\/Fia25-emeff2018.png?w=635&amp;ssl=1 635w, https:\/\/i0.wp.com\/blogg.fumei.se\/wp-content\/uploads\/2018\/05\/Fia25-emeff2018.png?resize=180%2C180&amp;ssl=1 180w, https:\/\/i0.wp.com\/blogg.fumei.se\/wp-content\/uploads\/2018\/05\/Fia25-emeff2018.png?resize=300%2C300&amp;ssl=1 300w\" sizes=\"auto, (max-width: 635px) 100vw, 635px\" \/><\/a><\/p>\n<h1 style=\"text-align: center;\"><span style=\"color: #993300;\">GRATTIS!<\/span><\/h1>\n<h3 style=\"text-align: center;\"><span style=\"color: #993300;\">\u00f6nskar<\/span><\/h3>\n<h3 style=\"text-align: center;\"><span style=\"color: #993300;\">mamma<\/span><br \/>\n<span style=\"color: #993300;\">Robin<\/span><br \/>\n<span style=\"color: #993300;\">mormor<\/span><br \/>\n<span style=\"color: #993300;\">Roberto &amp; Isabella<\/span><br \/>\n<span style=\"color: #993300;\">Silvio, Lovisa &amp; Victor<\/span><br \/>\n<span style=\"color: #993300;\">Ilse, Magnus, Frida &amp; Tyra<\/span><\/h3>\n","protected":false},"excerpt":{"rendered":"<p>Fia fyller 25 idag! Hur \u00e4r det ens m\u00f6jligt? Jag \u00e4r ju bara 27 fortfarande&#8230; Sk\u00e4mt \u00e5sido, jag kunde inte \u00f6nska mig en finare, go&#8217;are, rarare, sn\u00e4llare och b\u00e4ttre dotter \u00e4n dig! Jag \u00f6nskar att du f\u00e5r en underbar f\u00f6delsedag! Jag \u00e4lskar dig! GRATTIS! \u00f6nskar mamma Robin mormor Roberto &amp; Isabella Silvio, Lovisa &amp; Victor&#8230;<\/p>\n","protected":false},"author":1,"featured_media":0,"comment_status":"open","ping_status":"open","sticky":false,"template":"","format":"standard","meta":{"jetpack_post_was_ever_published":false,"_jetpack_newsletter_access":"","_jetpack_dont_email_post_to_subs":false,"_jetpack_newsletter_tier_id":0,"_jetpack_memberships_contains_paywalled_content":false,"_jetpack_memberships_contains_paid_content":false,"footnotes":"","jetpack_publicize_message":"","jetpack_publicize_feature_enabled":true,"jetpack_social_post_already_shared":true,"jetpack_social_options":{"image_generator_settings":{"template":"highway","default_image_id":0,"font":"","enabled":false},"version":2}},"categories":[34],"tags":[220,106,298],"class_list":["post-4528","post","type-post","status-publish","format-standard","hentry","category-familjen","tag-fira","tag-fodelsedag","tag-grattis"],"jetpack_publicize_connections":[],"jetpack_featured_media_url":"","jetpack_shortlink":"https:\/\/wp.me\/p3qko4-1b2","jetpack_sharing_enabled":true,"jetpack_likes_enabled":true,"jetpack-related-posts":[{"id":5756,"url":"https:\/\/blogg.fumei.se\/?p=5756","url_meta":{"origin":4528,"position":0},"title":"60 \u00e5r!","author":"M :)","date":"2024-01-24","format":false,"excerpt":"Hurra hurra f\u00f6r k\u00e4ra syster idag!Stort grattis och massa kramar p\u00e5 din f\u00f6delsedag \u00f6nskar vi! \u2764\ufe0f","rel":"","context":"I \u201dFamiljen\u201d","block_context":{"text":"Familjen","link":"https:\/\/blogg.fumei.se\/?cat=34"},"img":{"alt_text":"","src":"https:\/\/i0.wp.com\/blogg.fumei.se\/wp-content\/uploads\/2024\/02\/82C3E54B-8D11-48AC-BE58-FA0241856440_1_105_c.jpeg?resize=350%2C200&ssl=1","width":350,"height":200,"srcset":"https:\/\/i0.wp.com\/blogg.fumei.se\/wp-content\/uploads\/2024\/02\/82C3E54B-8D11-48AC-BE58-FA0241856440_1_105_c.jpeg?resize=350%2C200&ssl=1 1x, https:\/\/i0.wp.com\/blogg.fumei.se\/wp-content\/uploads\/2024\/02\/82C3E54B-8D11-48AC-BE58-FA0241856440_1_105_c.jpeg?resize=525%2C300&ssl=1 1.5x, https:\/\/i0.wp.com\/blogg.fumei.se\/wp-content\/uploads\/2024\/02\/82C3E54B-8D11-48AC-BE58-FA0241856440_1_105_c.jpeg?resize=700%2C400&ssl=1 2x"},"classes":[]},{"id":4503,"url":"https:\/\/blogg.fumei.se\/?p=4503","url_meta":{"origin":4528,"position":1},"title":"Grattis syrran!","author":"M :)","date":"2018-01-24","format":false,"excerpt":"Grattis p\u00e5 f\u00f6delsedagen \u00f6nskar Tella mamma Lis Fia, Linus & Juliah Robin Roberto & Isabella Silvio, Lovisa & Victor \u00a0","rel":"","context":"I \u201dFamiljen\u201d","block_context":{"text":"Familjen","link":"https:\/\/blogg.fumei.se\/?cat=34"},"img":{"alt_text":"","src":"https:\/\/i0.wp.com\/blogg.fumei.se\/wp-content\/uploads\/2018\/01\/Ilse54-emeff2018.png?resize=350%2C200","width":350,"height":200,"srcset":"https:\/\/i0.wp.com\/blogg.fumei.se\/wp-content\/uploads\/2018\/01\/Ilse54-emeff2018.png?resize=350%2C200 1x, https:\/\/i0.wp.com\/blogg.fumei.se\/wp-content\/uploads\/2018\/01\/Ilse54-emeff2018.png?resize=525%2C300 1.5x"},"classes":[]},{"id":4497,"url":"https:\/\/blogg.fumei.se\/?p=4497","url_meta":{"origin":4528,"position":2},"title":"Idag fyller vi \u00e5r!","author":"M :)","date":"2018-01-17","format":false,"excerpt":"Det \u00e4r inte bara min f\u00f6delsedag idag, utan \u00e4ven Victors! Hela 9 \u00e5r fyller han idag! GRATTIS! \u00f6nskar faster farmor Fia, Linus & Juliah Robin Roberto och Isabella","rel":"","context":"I \u201dFamiljen\u201d","block_context":{"text":"Familjen","link":"https:\/\/blogg.fumei.se\/?cat=34"},"img":{"alt_text":"","src":"https:\/\/i0.wp.com\/blogg.fumei.se\/wp-content\/uploads\/2018\/01\/Victor9-emeff2018-650x422.png?resize=350%2C200","width":350,"height":200,"srcset":"https:\/\/i0.wp.com\/blogg.fumei.se\/wp-content\/uploads\/2018\/01\/Victor9-emeff2018-650x422.png?resize=350%2C200 1x, https:\/\/i0.wp.com\/blogg.fumei.se\/wp-content\/uploads\/2018\/01\/Victor9-emeff2018-650x422.png?resize=525%2C300 1.5x"},"classes":[]},{"id":3827,"url":"https:\/\/blogg.fumei.se\/?p=3827","url_meta":{"origin":4528,"position":3},"title":"S\u00f6stra mi","author":"M :)","date":"2016-01-24","format":false,"excerpt":"fyller \u00e5r idag! GRATTIS \u00f6nskar vi alla \u2665","rel":"","context":"I \u201dFamiljen\u201d","block_context":{"text":"Familjen","link":"https:\/\/blogg.fumei.se\/?cat=34"},"img":{"alt_text":"lse52","src":"https:\/\/i0.wp.com\/blogg.fumei.se\/wp-content\/uploads\/2016\/01\/lse52.jpg?resize=350%2C200","width":350,"height":200,"srcset":"https:\/\/i0.wp.com\/blogg.fumei.se\/wp-content\/uploads\/2016\/01\/lse52.jpg?resize=350%2C200 1x, https:\/\/i0.wp.com\/blogg.fumei.se\/wp-content\/uploads\/2016\/01\/lse52.jpg?resize=525%2C300 1.5x"},"classes":[]},{"id":4324,"url":"https:\/\/blogg.fumei.se\/?p=4324","url_meta":{"origin":4528,"position":4},"title":"F\u00f6delsedagsdags igen!","author":"M :)","date":"2017-10-18","format":false,"excerpt":"Den h\u00e4r g\u00e5ngen \u00e4r det yngsta broderskapet som har den \u00e4ran. GRATTIS \u00f6nskar vi alla!","rel":"","context":"I \u201dFamiljen\u201d","block_context":{"text":"Familjen","link":"https:\/\/blogg.fumei.se\/?cat=34"},"img":{"alt_text":"","src":"https:\/\/i0.wp.com\/blogg.fumei.se\/wp-content\/uploads\/2017\/10\/Silvio45-emeff2017.png?resize=350%2C200","width":350,"height":200,"srcset":"https:\/\/i0.wp.com\/blogg.fumei.se\/wp-content\/uploads\/2017\/10\/Silvio45-emeff2017.png?resize=350%2C200 1x, https:\/\/i0.wp.com\/blogg.fumei.se\/wp-content\/uploads\/2017\/10\/Silvio45-emeff2017.png?resize=525%2C300 1.5x"},"classes":[]},{"id":4569,"url":"https:\/\/blogg.fumei.se\/?p=4569","url_meta":{"origin":4528,"position":5},"title":"Fira Frida","author":"M :)","date":"2018-08-23","format":false,"excerpt":"F\u00f6delsedag i familjen Andersson, den h\u00e4r g\u00e5ngen \u00e4r det Frida som fyller \u00e5r! Det \u00e4r n\u00e5gra \u00e5r sen hon st\u00e4llde upp p\u00e5 bilder som de h\u00e4r :) GRATTIS! \u00f6nskar moster Robin Fia, Linus &Juliah mormor Lis Roberto & Isabella Silvio, Lovisa & Victor","rel":"","context":"I \u201dFamiljen\u201d","block_context":{"text":"Familjen","link":"https:\/\/blogg.fumei.se\/?cat=34"},"img":{"alt_text":"","src":"https:\/\/i0.wp.com\/blogg.fumei.se\/wp-content\/uploads\/2018\/08\/Frida16-emeff2018.png?resize=350%2C200","width":350,"height":200,"srcset":"https:\/\/i0.wp.com\/blogg.fumei.se\/wp-content\/uploads\/2018\/08\/Frida16-emeff2018.png?resize=350%2C200 1x, https:\/\/i0.wp.com\/blogg.fumei.se\/wp-content\/uploads\/2018\/08\/Frida16-emeff2018.png?resize=525%2C300 1.5x"},"classes":[]}],"_links":{"self":[{"href":"https:\/\/blogg.fumei.se\/index.php?rest_route=\/wp\/v2\/posts\/4528","targetHints":{"allow":["GET"]}}],"collection":[{"href":"https:\/\/blogg.fumei.se\/index.php?rest_route=\/wp\/v2\/posts"}],"about":[{"href":"https:\/\/blogg.fumei.se\/index.php?rest_route=\/wp\/v2\/types\/post"}],"author":[{"embeddable":true,"href":"https:\/\/blogg.fumei.se\/index.php?rest_route=\/wp\/v2\/users\/1"}],"replies":[{"embeddable":true,"href":"https:\/\/blogg.fumei.se\/index.php?rest_route=%2Fwp%2Fv2%2Fcomments&post=4528"}],"version-history":[{"count":1,"href":"https:\/\/blogg.fumei.se\/index.php?rest_route=\/wp\/v2\/posts\/4528\/revisions"}],"predecessor-version":[{"id":4530,"href":"https:\/\/blogg.fumei.se\/index.php?rest_route=\/wp\/v2\/posts\/4528\/revisions\/4530"}],"wp:attachment":[{"href":"https:\/\/blogg.fumei.se\/index.php?rest_route=%2Fwp%2Fv2%2Fmedia&parent=4528"}],"wp:term":[{"taxonomy":"category","embeddable":true,"href":"https:\/\/blogg.fumei.se\/index.php?rest_route=%2Fwp%2Fv2%2Fcategories&post=4528"},{"taxonomy":"post_tag","embeddable":true,"href":"https:\/\/blogg.fumei.se\/index.php?rest_route=%2Fwp%2Fv2%2Ftags&post=4528"}],"curies":[{"name":"wp","href":"https:\/\/api.w.org\/{rel}","templated":true}]}}