{"id":4557,"date":"2017-09-30T12:12:45","date_gmt":"2017-09-30T10:12:45","guid":{"rendered":"http:\/\/blogg.fumei.se\/?p=4557"},"modified":"2018-07-23T13:06:37","modified_gmt":"2018-07-23T11:06:37","slug":"spoken-pa-liseberg","status":"publish","type":"post","link":"https:\/\/blogg.fumei.se\/?p=4557","title":{"rendered":"Sp\u00f6ken p\u00e5 Liseberg"},"content":{"rendered":"<p>G\u00e5rdagen var lite lagom stressig f\u00f6r min del. Det b\u00f6rjade med Ullaredstripp med Fia, Linus och Juliah p\u00e5 dagen, och kv\u00e4llen bj\u00f6d p\u00e5 konsert, Ghost stod f\u00f6r musiken. Det var avslutningskonsert f\u00f6r Lisebergs sommar, och \u00e4ven sista spelningen f\u00f6r Ghost denna turn\u00e8.<\/p>\n<p>Vi var ett g\u00e4ng Citypolare som tr\u00e4ffades och \u00e5t god mat innan, och sen gick vi tillsammans till Liseberg. D\u00e4r splittrades gruppen, mest pga att vissa vill st\u00e5 v\u00e4ldigt l\u00e5ngt fram och andra inte.<\/p>\n<p>Jag hade lite otur med sikten, men det f\u00e5r man ju r\u00e4kna med, men ljudet var helt okej f\u00f6r att vara utomhus.<br \/>\nBandet blandade gamla och nya l\u00e5tar, och s\u00e5 det vanliga teatraliska s\u00e5klart, med masker och halvt demaskering.<\/p>\n<p>I extranumret klev Papa Emeritus III\/Tobias Forge upp p\u00e5 en h\u00f6gtalare, men blev nedsliten och bortf\u00f6rd av tv\u00e5 m\u00e4n. D\u00e4refter kom tv\u00e5 andra m\u00e4n in fr\u00e5n andra sidan scenen, st\u00f6ttande en ur\u00e5ldrig man i vita p\u00e5vekl\u00e4der och syrgasmask. Han yttrade orden &#8221;Io sono il Papa (oh\u00f6rbart). La festa \u00e9 finita. Lo medioevo comincia ora&#8221;, vilket betyder &#8221;Jag \u00e4r p\u00e5ven (oh\u00f6rbart). festen \u00e4r \u00f6ver. Medeltiden b\u00f6rjar nu&#8221;.<\/p>\n<p>Och d\u00e4r var konserten slut. man beh\u00f6ver inte vara raketforskare f\u00f6r att f\u00f6rst\u00e5 att papa Emeritus III har gjort sitt sista framtr\u00e4dande med Ghost, och att det nu kommer n\u00e5gon ny p\u00e5ve. Vi f\u00e5r v\u00e4nta och se.<\/p>\n<p>Allt som allt en trevlig dag och kv\u00e4ll!<\/p>\n<ol>\n<li>Square hammer<\/li>\n<li>From the pinnacle to the pit<\/li>\n<li>Elizabeth<\/li>\n<li>Con clavi con dio<\/li>\n<li>Per aspera ad inferi<\/li>\n<li>Body and blood<\/li>\n<li>Devil church<\/li>\n<li>Year zero<\/li>\n<li>Sp\u00f6ksonat<\/li>\n<li>He is<\/li>\n<li>Absolution<\/li>\n<li>Mummy dust<\/li>\n<li>Deus in absentia<\/li>\n<li>Ritual<\/li>\n<li>Monstrance clock<\/li>\n<\/ol>\n<div data-carousel-extra='{&quot;blog_id&quot;:1,&quot;permalink&quot;:&quot;https:\/\/blogg.fumei.se\/?p=4557&quot;}' id='gallery-1' class='gallery galleryid-4557 gallery-columns-3 gallery-size-thumbnail'><figure class='gallery-item'>\n\t\t\t<div class='gallery-icon landscape'>\n\t\t\t\t<a href='https:\/\/blogg.fumei.se\/?attachment_id=4559'><img loading=\"lazy\" decoding=\"async\" width=\"180\" height=\"180\" src=\"https:\/\/i0.wp.com\/blogg.fumei.se\/wp-content\/uploads\/2018\/07\/20170930_210113.jpg?resize=180%2C180&amp;ssl=1\" class=\"attachment-thumbnail size-thumbnail\" alt=\"\" srcset=\"https:\/\/i0.wp.com\/blogg.fumei.se\/wp-content\/uploads\/2018\/07\/20170930_210113.jpg?resize=180%2C180&amp;ssl=1 180w, https:\/\/i0.wp.com\/blogg.fumei.se\/wp-content\/uploads\/2018\/07\/20170930_210113.jpg?zoom=2&amp;resize=180%2C180&amp;ssl=1 360w, https:\/\/i0.wp.com\/blogg.fumei.se\/wp-content\/uploads\/2018\/07\/20170930_210113.jpg?zoom=3&amp;resize=180%2C180&amp;ssl=1 540w\" sizes=\"auto, (max-width: 180px) 100vw, 180px\" data-attachment-id=\"4559\" data-permalink=\"https:\/\/blogg.fumei.se\/?attachment_id=4559\" data-orig-file=\"https:\/\/i0.wp.com\/blogg.fumei.se\/wp-content\/uploads\/2018\/07\/20170930_210113.jpg?fit=600%2C450&amp;ssl=1\" data-orig-size=\"600,450\" data-comments-opened=\"1\" data-image-meta=\"{&quot;aperture&quot;:&quot;1.7&quot;,&quot;credit&quot;:&quot;&quot;,&quot;camera&quot;:&quot;SM-G930F&quot;,&quot;caption&quot;:&quot;&quot;,&quot;created_timestamp&quot;:&quot;1506805273&quot;,&quot;copyright&quot;:&quot;&quot;,&quot;focal_length&quot;:&quot;4.2&quot;,&quot;iso&quot;:&quot;200&quot;,&quot;shutter_speed&quot;:&quot;0.04&quot;,&quot;title&quot;:&quot;&quot;,&quot;orientation&quot;:&quot;1&quot;}\" data-image-title=\"20170930_210113\" data-image-description=\"\" data-image-caption=\"\" data-large-file=\"https:\/\/i0.wp.com\/blogg.fumei.se\/wp-content\/uploads\/2018\/07\/20170930_210113.jpg?fit=600%2C450&amp;ssl=1\" \/><\/a>\n\t\t\t<\/div><\/figure><figure class='gallery-item'>\n\t\t\t<div class='gallery-icon landscape'>\n\t\t\t\t<a href='https:\/\/blogg.fumei.se\/?attachment_id=4558'><img loading=\"lazy\" decoding=\"async\" width=\"180\" height=\"180\" src=\"https:\/\/i0.wp.com\/blogg.fumei.se\/wp-content\/uploads\/2018\/07\/20170930_200539.jpg?resize=180%2C180&amp;ssl=1\" class=\"attachment-thumbnail size-thumbnail\" alt=\"\" srcset=\"https:\/\/i0.wp.com\/blogg.fumei.se\/wp-content\/uploads\/2018\/07\/20170930_200539.jpg?resize=180%2C180&amp;ssl=1 180w, https:\/\/i0.wp.com\/blogg.fumei.se\/wp-content\/uploads\/2018\/07\/20170930_200539.jpg?zoom=2&amp;resize=180%2C180&amp;ssl=1 360w, https:\/\/i0.wp.com\/blogg.fumei.se\/wp-content\/uploads\/2018\/07\/20170930_200539.jpg?zoom=3&amp;resize=180%2C180&amp;ssl=1 540w\" sizes=\"auto, (max-width: 180px) 100vw, 180px\" data-attachment-id=\"4558\" data-permalink=\"https:\/\/blogg.fumei.se\/?attachment_id=4558\" data-orig-file=\"https:\/\/i0.wp.com\/blogg.fumei.se\/wp-content\/uploads\/2018\/07\/20170930_200539.jpg?fit=600%2C450&amp;ssl=1\" data-orig-size=\"600,450\" data-comments-opened=\"1\" data-image-meta=\"{&quot;aperture&quot;:&quot;1.7&quot;,&quot;credit&quot;:&quot;&quot;,&quot;camera&quot;:&quot;SM-G930F&quot;,&quot;caption&quot;:&quot;&quot;,&quot;created_timestamp&quot;:&quot;1506801939&quot;,&quot;copyright&quot;:&quot;&quot;,&quot;focal_length&quot;:&quot;4.2&quot;,&quot;iso&quot;:&quot;250&quot;,&quot;shutter_speed&quot;:&quot;0.04&quot;,&quot;title&quot;:&quot;&quot;,&quot;orientation&quot;:&quot;1&quot;}\" data-image-title=\"20170930_200539\" data-image-description=\"\" data-image-caption=\"\" data-large-file=\"https:\/\/i0.wp.com\/blogg.fumei.se\/wp-content\/uploads\/2018\/07\/20170930_200539.jpg?fit=600%2C450&amp;ssl=1\" \/><\/a>\n\t\t\t<\/div><\/figure><figure class='gallery-item'>\n\t\t\t<div class='gallery-icon landscape'>\n\t\t\t\t<a href='https:\/\/blogg.fumei.se\/?attachment_id=4560'><img loading=\"lazy\" decoding=\"async\" width=\"180\" height=\"180\" src=\"https:\/\/i0.wp.com\/blogg.fumei.se\/wp-content\/uploads\/2018\/07\/20170930_210134.jpg?resize=180%2C180&amp;ssl=1\" class=\"attachment-thumbnail size-thumbnail\" alt=\"\" srcset=\"https:\/\/i0.wp.com\/blogg.fumei.se\/wp-content\/uploads\/2018\/07\/20170930_210134.jpg?resize=180%2C180&amp;ssl=1 180w, https:\/\/i0.wp.com\/blogg.fumei.se\/wp-content\/uploads\/2018\/07\/20170930_210134.jpg?zoom=2&amp;resize=180%2C180&amp;ssl=1 360w, https:\/\/i0.wp.com\/blogg.fumei.se\/wp-content\/uploads\/2018\/07\/20170930_210134.jpg?zoom=3&amp;resize=180%2C180&amp;ssl=1 540w\" sizes=\"auto, (max-width: 180px) 100vw, 180px\" data-attachment-id=\"4560\" data-permalink=\"https:\/\/blogg.fumei.se\/?attachment_id=4560\" data-orig-file=\"https:\/\/i0.wp.com\/blogg.fumei.se\/wp-content\/uploads\/2018\/07\/20170930_210134.jpg?fit=600%2C450&amp;ssl=1\" data-orig-size=\"600,450\" data-comments-opened=\"1\" data-image-meta=\"{&quot;aperture&quot;:&quot;1.7&quot;,&quot;credit&quot;:&quot;&quot;,&quot;camera&quot;:&quot;SM-G930F&quot;,&quot;caption&quot;:&quot;&quot;,&quot;created_timestamp&quot;:&quot;1506805294&quot;,&quot;copyright&quot;:&quot;&quot;,&quot;focal_length&quot;:&quot;4.2&quot;,&quot;iso&quot;:&quot;64&quot;,&quot;shutter_speed&quot;:&quot;0.02&quot;,&quot;title&quot;:&quot;&quot;,&quot;orientation&quot;:&quot;1&quot;}\" data-image-title=\"20170930_210134\" data-image-description=\"\" data-image-caption=\"\" data-large-file=\"https:\/\/i0.wp.com\/blogg.fumei.se\/wp-content\/uploads\/2018\/07\/20170930_210134.jpg?fit=600%2C450&amp;ssl=1\" \/><\/a>\n\t\t\t<\/div><\/figure>\n\t\t<\/div>\n\n<p>&nbsp;<\/p>\n","protected":false},"excerpt":{"rendered":"<p>G\u00e5rdagen var lite lagom stressig f\u00f6r min del. Det b\u00f6rjade med Ullaredstripp med Fia, Linus och Juliah p\u00e5 dagen, och kv\u00e4llen bj\u00f6d p\u00e5 konsert, Ghost stod f\u00f6r musiken. Det var avslutningskonsert f\u00f6r Lisebergs sommar, och \u00e4ven sista spelningen f\u00f6r Ghost denna turn\u00e8. Vi var ett g\u00e4ng Citypolare som tr\u00e4ffades och \u00e5t god mat innan, och&#8230;<\/p>\n","protected":false},"author":1,"featured_media":0,"comment_status":"open","ping_status":"open","sticky":false,"template":"","format":"standard","meta":{"jetpack_post_was_ever_published":false,"_jetpack_newsletter_access":"","_jetpack_dont_email_post_to_subs":false,"_jetpack_newsletter_tier_id":0,"_jetpack_memberships_contains_paywalled_content":false,"_jetpack_memberships_contains_paid_content":false,"footnotes":"","jetpack_publicize_message":"Sp\u00f6ken p\u00e5 Liseberg","jetpack_publicize_feature_enabled":true,"jetpack_social_post_already_shared":true,"jetpack_social_options":{"image_generator_settings":{"template":"highway","default_image_id":0,"font":"","enabled":false},"version":2}},"categories":[48,47],"tags":[448,194,449],"class_list":["post-4557","post","type-post","status-publish","format-standard","hentry","category-musik","category-vardagsliv","tag-ghost","tag-konsert","tag-liseberg"],"jetpack_publicize_connections":[],"jetpack_featured_media_url":"","jetpack_shortlink":"https:\/\/wp.me\/p3qko4-1bv","jetpack_sharing_enabled":true,"jetpack_likes_enabled":true,"jetpack-related-posts":[{"id":5215,"url":"https:\/\/blogg.fumei.se\/?p=5215","url_meta":{"origin":4557,"position":0},"title":"Jul p\u00e5 Liseberg","author":"M :)","date":"2018-12-16","format":false,"excerpt":"Mamma kom och h\u00e4lsade p\u00e5 \u00f6ver helgen, s\u00e5 Sophia, Linus och barnen kom ner och s\u00e5 gick vi p\u00e5 Liseberg och tittade p\u00e5 tomtar. och myste.Och s\u00e5 fick mamma tr\u00e4ffa Amandus f\u00f6r f\u00f6rsta g\u00e5ngen \u2665\ufe0e","rel":"","context":"I \u201dFamiljen\u201d","block_context":{"text":"Familjen","link":"https:\/\/blogg.fumei.se\/?cat=34"},"img":{"alt_text":"","src":"https:\/\/i0.wp.com\/blogg.fumei.se\/wp-content\/uploads\/2023\/09\/644EC867-B2AD-4B0A-A503-FCC77A16573A_1_102_a.jpeg?resize=350%2C200","width":350,"height":200,"srcset":"https:\/\/i0.wp.com\/blogg.fumei.se\/wp-content\/uploads\/2023\/09\/644EC867-B2AD-4B0A-A503-FCC77A16573A_1_102_a.jpeg?resize=350%2C200 1x, https:\/\/i0.wp.com\/blogg.fumei.se\/wp-content\/uploads\/2023\/09\/644EC867-B2AD-4B0A-A503-FCC77A16573A_1_102_a.jpeg?resize=525%2C300 1.5x, https:\/\/i0.wp.com\/blogg.fumei.se\/wp-content\/uploads\/2023\/09\/644EC867-B2AD-4B0A-A503-FCC77A16573A_1_102_a.jpeg?resize=700%2C400 2x, https:\/\/i0.wp.com\/blogg.fumei.se\/wp-content\/uploads\/2023\/09\/644EC867-B2AD-4B0A-A503-FCC77A16573A_1_102_a.jpeg?resize=1050%2C600 3x, https:\/\/i0.wp.com\/blogg.fumei.se\/wp-content\/uploads\/2023\/09\/644EC867-B2AD-4B0A-A503-FCC77A16573A_1_102_a.jpeg?resize=1400%2C800 4x"},"classes":[]},{"id":886,"url":"https:\/\/blogg.fumei.se\/?p=886","url_meta":{"origin":4557,"position":1},"title":"Nu ska jag bli nostalgisk igen","author":"M :)","date":"2009-04-30","format":false,"excerpt":"L\u00e4ste nyss Marcus Birros blogg, d\u00e4r han skriver om den kommande Imperiet-boxen \"Silver, guld och mis\u00e4r\",\u00a0d\u00e4r han f\u00e5tt \u00e4ran att vara med och skriva en text i bookleten som f\u00f6ljer med. Jag funderar p\u00e5 att inf\u00f6rskaffa boxen s\u00e5 sm\u00e5ningom. Imperiet f\u00f6r mig \u00e4r ton\u00e5r, r\u00f6krutor och svart kajal. Det \u00e4r\u00a0k\u00e4rlek\u2026","rel":"","context":"I \u201dVardagsliv\u201d","block_context":{"text":"Vardagsliv","link":"https:\/\/blogg.fumei.se\/?cat=47"},"img":{"alt_text":"","src":"","width":0,"height":0},"classes":[]},{"id":2708,"url":"https:\/\/blogg.fumei.se\/?p=2708","url_meta":{"origin":4557,"position":2},"title":"Fler semesterbilder","author":"M :)","date":"2012-08-19","format":false,"excerpt":"Bild 1-3: Jag har lyssnat p\u00e5 Ann Rosmans \"Mercurium\" i sommar. V\u00e4ldigt bra bok och v\u00e4ldigt bra uppl\u00e4sning, och s\u00e5 \u00e4r handlingen delvis f\u00f6rlagd till Tr\u00e4vattna, som ligger bara n\u00e5gra km fr\u00e5n Floby. Sj\u00e4lvklart kunde jag inte h\u00e5lla mig, s\u00e5 jag tog en cykeltur och kikade lite. Bild 10-12: Kulturkalaset\u2026","rel":"","context":"I \u201dVardagsliv\u201d","block_context":{"text":"Vardagsliv","link":"https:\/\/blogg.fumei.se\/?cat=47"},"img":{"alt_text":"","src":"https:\/\/i0.wp.com\/blogg.fumei.se\/wp-content\/uploads\/2012\/08\/sommar1.jpg?resize=350%2C200","width":350,"height":200},"classes":[]},{"id":4704,"url":"https:\/\/blogg.fumei.se\/?p=4704","url_meta":{"origin":4557,"position":3},"title":"Jul, jul, strilande jul","author":"M :)","date":"2020-01-01","format":false,"excerpt":"Nix, jag har inte skrivit fel i rubriken. Denna jul, ja praktiskt taget hela december, har varit den regnigaste p\u00e5 s\u00e5 l\u00e4nge jag kan minnas. men det g\u00f6r inget, vi har firat jul och haft det trevligt och bra \u00e4nd\u00e5! Robin var h\u00e4r, vilket var v\u00e4ldigt trevligt, jag tr\u00e4ffar ju\u2026","rel":"","context":"I \u201dFamiljen\u201d","block_context":{"text":"Familjen","link":"https:\/\/blogg.fumei.se\/?cat=34"},"img":{"alt_text":"","src":"https:\/\/i0.wp.com\/blogg.fumei.se\/wp-content\/uploads\/2020\/01\/20191224_002640.jpg?resize=350%2C200","width":350,"height":200},"classes":[]},{"id":258,"url":"https:\/\/blogg.fumei.se\/?p=258","url_meta":{"origin":4557,"position":4},"title":"Bokrecension: &#8221;The Winter Ghosts&#8221;","author":"EmEff","date":"2010-03-31","format":false,"excerpt":"Oj oj oj, det var nog den l\u00e4ngsta tid jag tagit p\u00e5 mig att l\u00e4sa en novell. F\u00f6r det \u00e4r en novell. N\u00e4r jag f\u00f6rst h\u00e4mtade ut boken p\u00e5 biblioteket\u00a0myste jag \u00f6ver det fina omslaget och att ha en ny Mosse i min hand, men n\u00e4r jag \u00f6ppnade den och\u2026","rel":"","context":"I \u201dB\u00f6cker och l\u00e4sning\u201d","block_context":{"text":"B\u00f6cker och l\u00e4sning","link":"https:\/\/blogg.fumei.se\/?cat=29"},"img":{"alt_text":"","src":"","width":0,"height":0},"classes":[]},{"id":96,"url":"https:\/\/blogg.fumei.se\/?p=96","url_meta":{"origin":4557,"position":5},"title":"30-dagarslista; Dag 29","author":"M :)","date":"2011-02-01","format":false,"excerpt":"Dag 29: En bild som alltid f\u00e5r dig att le. \u00a0 Lyckliga barn smaskar p\u00e5 pannkakor med sylt och gr\u00e4dde efter en heldag med Junibacken och Skansen. Efter fikat styrde vi kosan mot gr\u00f6na Lund, men det var en liten besvikelse, vi som var vana vid det m\u00e4ktiga Liseberg! \u00a0\u2026","rel":"","context":"I \u201dVardagsliv\u201d","block_context":{"text":"Vardagsliv","link":"https:\/\/blogg.fumei.se\/?cat=47"},"img":{"alt_text":"","src":"","width":0,"height":0},"classes":[]}],"_links":{"self":[{"href":"https:\/\/blogg.fumei.se\/index.php?rest_route=\/wp\/v2\/posts\/4557","targetHints":{"allow":["GET"]}}],"collection":[{"href":"https:\/\/blogg.fumei.se\/index.php?rest_route=\/wp\/v2\/posts"}],"about":[{"href":"https:\/\/blogg.fumei.se\/index.php?rest_route=\/wp\/v2\/types\/post"}],"author":[{"embeddable":true,"href":"https:\/\/blogg.fumei.se\/index.php?rest_route=\/wp\/v2\/users\/1"}],"replies":[{"embeddable":true,"href":"https:\/\/blogg.fumei.se\/index.php?rest_route=%2Fwp%2Fv2%2Fcomments&post=4557"}],"version-history":[{"count":2,"href":"https:\/\/blogg.fumei.se\/index.php?rest_route=\/wp\/v2\/posts\/4557\/revisions"}],"predecessor-version":[{"id":4563,"href":"https:\/\/blogg.fumei.se\/index.php?rest_route=\/wp\/v2\/posts\/4557\/revisions\/4563"}],"wp:attachment":[{"href":"https:\/\/blogg.fumei.se\/index.php?rest_route=%2Fwp%2Fv2%2Fmedia&parent=4557"}],"wp:term":[{"taxonomy":"category","embeddable":true,"href":"https:\/\/blogg.fumei.se\/index.php?rest_route=%2Fwp%2Fv2%2Fcategories&post=4557"},{"taxonomy":"post_tag","embeddable":true,"href":"https:\/\/blogg.fumei.se\/index.php?rest_route=%2Fwp%2Fv2%2Ftags&post=4557"}],"curies":[{"name":"wp","href":"https:\/\/api.w.org\/{rel}","templated":true}]}}