{"id":4569,"date":"2018-08-23T00:01:13","date_gmt":"2018-08-22T22:01:13","guid":{"rendered":"http:\/\/blogg.fumei.se\/?p=4569"},"modified":"2018-08-22T22:35:00","modified_gmt":"2018-08-22T20:35:00","slug":"fira-frida","status":"publish","type":"post","link":"https:\/\/blogg.fumei.se\/?p=4569","title":{"rendered":"Fira Frida"},"content":{"rendered":"<p>F\u00f6delsedag i familjen Andersson, den h\u00e4r g\u00e5ngen \u00e4r det Frida som fyller \u00e5r! Det \u00e4r n\u00e5gra \u00e5r sen hon st\u00e4llde upp p\u00e5 bilder som de h\u00e4r \ud83d\ude42<\/p>\n<p><a href=\"https:\/\/i0.wp.com\/blogg.fumei.se\/wp-content\/uploads\/2018\/08\/Frida16-emeff2018.png?ssl=1\"><img data-recalc-dims=\"1\" loading=\"lazy\" decoding=\"async\" data-attachment-id=\"4570\" data-permalink=\"https:\/\/blogg.fumei.se\/?attachment_id=4570\" data-orig-file=\"https:\/\/i0.wp.com\/blogg.fumei.se\/wp-content\/uploads\/2018\/08\/Frida16-emeff2018.png?fit=610%2C406&amp;ssl=1\" data-orig-size=\"610,406\" data-comments-opened=\"1\" data-image-meta=\"{&quot;aperture&quot;:&quot;0&quot;,&quot;credit&quot;:&quot;&quot;,&quot;camera&quot;:&quot;&quot;,&quot;caption&quot;:&quot;&quot;,&quot;created_timestamp&quot;:&quot;0&quot;,&quot;copyright&quot;:&quot;&quot;,&quot;focal_length&quot;:&quot;0&quot;,&quot;iso&quot;:&quot;0&quot;,&quot;shutter_speed&quot;:&quot;0&quot;,&quot;title&quot;:&quot;&quot;,&quot;orientation&quot;:&quot;0&quot;}\" data-image-title=\"Frida16-emeff2018\" data-image-description=\"\" data-image-caption=\"\" data-large-file=\"https:\/\/i0.wp.com\/blogg.fumei.se\/wp-content\/uploads\/2018\/08\/Frida16-emeff2018.png?fit=610%2C406&amp;ssl=1\" class=\"aligncenter size-full wp-image-4570\" src=\"https:\/\/i0.wp.com\/blogg.fumei.se\/wp-content\/uploads\/2018\/08\/Frida16-emeff2018.png?resize=610%2C406&#038;ssl=1\" alt=\"\" width=\"610\" height=\"406\" srcset=\"https:\/\/i0.wp.com\/blogg.fumei.se\/wp-content\/uploads\/2018\/08\/Frida16-emeff2018.png?w=610&amp;ssl=1 610w, https:\/\/i0.wp.com\/blogg.fumei.se\/wp-content\/uploads\/2018\/08\/Frida16-emeff2018.png?resize=300%2C200&amp;ssl=1 300w\" sizes=\"auto, (max-width: 610px) 100vw, 610px\" \/><\/a><\/p>\n<h1 style=\"text-align: center;\"><strong><span style=\"color: #3366ff;\">GRATTIS!<\/span><\/strong><\/h1>\n<p style=\"text-align: center;\"><strong><span style=\"color: #3366ff;\">\u00f6nskar<\/span><\/strong><\/p>\n<h3 style=\"text-align: center;\"><strong><span style=\"color: #3366ff;\">moster<\/span><\/strong><br \/>\n<strong><span style=\"color: #3366ff;\">Robin<\/span><\/strong><br \/>\n<strong><span style=\"color: #3366ff;\">Fia, Linus &amp;Juliah<\/span><\/strong><br \/>\n<strong><span style=\"color: #3366ff;\">mormor Lis<\/span><\/strong><br \/>\n<strong><span style=\"color: #3366ff;\">Roberto &amp; Isabella<\/span><\/strong><br \/>\n<strong><span style=\"color: #3366ff;\">Silvio, Lovisa &amp; Victor<\/span><\/strong><\/h3>\n","protected":false},"excerpt":{"rendered":"<p>F\u00f6delsedag i familjen Andersson, den h\u00e4r g\u00e5ngen \u00e4r det Frida som fyller \u00e5r! Det \u00e4r n\u00e5gra \u00e5r sen hon st\u00e4llde upp p\u00e5 bilder som de h\u00e4r \ud83d\ude42 GRATTIS! \u00f6nskar moster Robin Fia, Linus &amp;Juliah mormor Lis Roberto &amp; Isabella Silvio, Lovisa &amp; Victor<\/p>\n","protected":false},"author":1,"featured_media":0,"comment_status":"open","ping_status":"open","sticky":false,"template":"","format":"standard","meta":{"jetpack_post_was_ever_published":false,"_jetpack_newsletter_access":"","_jetpack_dont_email_post_to_subs":false,"_jetpack_newsletter_tier_id":0,"_jetpack_memberships_contains_paywalled_content":false,"_jetpack_memberships_contains_paid_content":false,"footnotes":"","jetpack_publicize_message":"Fira Frida","jetpack_publicize_feature_enabled":true,"jetpack_social_post_already_shared":true,"jetpack_social_options":{"image_generator_settings":{"template":"highway","default_image_id":0,"font":"","enabled":false},"version":2}},"categories":[34,47],"tags":[220,106,298],"class_list":["post-4569","post","type-post","status-publish","format-standard","hentry","category-familjen","category-vardagsliv","tag-fira","tag-fodelsedag","tag-grattis"],"jetpack_publicize_connections":[],"jetpack_featured_media_url":"","jetpack_shortlink":"https:\/\/wp.me\/p3qko4-1bH","jetpack_sharing_enabled":true,"jetpack_likes_enabled":true,"jetpack-related-posts":[{"id":4528,"url":"https:\/\/blogg.fumei.se\/?p=4528","url_meta":{"origin":4569,"position":0},"title":"Hur gick det d\u00e4r till?","author":"M :)","date":"2018-05-21","format":false,"excerpt":"Fia fyller 25 idag! Hur \u00e4r det ens m\u00f6jligt? Jag \u00e4r ju bara 27 fortfarande... Sk\u00e4mt \u00e5sido, jag kunde inte \u00f6nska mig en finare, go'are, rarare, sn\u00e4llare och b\u00e4ttre dotter \u00e4n dig! Jag \u00f6nskar att du f\u00e5r en underbar f\u00f6delsedag! Jag \u00e4lskar dig! GRATTIS! \u00f6nskar mamma Robin mormor Roberto &\u2026","rel":"","context":"I \u201dFamiljen\u201d","block_context":{"text":"Familjen","link":"https:\/\/blogg.fumei.se\/?cat=34"},"img":{"alt_text":"","src":"https:\/\/i0.wp.com\/blogg.fumei.se\/wp-content\/uploads\/2018\/05\/Fia25-emeff2018.png?resize=350%2C200","width":350,"height":200,"srcset":"https:\/\/i0.wp.com\/blogg.fumei.se\/wp-content\/uploads\/2018\/05\/Fia25-emeff2018.png?resize=350%2C200 1x, https:\/\/i0.wp.com\/blogg.fumei.se\/wp-content\/uploads\/2018\/05\/Fia25-emeff2018.png?resize=525%2C300 1.5x"},"classes":[]},{"id":4525,"url":"https:\/\/blogg.fumei.se\/?p=4525","url_meta":{"origin":4569,"position":1},"title":"Mammas p\u00f4jk!","author":"M :)","date":"2018-04-25","format":false,"excerpt":"Idag fyller Robin \u00e5r! Hipp hurra!! GRATTIS! \u00f6nskar mamma Fia, Linus & Juliah mormor Berto & Bella Silvio, Lovisa & Victor Ilse, Magnus, Frida & Tyra","rel":"","context":"I \u201dFamiljen\u201d","block_context":{"text":"Familjen","link":"https:\/\/blogg.fumei.se\/?cat=34"},"img":{"alt_text":"","src":"https:\/\/i0.wp.com\/blogg.fumei.se\/wp-content\/uploads\/2018\/04\/Robin21-emeff2018.png?resize=350%2C200","width":350,"height":200,"srcset":"https:\/\/i0.wp.com\/blogg.fumei.se\/wp-content\/uploads\/2018\/04\/Robin21-emeff2018.png?resize=350%2C200 1x, https:\/\/i0.wp.com\/blogg.fumei.se\/wp-content\/uploads\/2018\/04\/Robin21-emeff2018.png?resize=525%2C300 1.5x"},"classes":[]},{"id":4519,"url":"https:\/\/blogg.fumei.se\/?p=4519","url_meta":{"origin":4569,"position":2},"title":"Grattis lilla mamma!","author":"M :)","date":"2018-04-15","format":false,"excerpt":"Idag hurrar vi f\u00f6r v\u00e4rldens b\u00e4sta mamma som fyller 81 \u00e5r! GRATTIS! \u00f6nskar Marcella Sophia, Linus & Juliah Robin Roberto & Isabella Silvio Lovisa & Victor Ilse Magnus, Frida & Tyra Vi s\u00e4nder ocks\u00e5 en tanke till pappsen som firar n\u00e5gon annanstans\u00a0\u2764","rel":"","context":"I \u201dFamiljen\u201d","block_context":{"text":"Familjen","link":"https:\/\/blogg.fumei.se\/?cat=34"},"img":{"alt_text":"","src":"https:\/\/i0.wp.com\/blogg.fumei.se\/wp-content\/uploads\/2018\/04\/mamma81blog-emeff2018.png?resize=350%2C200","width":350,"height":200,"srcset":"https:\/\/i0.wp.com\/blogg.fumei.se\/wp-content\/uploads\/2018\/04\/mamma81blog-emeff2018.png?resize=350%2C200 1x, https:\/\/i0.wp.com\/blogg.fumei.se\/wp-content\/uploads\/2018\/04\/mamma81blog-emeff2018.png?resize=525%2C300 1.5x"},"classes":[]},{"id":2741,"url":"https:\/\/blogg.fumei.se\/?p=2741","url_meta":{"origin":4569,"position":3},"title":"F\u00f6delsedagsdags!","author":"M :)","date":"2012-08-23","format":false,"excerpt":"Idag \u00e4r det 10 \u00e5r sedan min \u00e4ldsta systerdotter Frida f\u00f6ddes, s\u00e5 idag hurrar vi f\u00f6r henne! Hipp hurra! GRATTIS \u00f6nskar moster, Fia, Robin, Jorge och Stella","rel":"","context":"I \u201dFamiljen\u201d","block_context":{"text":"Familjen","link":"https:\/\/blogg.fumei.se\/?cat=34"},"img":{"alt_text":"","src":"https:\/\/i0.wp.com\/blogg.fumei.se\/wp-content\/uploads\/2012\/08\/Frida10-emeff2012.png?resize=350%2C200","width":350,"height":200,"srcset":"https:\/\/i0.wp.com\/blogg.fumei.se\/wp-content\/uploads\/2012\/08\/Frida10-emeff2012.png?resize=350%2C200 1x, https:\/\/i0.wp.com\/blogg.fumei.se\/wp-content\/uploads\/2012\/08\/Frida10-emeff2012.png?resize=525%2C300 1.5x"},"classes":[]},{"id":4515,"url":"https:\/\/blogg.fumei.se\/?p=4515","url_meta":{"origin":4569,"position":4},"title":"Mormors tjej fyller \u00e5r","author":"M :)","date":"2018-03-15","format":false,"excerpt":"Idag fyller Juliah 4 \u00e5r! Vart tar tiden v\u00e4gen? Det k\u00e4nns som om det var nyss du l\u00e5g i din mammas mage, fast nu \u00e4r det en lillebror eller lillasyster som ligger d\u00e4r. GRATTIS! \u00f6nskar mormor nonna mamma & pappa Robin Berto & Bella Silvio, Lovisa & Victor \u00a0Ilse &\u2026","rel":"","context":"I \u201dFamiljen\u201d","block_context":{"text":"Familjen","link":"https:\/\/blogg.fumei.se\/?cat=34"},"img":{"alt_text":"","src":"https:\/\/i0.wp.com\/blogg.fumei.se\/wp-content\/uploads\/2018\/03\/Juliah4-emeff2018.png?resize=350%2C200","width":350,"height":200,"srcset":"https:\/\/i0.wp.com\/blogg.fumei.se\/wp-content\/uploads\/2018\/03\/Juliah4-emeff2018.png?resize=350%2C200 1x, https:\/\/i0.wp.com\/blogg.fumei.se\/wp-content\/uploads\/2018\/03\/Juliah4-emeff2018.png?resize=525%2C300 1.5x"},"classes":[]},{"id":4507,"url":"https:\/\/blogg.fumei.se\/?p=4507","url_meta":{"origin":4569,"position":5},"title":"Grattis Bella!","author":"M :)","date":"2018-03-13","format":false,"excerpt":"Idag fyller \u00e4ldsta brorsdottern myndig. Vi hurrar och gratulerar f\u00f6r dig idag! GRATTIS \u00f6nskar pappa farmor faster Fia, Linus, Juliah Robin Silvio Lovisa & Victor Ilse & Magnus Frida & Tyra","rel":"","context":"I \u201dFamiljen\u201d","block_context":{"text":"Familjen","link":"https:\/\/blogg.fumei.se\/?cat=34"},"img":{"alt_text":"","src":"https:\/\/i0.wp.com\/blogg.fumei.se\/wp-content\/uploads\/2018\/03\/Bella18-emeff2018.png?resize=350%2C200","width":350,"height":200,"srcset":"https:\/\/i0.wp.com\/blogg.fumei.se\/wp-content\/uploads\/2018\/03\/Bella18-emeff2018.png?resize=350%2C200 1x, https:\/\/i0.wp.com\/blogg.fumei.se\/wp-content\/uploads\/2018\/03\/Bella18-emeff2018.png?resize=525%2C300 1.5x"},"classes":[]}],"_links":{"self":[{"href":"https:\/\/blogg.fumei.se\/index.php?rest_route=\/wp\/v2\/posts\/4569","targetHints":{"allow":["GET"]}}],"collection":[{"href":"https:\/\/blogg.fumei.se\/index.php?rest_route=\/wp\/v2\/posts"}],"about":[{"href":"https:\/\/blogg.fumei.se\/index.php?rest_route=\/wp\/v2\/types\/post"}],"author":[{"embeddable":true,"href":"https:\/\/blogg.fumei.se\/index.php?rest_route=\/wp\/v2\/users\/1"}],"replies":[{"embeddable":true,"href":"https:\/\/blogg.fumei.se\/index.php?rest_route=%2Fwp%2Fv2%2Fcomments&post=4569"}],"version-history":[{"count":1,"href":"https:\/\/blogg.fumei.se\/index.php?rest_route=\/wp\/v2\/posts\/4569\/revisions"}],"predecessor-version":[{"id":4571,"href":"https:\/\/blogg.fumei.se\/index.php?rest_route=\/wp\/v2\/posts\/4569\/revisions\/4571"}],"wp:attachment":[{"href":"https:\/\/blogg.fumei.se\/index.php?rest_route=%2Fwp%2Fv2%2Fmedia&parent=4569"}],"wp:term":[{"taxonomy":"category","embeddable":true,"href":"https:\/\/blogg.fumei.se\/index.php?rest_route=%2Fwp%2Fv2%2Fcategories&post=4569"},{"taxonomy":"post_tag","embeddable":true,"href":"https:\/\/blogg.fumei.se\/index.php?rest_route=%2Fwp%2Fv2%2Ftags&post=4569"}],"curies":[{"name":"wp","href":"https:\/\/api.w.org\/{rel}","templated":true}]}}