{"id":4579,"date":"2017-11-11T19:31:29","date_gmt":"2017-11-11T18:31:29","guid":{"rendered":"http:\/\/blogg.fumei.se\/?p=4579"},"modified":"2024-04-01T19:28:10","modified_gmt":"2024-04-01T17:28:10","slug":"stadsvandring","status":"publish","type":"post","link":"https:\/\/blogg.fumei.se\/?p=4579","title":{"rendered":"Stadsvandring"},"content":{"rendered":"<p>Idag har jag varit p\u00e5 stadsvandring med spr\u00e5kgruppen. En av kvinnorna i gruppen k\u00e4nner en kvinna som brukar guida p\u00e5 stadsvandringar, och hon st\u00e4llde upp och vtog med oss p\u00e5 enlite modifierad runda. Den blev lite kortare och lite f\u00f6renklad mot vad turerna brukar vara, f\u00f6r att v\u00e5ra nyanl\u00e4nda spr\u00e5kv\u00e4nner skulle kunna h\u00e4nga med.<\/p>\n<p>Vi b\u00f6rjade p\u00e5 Gustav Adolfs torg, d\u00e4r hon ber\u00e4ttade en hel del om G\u00f6teborg f\u00f6rr i tiden fram till nu, och s\u00e5 visade hon hur torget \u00e4r utformat som en karta \u00f6ver det gamla G\u00f6teborg.<\/p>\n<p><a href=\"https:\/\/i0.wp.com\/blogg.fumei.se\/wp-content\/uploads\/2018\/10\/ladda-ned.jpg?ssl=1\"><img data-recalc-dims=\"1\" loading=\"lazy\" decoding=\"async\" data-attachment-id=\"4580\" data-permalink=\"https:\/\/blogg.fumei.se\/?attachment_id=4580\" data-orig-file=\"https:\/\/i0.wp.com\/blogg.fumei.se\/wp-content\/uploads\/2018\/10\/ladda-ned.jpg?fit=369%2C137&amp;ssl=1\" data-orig-size=\"369,137\" data-comments-opened=\"1\" data-image-meta=\"{&quot;aperture&quot;:&quot;0&quot;,&quot;credit&quot;:&quot;&quot;,&quot;camera&quot;:&quot;&quot;,&quot;caption&quot;:&quot;&quot;,&quot;created_timestamp&quot;:&quot;0&quot;,&quot;copyright&quot;:&quot;&quot;,&quot;focal_length&quot;:&quot;0&quot;,&quot;iso&quot;:&quot;0&quot;,&quot;shutter_speed&quot;:&quot;0&quot;,&quot;title&quot;:&quot;&quot;,&quot;orientation&quot;:&quot;0&quot;}\" data-image-title=\"ladda ned\" data-image-description=\"\" data-image-caption=\"\" data-large-file=\"https:\/\/i0.wp.com\/blogg.fumei.se\/wp-content\/uploads\/2018\/10\/ladda-ned.jpg?fit=369%2C137&amp;ssl=1\" class=\"aligncenter size-full wp-image-4580\" src=\"https:\/\/i0.wp.com\/blogg.fumei.se\/wp-content\/uploads\/2018\/10\/ladda-ned.jpg?resize=369%2C137&#038;ssl=1\" alt=\"\" width=\"369\" height=\"137\" srcset=\"https:\/\/i0.wp.com\/blogg.fumei.se\/wp-content\/uploads\/2018\/10\/ladda-ned.jpg?w=369&amp;ssl=1 369w, https:\/\/i0.wp.com\/blogg.fumei.se\/wp-content\/uploads\/2018\/10\/ladda-ned.jpg?resize=300%2C111&amp;ssl=1 300w\" sizes=\"auto, (max-width: 369px) 100vw, 369px\" \/><\/a><\/p>\n<p>Sedan gick vi runt torget, upp mot och in till Kronhuset f\u00f6r att slutligen hamna vid Tyska Kyrkan, eller Christinae kyrka som den egentligen heter.<br \/>\nDet var kallt men soligt, och efter den fina och intressanta rundturen gick vi (n\u00e4stan) allihop och v\u00e4rmde oss med fika.<\/p>\n<p><a href=\"https:\/\/i0.wp.com\/blogg.fumei.se\/wp-content\/uploads\/2018\/10\/20171111_121557.jpg?ssl=1\"><img data-recalc-dims=\"1\" loading=\"lazy\" decoding=\"async\" data-attachment-id=\"4581\" data-permalink=\"https:\/\/blogg.fumei.se\/?attachment_id=4581\" data-orig-file=\"https:\/\/i0.wp.com\/blogg.fumei.se\/wp-content\/uploads\/2018\/10\/20171111_121557.jpg?fit=1024%2C768&amp;ssl=1\" data-orig-size=\"1024,768\" data-comments-opened=\"1\" data-image-meta=\"{&quot;aperture&quot;:&quot;1.7&quot;,&quot;credit&quot;:&quot;&quot;,&quot;camera&quot;:&quot;SM-G930F&quot;,&quot;caption&quot;:&quot;&quot;,&quot;created_timestamp&quot;:&quot;1510402557&quot;,&quot;copyright&quot;:&quot;&quot;,&quot;focal_length&quot;:&quot;4.2&quot;,&quot;iso&quot;:&quot;50&quot;,&quot;shutter_speed&quot;:&quot;0.001497005988024&quot;,&quot;title&quot;:&quot;&quot;,&quot;orientation&quot;:&quot;1&quot;}\" data-image-title=\"20171111_121557\" data-image-description=\"\" data-image-caption=\"\" data-large-file=\"https:\/\/i0.wp.com\/blogg.fumei.se\/wp-content\/uploads\/2018\/10\/20171111_121557.jpg?fit=640%2C480&amp;ssl=1\" class=\"size-large wp-image-4581 aligncenter\" src=\"https:\/\/i0.wp.com\/blogg.fumei.se\/wp-content\/uploads\/2018\/10\/20171111_121557.jpg?resize=640%2C480&#038;ssl=1\" alt=\"\" width=\"640\" height=\"480\" srcset=\"https:\/\/i0.wp.com\/blogg.fumei.se\/wp-content\/uploads\/2018\/10\/20171111_121557.jpg?resize=650%2C488&amp;ssl=1 650w, https:\/\/i0.wp.com\/blogg.fumei.se\/wp-content\/uploads\/2018\/10\/20171111_121557.jpg?resize=300%2C225&amp;ssl=1 300w, https:\/\/i0.wp.com\/blogg.fumei.se\/wp-content\/uploads\/2018\/10\/20171111_121557.jpg?resize=768%2C576&amp;ssl=1 768w, https:\/\/i0.wp.com\/blogg.fumei.se\/wp-content\/uploads\/2018\/10\/20171111_121557.jpg?w=1024&amp;ssl=1 1024w\" sizes=\"auto, (max-width: 640px) 100vw, 640px\" \/><\/a><\/p>\n","protected":false},"excerpt":{"rendered":"<p>Idag har jag varit p\u00e5 stadsvandring med spr\u00e5kgruppen. En av kvinnorna i gruppen k\u00e4nner en kvinna som brukar guida p\u00e5 stadsvandringar, och hon st\u00e4llde upp och vtog med oss p\u00e5 enlite modifierad runda. Den blev lite kortare och lite f\u00f6renklad mot vad turerna brukar vara, f\u00f6r att v\u00e5ra nyanl\u00e4nda spr\u00e5kv\u00e4nner skulle kunna h\u00e4nga med. Vi&#8230;<\/p>\n","protected":false},"author":1,"featured_media":0,"comment_status":"open","ping_status":"open","sticky":false,"template":"","format":"standard","meta":{"jetpack_post_was_ever_published":false,"_jetpack_newsletter_access":"","_jetpack_dont_email_post_to_subs":false,"_jetpack_newsletter_tier_id":0,"_jetpack_memberships_contains_paywalled_content":false,"_jetpack_memberships_contains_paid_content":false,"footnotes":"","jetpack_publicize_message":"","jetpack_publicize_feature_enabled":true,"jetpack_social_post_already_shared":true,"jetpack_social_options":{"image_generator_settings":{"template":"highway","default_image_id":0,"font":"","enabled":false},"version":2}},"categories":[47],"tags":[129,578,576],"class_list":["post-4579","post","type-post","status-publish","format-standard","hentry","category-vardagsliv","tag-promenad","tag-sprakvanner","tag-stadsvandring"],"jetpack_publicize_connections":[],"jetpack_featured_media_url":"","jetpack_shortlink":"https:\/\/wp.me\/p3qko4-1bR","jetpack_sharing_enabled":true,"jetpack_likes_enabled":true,"jetpack-related-posts":[{"id":3976,"url":"https:\/\/blogg.fumei.se\/?p=3976","url_meta":{"origin":4579,"position":0},"title":"Promenadloppis","author":"M :)","date":"2016-08-27","format":false,"excerpt":"Idag var det loppis i Utby h\u00e4r i G\u00f6teborg. Det var tredje \u00e5ret (tror jag) som det anordnades. Det \u00e4r helt enkelt alla (eller v\u00e4ldigt m\u00e5nga i alla fall) som bor i Utby som rensar i sina garage och k\u00e4llare och f\u00f6rr\u00e5d, och s\u00e5 s\u00e4ljer de det p\u00e5 loppisen. Alla\u2026","rel":"","context":"I \u201dVardagsliv\u201d","block_context":{"text":"Vardagsliv","link":"https:\/\/blogg.fumei.se\/?cat=47"},"img":{"alt_text":"","src":"https:\/\/i0.wp.com\/blogg.fumei.se\/wp-content\/uploads\/2016\/08\/20161218_132336-487x650.jpg?resize=350%2C200","width":350,"height":200},"classes":[]},{"id":715,"url":"https:\/\/blogg.fumei.se\/?p=715","url_meta":{"origin":4579,"position":1},"title":"Snart \u00e4r glada julen slut, slut, slut&#8230;","author":"M :)","date":"2008-12-26","format":false,"excerpt":"...bara n\u00e5gra f\u00e5 timmar kvar av sj\u00e4lva julen. Men det g\u00f6r inget, jag brukar oftast vara tr\u00f6tt p\u00e5 julen redan innan den b\u00f6rjat. Mest f\u00f6r att det \u00e4r s\u00e5nt tjat och s\u00e5n hysteri kring allting som har med julen att g\u00f6ra, helst i flera m\u00e5nader i f\u00f6rv\u00e4g. Snart \u00e4r det\u2026","rel":"","context":"I \u201dVardagsliv\u201d","block_context":{"text":"Vardagsliv","link":"https:\/\/blogg.fumei.se\/?cat=47"},"img":{"alt_text":"","src":"","width":0,"height":0},"classes":[]},{"id":486,"url":"https:\/\/blogg.fumei.se\/?p=486","url_meta":{"origin":4579,"position":2},"title":"S\u00f6ndag","author":"M :)","date":"2008-08-17","format":false,"excerpt":"Idag \u00e4r det dags f\u00f6r \u00e5rets husm\u00f6te. Jag bor i ett ganska litet hyreshus, en stor villa omgjord till 3 l\u00e4genheter, s\u00e5 en g\u00e5ng om \u00e5ret har vi husm\u00f6te, vi som bor h\u00e4r tillsammans med de som \u00e4ger huset. De brukar informera om st\u00f6rre saker som ska g\u00f6ras eller \u00e4ndras\u2026","rel":"","context":"I \u201dVardagsliv\u201d","block_context":{"text":"Vardagsliv","link":"https:\/\/blogg.fumei.se\/?cat=47"},"img":{"alt_text":"","src":"","width":0,"height":0},"classes":[]},{"id":2999,"url":"https:\/\/blogg.fumei.se\/?p=2999","url_meta":{"origin":4579,"position":3},"title":"Up, up and away","author":"M :)","date":"2013-07-03","format":false,"excerpt":"Jaha, sova mer \u00e4n ett par timmar gick ju inte den h\u00e4r natten heller, fast nu var det v\u00e4l lika delar resfeber och det gamla vanliga. I vilket fall som helst s\u00e5 vaknade jag skittidigt och gick \u00e4nnu en g\u00e5ng igenom min packning. N\u00e4r jag ans\u00e5g att jag var n\u00f6jd\u2026","rel":"","context":"I \u201dVardagsliv\u201d","block_context":{"text":"Vardagsliv","link":"https:\/\/blogg.fumei.se\/?cat=47"},"img":{"alt_text":"","src":"","width":0,"height":0},"classes":[]},{"id":2461,"url":"https:\/\/blogg.fumei.se\/?p=2461","url_meta":{"origin":4579,"position":4},"title":"Rom 2012; dag 1","author":"M :)","date":"2012-07-28","format":false,"excerpt":"\u00c4ntligen var det dags f\u00f6r oss att \u00e5ka! Som jag l\u00e4ngtat. \u00c4nda sedan jag var liten har jag ju velat \u00e5ka till Rom, men med en pappa som n\u00f6jde sig med att landa hos farmor varje sommar som vi bilade ner i min barndom, och med en r\u00e4tt begr\u00e4nsad budget\u2026","rel":"","context":"I \u201dVardagsliv\u201d","block_context":{"text":"Vardagsliv","link":"https:\/\/blogg.fumei.se\/?cat=47"},"img":{"alt_text":"","src":"https:\/\/i0.wp.com\/blogg.fumei.se\/wp-content\/uploads\/2012\/07\/13.jpg?resize=350%2C200","width":350,"height":200},"classes":[]},{"id":3176,"url":"https:\/\/blogg.fumei.se\/?p=3176","url_meta":{"origin":4579,"position":5},"title":"Ist\u00e4llet f\u00f6r kalas","author":"M :)","date":"2014-01-18","format":false,"excerpt":"Ig\u00e5r fyllde jag \u00e5r. Det hade jag t\u00e4nkt fira med att ta en riktigt l\u00e5ng sovmorgon, minst till halv tio. Men n\u00e4h\u00e4d\u00e5, vaknade som vanligt schettidigt och kunde inte somna om, s\u00e5 efter n\u00e5gra varv i s\u00e4ngen gick jag upp och pysslade lite h\u00e4r hemma ist\u00e4llet. P\u00e5 eftermiddagen traskade jag\u2026","rel":"","context":"I \u201dVardagsliv\u201d","block_context":{"text":"Vardagsliv","link":"https:\/\/blogg.fumei.se\/?cat=47"},"img":{"alt_text":"keepcalmmybday","src":"https:\/\/i0.wp.com\/blogg.fumei.se\/wp-content\/uploads\/2014\/01\/keepcalmmybday.png?resize=350%2C200","width":350,"height":200,"srcset":"https:\/\/i0.wp.com\/blogg.fumei.se\/wp-content\/uploads\/2014\/01\/keepcalmmybday.png?resize=350%2C200 1x, https:\/\/i0.wp.com\/blogg.fumei.se\/wp-content\/uploads\/2014\/01\/keepcalmmybday.png?resize=525%2C300 1.5x"},"classes":[]}],"_links":{"self":[{"href":"https:\/\/blogg.fumei.se\/index.php?rest_route=\/wp\/v2\/posts\/4579","targetHints":{"allow":["GET"]}}],"collection":[{"href":"https:\/\/blogg.fumei.se\/index.php?rest_route=\/wp\/v2\/posts"}],"about":[{"href":"https:\/\/blogg.fumei.se\/index.php?rest_route=\/wp\/v2\/types\/post"}],"author":[{"embeddable":true,"href":"https:\/\/blogg.fumei.se\/index.php?rest_route=\/wp\/v2\/users\/1"}],"replies":[{"embeddable":true,"href":"https:\/\/blogg.fumei.se\/index.php?rest_route=%2Fwp%2Fv2%2Fcomments&post=4579"}],"version-history":[{"count":1,"href":"https:\/\/blogg.fumei.se\/index.php?rest_route=\/wp\/v2\/posts\/4579\/revisions"}],"predecessor-version":[{"id":4582,"href":"https:\/\/blogg.fumei.se\/index.php?rest_route=\/wp\/v2\/posts\/4579\/revisions\/4582"}],"wp:attachment":[{"href":"https:\/\/blogg.fumei.se\/index.php?rest_route=%2Fwp%2Fv2%2Fmedia&parent=4579"}],"wp:term":[{"taxonomy":"category","embeddable":true,"href":"https:\/\/blogg.fumei.se\/index.php?rest_route=%2Fwp%2Fv2%2Fcategories&post=4579"},{"taxonomy":"post_tag","embeddable":true,"href":"https:\/\/blogg.fumei.se\/index.php?rest_route=%2Fwp%2Fv2%2Ftags&post=4579"}],"curies":[{"name":"wp","href":"https:\/\/api.w.org\/{rel}","templated":true}]}}